{"id":53488,"date":"2024-05-10T07:16:09","date_gmt":"2024-05-10T12:16:09","guid":{"rendered":"https:\/\/esreviral.com\/?p=53488"},"modified":"2024-05-10T07:16:10","modified_gmt":"2024-05-10T12:16:10","slug":"nuevos-cronogramas-para-los-servicios-especiales-del-tren-roca","status":"publish","type":"post","link":"https:\/\/esreviral.com\/?p=53488","title":{"rendered":"Nuevos cronogramas para los servicios especiales del tren Roca"},"content":{"rendered":"\n<p>El pasado mi\u00e9rcoles comenzaron las obras de reparaci\u00f3n del arco 21 del viaducto Barracas, lo que gener\u00f3 una reducci\u00f3n en la frecuencia de los servicios del<strong>&nbsp;tren Roca<\/strong>. Mientras se llevan adelante estos trabajos, considerados de car\u00e1cter urgente, se implement\u00f3 un&nbsp;<strong>sistema especial de colectivos<\/strong>&nbsp;para atender la demanda de los usuarios. Estos servicios especiales estar\u00e1n disponibles hasta que finalice la obra.<\/p>\n\n\n\n<p><strong><mark style=\"background-color:rgba(0, 0, 0, 0)\" class=\"has-inline-color has-vivid-red-color\">Nuevos horarios de los servicios especiales<\/mark><\/strong><\/p>\n\n\n\n<p>Desde este viernes 10 de mayo, un nuevo cronograma de horarios est\u00e1 en vigor para los servicios especiales de colectivos que refuerzan el trayecto entre&nbsp;<strong>Constituci\u00f3n&nbsp;<\/strong>y&nbsp;<strong>Temperley&nbsp;<\/strong>en ambos sentidos:<\/p>\n\n\n\n<ul class=\"wp-block-list\">\n<li><strong>De 6:00 a 10:00<\/strong><\/li>\n\n\n\n<li><strong>De 15:30 a 20:00<\/strong><\/li>\n<\/ul>\n\n\n\n<p><strong><mark style=\"background-color:rgba(0, 0, 0, 0)\" class=\"has-inline-color has-vivid-red-color\">Costo y formas de pago<\/mark><\/strong><\/p>\n\n\n\n<p>El costo de cada trayecto es de&nbsp;<strong>270 pesos<\/strong>&nbsp;y se abona con la&nbsp;<strong>tarjeta SUBE<\/strong>&nbsp;directamente en el colectivo. En los casos que corresponda, se aplicar\u00e1n los descuentos de la Tarifa Social y\/o el programa Red SUBE.<\/p>\n\n\n\n<p><strong><mark style=\"background-color:rgba(0, 0, 0, 0)\" class=\"has-inline-color has-vivid-red-color\">En qu\u00e9 horarios funcionan los autobuses especiales<\/mark><\/strong><\/p>\n\n\n\n<p>Los autobuses especiales, que unen Constituci\u00f3n \u2013 Temperley,\u00a0<strong>funcionan entre las 6 y las 10 de la ma\u00f1ana y desde las 15:30 a las 20<\/strong>, con paradas intermedias en las estaciones de Lan\u00fas, Lomas de Zamora y Banfield.<\/p>\n\n\n\n<figure class=\"wp-block-image size-large\"><img fetchpriority=\"high\" decoding=\"async\" width=\"1024\" height=\"576\" src=\"https:\/\/esreviral.com\/wp-content\/uploads\/2024\/05\/BRFT7YJ5G5GUJB4SQBZBUYXPQE-1024x576.webp\" alt=\"\" class=\"wp-image-53490\" srcset=\"https:\/\/esreviral.com\/wp-content\/uploads\/2024\/05\/BRFT7YJ5G5GUJB4SQBZBUYXPQE-1024x576.webp 1024w, https:\/\/esreviral.com\/wp-content\/uploads\/2024\/05\/BRFT7YJ5G5GUJB4SQBZBUYXPQE-300x169.webp 300w, https:\/\/esreviral.com\/wp-content\/uploads\/2024\/05\/BRFT7YJ5G5GUJB4SQBZBUYXPQE-768x432.webp 768w, https:\/\/esreviral.com\/wp-content\/uploads\/2024\/05\/BRFT7YJ5G5GUJB4SQBZBUYXPQE-750x422.webp 750w, https:\/\/esreviral.com\/wp-content\/uploads\/2024\/05\/BRFT7YJ5G5GUJB4SQBZBUYXPQE-1140x641.webp 1140w, https:\/\/esreviral.com\/wp-content\/uploads\/2024\/05\/BRFT7YJ5G5GUJB4SQBZBUYXPQE.webp 1440w\" sizes=\"(max-width: 1024px) 100vw, 1024px\" \/><\/figure>\n\n\n\n<p><strong><mark style=\"background-color:rgba(0, 0, 0, 0)\" class=\"has-inline-color has-vivid-red-color\">Los usuarios pueden utilizar este servicio en los siguientes puntos:<\/mark><\/strong><\/p>\n\n\n\n<p>\u2022&nbsp;<strong>Plaza Constituci\u00f3n:<\/strong><\/p>\n\n\n\n<ul class=\"wp-block-list\">\n<li><strong>Hacia Temperley:<\/strong>&nbsp;Av. Gral. Hornos 100<\/li>\n\n\n\n<li><strong>Descenso en Plaza Constituci\u00f3n:<\/strong>&nbsp;Bernardo de Irigoyen y Brasil<\/li>\n<\/ul>\n\n\n\n<p>\u2022&nbsp;<strong>Lan\u00fas:<\/strong><\/p>\n\n\n\n<ul class=\"wp-block-list\">\n<li><strong>Hacia Plaza Constituci\u00f3n:<\/strong>&nbsp;20 de Octubre y Av. Hip\u00f3lito Yrigoyen<\/li>\n\n\n\n<li><strong>Hacia Temperley:<\/strong>&nbsp;Av. 25 de Mayo y Av. Hip\u00f3lito Yrigoyen<\/li>\n<\/ul>\n\n\n\n<p>\u2022&nbsp;<strong>Banfield:<\/strong><\/p>\n\n\n\n<ul class=\"wp-block-list\">\n<li><strong>Hacia Plaza Constituci\u00f3n:<\/strong>&nbsp;Av. Alsina entre Cochabamba y Maip\u00fa<\/li>\n\n\n\n<li><strong>Hacia Temperley:<\/strong>&nbsp;Av. Alsina entre Maip\u00fa y Talcahuano<\/li>\n<\/ul>\n\n\n\n<p>\u2022&nbsp;<strong>Lomas de Zamora:<\/strong><\/p>\n\n\n\n<ul class=\"wp-block-list\">\n<li><strong>Hacia Plaza Constituci\u00f3n:<\/strong>&nbsp;Balcarce y Av. Alsina<\/li>\n\n\n\n<li><strong>Hacia Temperley:<\/strong>&nbsp;Sarand\u00ed y Av. Alsina<\/li>\n<\/ul>\n\n\n\n<p><strong>Temperley:<\/strong><\/p>\n\n\n\n<ul class=\"wp-block-list\">\n<li><strong>Hacia Plaza Constituci\u00f3n:<\/strong>&nbsp;Sta. Mar\u00eda de Oro y Cangallo<\/li>\n<\/ul>\n\n\n\n<p><strong><mark style=\"background-color:rgba(0, 0, 0, 0)\" class=\"has-inline-color has-vivid-red-color\">Alternativa en tren<\/mark><\/strong><\/p>\n\n\n\n<p><strong>A pesar de la reducci\u00f3n del 30% en la frecuencia de los trenes, los usuarios a\u00fan pueden optar por viajar en el servicio ferroviario<\/strong>, ya que no se interrumpi\u00f3 la operaci\u00f3n de ning\u00fan ramal de la l\u00ednea Roca.<\/p>\n\n\n\n<p><strong><mark style=\"background-color:rgba(0, 0, 0, 0)\" class=\"has-inline-color has-vivid-red-color\">Avance de las obras<\/mark><\/strong><\/p>\n\n\n\n<p>Desde la madrugada del mi\u00e9rcoles, Trenes Argentinos puso en marcha los trabajos de\u00a0<strong>renovaci\u00f3n del arco 21 del viaducto Barracas<\/strong>, ubicado en la calle California. El objetivo es recuperar la estructura del puente, que data de la d\u00e9cada de 1920, y\u00a0<strong>cuya reparaci\u00f3n se considera urgente debido al desgaste causado por el paso del tiempo y la circulaci\u00f3n constante de trenes<\/strong>.<\/p>\n\n\n\n<p class=\"has-text-align-right\"><strong><em>TN.-<\/em><\/strong><\/p>\n","protected":false},"excerpt":{"rendered":"<p>El servicio especial de colectivos funciona entre las 6 y las 10 de la ma\u00f1ana y desde las 15:30 a las 20.<\/p>\n","protected":false},"author":3,"featured_media":53489,"comment_status":"open","ping_status":"open","sticky":false,"template":"","format":"standard","meta":{"jnews-multi-image_gallery":[],"jnews_single_post":{"subtitle":"","format":"standard","video":"","gallery":"","source_name":"","source_url":"","via_name":"","via_url":"","override_template":"0","override":[{"template":"4","single_blog_custom":"","parallax":"1","fullscreen":"1","layout":"right-sidebar","sidebar":"default-sidebar","second_sidebar":"default-sidebar","sticky_sidebar":"1","share_position":"top","share_float_style":"share-monocrhome","show_share_counter":"1","show_view_counter":"1","show_featured":"1","show_post_meta":"1","show_post_author":"1","show_post_author_image":"1","show_post_date":"1","post_date_format":"default","post_date_format_custom":"Y\/m\/d","show_post_category":"1","show_post_reading_time":"1","post_reading_time_wpm":"300","show_zoom_button":"1","zoom_button_out_step":"2","zoom_button_in_step":"3","show_post_tag":"1","show_prev_next_post":"1","show_popup_post":"1","number_popup_post":"1","show_author_box":"1","show_post_related":"1","show_inline_post_related":"0"}],"override_image_size":"0","image_override":[{"single_post_thumbnail_size":"crop-500","single_post_gallery_size":"crop-500"}],"trending_post":"0","trending_post_position":"meta","trending_post_label":"Trending","sponsored_post":"0","sponsored_post_label":"Sponsored by","sponsored_post_name":"","sponsored_post_url":"","sponsored_post_logo_enable":"0","sponsored_post_logo":"","sponsored_post_desc":"","disable_ad":"0"},"jnews_primary_category":{"id":"","hide":""},"jnews_social_meta":{"fb_title":"","fb_description":"","fb_image":"","twitter_title":"","twitter_description":"","twitter_image":""},"jnews_review":[],"enable_review":"0","type":"percentage","name":"","summary":"","brand":"","sku":"","good":[{"good_text":""}],"bad":[{"bad_text":""}],"score_override":"","override_value":"","rating":[{"rating_text":"","rating_number":"10"}],"price":[{"shop":"","price":"","link":"","icon":""}],"jnews_override_counter":{"override_view_counter":"0","view_counter_number":"0","override_share_counter":"0","share_counter_number":"0","override_like_counter":"0","like_counter_number":"0","override_dislike_counter":"0","dislike_counter_number":"0"},"jnews_post_split":{"enable_post_split":"0","post_split":[{"template":"1","tag":"h2","numbering":"asc","mode":"normal","first":"0","enable_toc":"0","toc_type":"normal"}]},"footnotes":""},"categories":[58],"tags":[44,5632,15180,45,274,3820],"class_list":["post-53488","post","type-post","status-publish","format-standard","has-post-thumbnail","hentry","category-argentina","tag-argentina","tag-cronograma","tag-linea-roca","tag-noticias","tag-transporte-publico","tag-tren-roca"],"amp_enabled":true,"_links":{"self":[{"href":"https:\/\/esreviral.com\/index.php?rest_route=\/wp\/v2\/posts\/53488"}],"collection":[{"href":"https:\/\/esreviral.com\/index.php?rest_route=\/wp\/v2\/posts"}],"about":[{"href":"https:\/\/esreviral.com\/index.php?rest_route=\/wp\/v2\/types\/post"}],"author":[{"embeddable":true,"href":"https:\/\/esreviral.com\/index.php?rest_route=\/wp\/v2\/users\/3"}],"replies":[{"embeddable":true,"href":"https:\/\/esreviral.com\/index.php?rest_route=%2Fwp%2Fv2%2Fcomments&post=53488"}],"version-history":[{"count":0,"href":"https:\/\/esreviral.com\/index.php?rest_route=\/wp\/v2\/posts\/53488\/revisions"}],"wp:featuredmedia":[{"embeddable":true,"href":"https:\/\/esreviral.com\/index.php?rest_route=\/wp\/v2\/media\/53489"}],"wp:attachment":[{"href":"https:\/\/esreviral.com\/index.php?rest_route=%2Fwp%2Fv2%2Fmedia&parent=53488"}],"wp:term":[{"taxonomy":"category","embeddable":true,"href":"https:\/\/esreviral.com\/index.php?rest_route=%2Fwp%2Fv2%2Fcategories&post=53488"},{"taxonomy":"post_tag","embeddable":true,"href":"https:\/\/esreviral.com\/index.php?rest_route=%2Fwp%2Fv2%2Ftags&post=53488"}],"curies":[{"name":"wp","href":"https:\/\/api.w.org\/{rel}","templated":true}]}}