{"id":53456,"date":"2024-05-09T11:22:26","date_gmt":"2024-05-09T16:22:26","guid":{"rendered":"https:\/\/esreviral.com\/?p=53456"},"modified":"2024-05-09T11:22:27","modified_gmt":"2024-05-09T16:22:27","slug":"el-incomodo-momento-de-patricia-bullrich-tomando-un-autobus","status":"publish","type":"post","link":"https:\/\/esreviral.com\/?p=53456","title":{"rendered":"El inc\u00f3modo momento de Patricia Bullrich tomando un Autob\u00fas"},"content":{"rendered":"\n<p>La ministra de Seguridad, Patricia Bullrich, vivi\u00f3 un inc\u00f3modo momento cuando se tom\u00f3 un Autob\u00fas  en medio del\u00a0paro general de la CGT\u00a0e\u00a0<strong>intent\u00f3 pagar con una SUBE que no ten\u00eda saldo.<\/strong><\/p>\n\n\n\n<p>El episodio ocurri\u00f3 este jueves por la ma\u00f1ana, cuando la ministra decidi\u00f3 tomarse el colectivo como una medida para<strong>\u00a0respaldar a los choferes\u00a0<\/strong>que decidieron no adherirse al paro y salir a trabajar.<\/p>\n\n\n\n<p>Fue entonces que se subi\u00f3 al colectivo y pidi\u00f3 una SUBE prestada para pagar el boleto, pero cuando la apoy\u00f3,\u00a0el chofer le advirti\u00f3 que no ten\u00eda saldo en la tarjeta.\u00a0\u201cDisculpe, no tiene saldo\u201d, se escuch\u00f3 que dijo una de las personas que la acompa\u00f1aba.<\/p>\n\n\n\n<p>Lejos de tomarse a mal el momento, la titular de la cartera de Seguridad, grit\u00f3:&nbsp;<strong>\u201c\u00a1No tiene saldo, viejo!\u201d.<\/strong>&nbsp;El comentario provoc\u00f3 la carcajada del conductor y de la mayor\u00eda de los presentes en el colectivo.<\/p>\n\n\n\n<p>Ante el ameno clima que gener\u00f3 la situaci\u00f3n, la ministra volvi\u00f3 a lanzar un comentario contra la persona que le hab\u00eda prestado la tarjeta SUBE:\u00a0<strong>\u201cEs un caradura, no tiene saldo\u201d,\u00a0<\/strong>dijo entre risas<strong>.<\/strong><\/p>\n\n\n\n<blockquote class=\"twitter-tweet\"><p lang=\"es\" dir=\"ltr\">La Ministra de Seguridad, Patricia Bullrich, protagoniz\u00f3 un particular episodio cuando, en rechazo al Paro General, intent\u00f3 tomarse un autob\u00fas y la tarjeta SUBE no ten\u00eda saldo. <a href=\"https:\/\/t.co\/H0y6tp7jWI\">pic.twitter.com\/H0y6tp7jWI<\/a><\/p>&mdash; ES RE VIRAL (@esreviral) <a href=\"https:\/\/twitter.com\/esreviral\/status\/1788582252202410210?ref_src=twsrc%5Etfw\">May 9, 2024<\/a><\/blockquote> <script async src=\"https:\/\/platform.twitter.com\/widgets.js\" charset=\"utf-8\"><\/script>\n\n\n\n<p>La ins\u00f3lita situaci\u00f3n se dio luego de que la ministra de Seguridad le enviara&nbsp;<strong>un fuerte mensaje a la<\/strong>&nbsp;<strong>CGT&nbsp;<\/strong>en medio del segundo paro general de la central sindical contra el presidente&nbsp;<strong>Javier Milei.<\/strong><\/p>\n\n\n\n<p>\u201cQue se dejen de joder y<strong>\u00a0vayan a laburar\u201d<\/strong>, asegur\u00f3la funcionaria, que consider\u00f3 adem\u00e1s que la medida de fuerza general es una muestra de \u201cdebilidad\u201d, por\u00a0los ataques que sufrieron\u00a0quienes salieron a trabajar, y reiter\u00f3 que enviaron polic\u00edas a las terminales de colectivos para garantizarles seguridad.<\/p>\n\n\n\n<p>Bullrich dijo en conferencia de prensa, junto al secretario de Transporte\u00a0<strong>Franco Mogetta,<\/strong>\u00a0en la estaci\u00f3n Constituci\u00f3n: \u201cNo se puede hablar de acatamiento al paro, esa es una palabra militar, \u00bfqui\u00e9nes creen que les dan sentido a esta palabra? Solo los que est\u00e1n sentados c\u00f3modamente haciendo sus cuentas mientras millones de argentinos, muchos monotributistas, pierden dinero\u201d.<\/p>\n\n\n\n<p><strong><em><mark style=\"background-color:rgba(0, 0, 0, 0)\" class=\"has-inline-color has-vivid-red-color\"><a href=\"https:\/\/esreviral.com\/viajar-en-subte-sera-360-mas-caro-desde-el-viernes-17-de-mayo\/\" data-type=\"link\" data-id=\"https:\/\/esreviral.com\/viajar-en-subte-sera-360-mas-caro-desde-el-viernes-17-de-mayo\/\">Lea Tambi\u00e9n: Viajar en subte ser\u00e1 360% m\u00e1s caro desde el viernes 17 de mayo<\/a><\/mark><\/em><\/strong><\/p>\n\n\n\n<p>La ministra de Seguridad le pidi\u00f3 a la gente que todav\u00eda no sali\u00f3 a trabajar, que lo haga. \u201cSalgan los que todav\u00eda no lo hicieron, hay medios de transporte, usen su auto, hay fuerzas desplegadas por todos lados, el pa\u00eds necesita que trabajemos\u201d, ssostuvo y redobl\u00f3 las cr\u00edticas contra la CGT: \u201cA&nbsp;<strong>Alberto Fern\u00e1ndez<\/strong>&nbsp;no le hicieron ning\u00fan paro\u201d.<\/p>\n\n\n\n<p>\u201cHubo esquinas en las que colectiveros fueron agredidos, sumado a ataques en plantas, recibimos una cantidad de denuncias muy importante en la l\u00ednea 134, los que hicieron\u00a0<strong>actos vand\u00e1licos,\u00a0<\/strong>demostrando una situaci\u00f3n de debilidad, si para lograr un paro tienen que tirarles piedras a colectivos, es<strong>\u00a0un paro de debilidad\u201d,\u00a0<\/strong>complet\u00f3.<\/p>\n\n\n\n<p class=\"has-text-align-right\"><strong><em>TN.-<\/em><\/strong><\/p>\n","protected":false},"excerpt":{"rendered":"<p>La situaci\u00f3n ocurri\u00f3 cuando la ministra de Seguridad respaldaba a los choferes que trabajan en medio del paro de la CGT.<\/p>\n","protected":false},"author":3,"featured_media":53457,"comment_status":"open","ping_status":"open","sticky":false,"template":"","format":"standard","meta":{"jnews-multi-image_gallery":[],"jnews_single_post":{"subtitle":"","format":"standard","video":"","gallery":"","source_name":"","source_url":"","via_name":"","via_url":"","override_template":"0","override":[{"template":"4","single_blog_custom":"","parallax":"1","fullscreen":"1","layout":"right-sidebar","sidebar":"default-sidebar","second_sidebar":"default-sidebar","sticky_sidebar":"1","share_position":"top","share_float_style":"share-monocrhome","show_share_counter":"1","show_view_counter":"1","show_featured":"1","show_post_meta":"1","show_post_author":"1","show_post_author_image":"1","show_post_date":"1","post_date_format":"default","post_date_format_custom":"Y\/m\/d","show_post_category":"1","show_post_reading_time":"1","post_reading_time_wpm":"300","show_zoom_button":"1","zoom_button_out_step":"2","zoom_button_in_step":"3","show_post_tag":"1","show_prev_next_post":"1","show_popup_post":"1","number_popup_post":"1","show_author_box":"1","show_post_related":"1","show_inline_post_related":"0"}],"override_image_size":"0","image_override":[{"single_post_thumbnail_size":"crop-500","single_post_gallery_size":"crop-500"}],"trending_post":"0","trending_post_position":"meta","trending_post_label":"Trending","sponsored_post":"0","sponsored_post_label":"Sponsored by","sponsored_post_name":"","sponsored_post_url":"","sponsored_post_logo_enable":"0","sponsored_post_logo":"","sponsored_post_desc":"","disable_ad":"0"},"jnews_primary_category":{"id":"","hide":""},"jnews_social_meta":{"fb_title":"","fb_description":"","fb_image":"","twitter_title":"","twitter_description":"","twitter_image":""},"jnews_review":[],"enable_review":"0","type":"percentage","name":"","summary":"","brand":"","sku":"","good":[{"good_text":""}],"bad":[{"bad_text":""}],"score_override":"","override_value":"","rating":[{"rating_text":"","rating_number":"10"}],"price":[{"shop":"","price":"","link":"","icon":""}],"jnews_override_counter":{"override_view_counter":"0","view_counter_number":"0","override_share_counter":"0","share_counter_number":"0","override_like_counter":"0","like_counter_number":"0","override_dislike_counter":"0","dislike_counter_number":"0"},"jnews_post_split":{"enable_post_split":"0","post_split":[{"template":"1","tag":"h2","numbering":"asc","mode":"normal","first":"0","enable_toc":"0","toc_type":"normal"}]},"footnotes":""},"categories":[58,59],"tags":[44,1235,273,12857,45,1387,391],"class_list":["post-53456","post","type-post","status-publish","format-standard","has-post-thumbnail","hentry","category-argentina","category-politica","tag-argentina","tag-cgt","tag-colectivo","tag-ministra-de-seguridad","tag-noticias","tag-paro","tag-patricia-bullrich"],"amp_enabled":true,"_links":{"self":[{"href":"https:\/\/esreviral.com\/index.php?rest_route=\/wp\/v2\/posts\/53456"}],"collection":[{"href":"https:\/\/esreviral.com\/index.php?rest_route=\/wp\/v2\/posts"}],"about":[{"href":"https:\/\/esreviral.com\/index.php?rest_route=\/wp\/v2\/types\/post"}],"author":[{"embeddable":true,"href":"https:\/\/esreviral.com\/index.php?rest_route=\/wp\/v2\/users\/3"}],"replies":[{"embeddable":true,"href":"https:\/\/esreviral.com\/index.php?rest_route=%2Fwp%2Fv2%2Fcomments&post=53456"}],"version-history":[{"count":0,"href":"https:\/\/esreviral.com\/index.php?rest_route=\/wp\/v2\/posts\/53456\/revisions"}],"wp:featuredmedia":[{"embeddable":true,"href":"https:\/\/esreviral.com\/index.php?rest_route=\/wp\/v2\/media\/53457"}],"wp:attachment":[{"href":"https:\/\/esreviral.com\/index.php?rest_route=%2Fwp%2Fv2%2Fmedia&parent=53456"}],"wp:term":[{"taxonomy":"category","embeddable":true,"href":"https:\/\/esreviral.com\/index.php?rest_route=%2Fwp%2Fv2%2Fcategories&post=53456"},{"taxonomy":"post_tag","embeddable":true,"href":"https:\/\/esreviral.com\/index.php?rest_route=%2Fwp%2Fv2%2Ftags&post=53456"}],"curies":[{"name":"wp","href":"https:\/\/api.w.org\/{rel}","templated":true}]}}