{"id":53452,"date":"2024-05-09T11:09:04","date_gmt":"2024-05-09T16:09:04","guid":{"rendered":"https:\/\/esreviral.com\/?p=53452"},"modified":"2024-05-09T11:09:05","modified_gmt":"2024-05-09T16:09:05","slug":"senadores-estuvieron-ausentes-en-la-comision-de-presupuesto-para-apoyar-el-paro","status":"publish","type":"post","link":"https:\/\/esreviral.com\/?p=53452","title":{"rendered":"Senadores\u00a0estuvieron ausentes en la comisi\u00f3n de Presupuesto para apoyar el paro"},"content":{"rendered":"\n<p>Los\u00a0<strong>senadores de Uni\u00f3n por la Patria se sumaron al\u00a0paro general de la CGT\u00a0y pegaron el faltazo\u00a0<\/strong>a la reuni\u00f3n de comisi\u00f3n en la que se trata el\u00a0<strong>paquete de reformas fiscales<\/strong> impulsado por el Gobierno.<\/p>\n\n\n\n<p>Ayer se escucharon las exposiciones del secretario de Energ\u00eda,\u00a0<strong>Eduardo Rodr\u00edguez Chirillo,<\/strong>\u00a0y de Trabajo,\u00a0<strong>Julio Cordero,\u00a0<\/strong>quienes<strong>\u00a0defendieron el proyecto\u00a0<\/strong>impulsado por el Ejecutivo en comisiones de Legislaci\u00f3n General, Presupuesto y Hacienda y Asuntos Constitucionales de la C\u00e1mara Alta.<\/p>\n\n\n\n<p><strong><em><mark style=\"background-color:rgba(0, 0, 0, 0)\" class=\"has-inline-color has-vivid-red-color\"><a href=\"https:\/\/esreviral.com\/enfotos-las-primeras-horas-del-paro-general-de-la-cgt-contra-el-ajuste-de-milei\/\" data-type=\"link\" data-id=\"https:\/\/esreviral.com\/enfotos-las-primeras-horas-del-paro-general-de-la-cgt-contra-el-ajuste-de-milei\/\">Lea Tambi\u00e9n: EnFotos Las primeras horas del paro general de la CGT contra el ajuste de Milei<\/a><\/mark><\/em><\/strong><\/p>\n\n\n\n<p>Tras ello, el debate por el&nbsp;<strong>paquete fiscal, Ganancias y Bienes personales<\/strong>, entre otros, continuaba esta ma\u00f1anacon la presentaci\u00f3n del secretario de Hacienda, Carlos Guberman, junto a su equipo. Sin embargo, hubo ausencias: los senadores de Uni\u00f3n por la Patria no se presentaron al encuentro en apoyo al paro general que lleva adelante la central obrera.<\/p>\n\n\n\n<p>Ezequiel Atauche, el jefe del bloque de La Libertad Avanza en el Senado, cuestion\u00f3 el accionar de los legisladores opositores. \u201c<strong>En lo personal, me hubiese gustado que el bloque kirchnerista est\u00e9 presente para preguntar.<\/strong>\u00a0Ten\u00edamos ganas de escucharlos y de que pregunten\u201d, dijo durante su el inicio de la sesi\u00f3n.<\/p>\n\n\n\n<figure class=\"wp-block-image size-large\"><img fetchpriority=\"high\" decoding=\"async\" width=\"1024\" height=\"705\" src=\"https:\/\/esreviral.com\/wp-content\/uploads\/2024\/05\/HAH6GDJIVJFXXCIC75SPMVIWAQ-1024x705.webp\" alt=\"\" class=\"wp-image-53454\" srcset=\"https:\/\/esreviral.com\/wp-content\/uploads\/2024\/05\/HAH6GDJIVJFXXCIC75SPMVIWAQ-1024x705.webp 1024w, https:\/\/esreviral.com\/wp-content\/uploads\/2024\/05\/HAH6GDJIVJFXXCIC75SPMVIWAQ-300x207.webp 300w, https:\/\/esreviral.com\/wp-content\/uploads\/2024\/05\/HAH6GDJIVJFXXCIC75SPMVIWAQ-768x529.webp 768w, https:\/\/esreviral.com\/wp-content\/uploads\/2024\/05\/HAH6GDJIVJFXXCIC75SPMVIWAQ-750x517.webp 750w, https:\/\/esreviral.com\/wp-content\/uploads\/2024\/05\/HAH6GDJIVJFXXCIC75SPMVIWAQ-1140x785.webp 1140w, https:\/\/esreviral.com\/wp-content\/uploads\/2024\/05\/HAH6GDJIVJFXXCIC75SPMVIWAQ.webp 1440w\" sizes=\"(max-width: 1024px) 100vw, 1024px\" \/><\/figure>\n\n\n\n<p>Sumado a ello, en su cuenta de&nbsp;<em>X (ex Twitter)<\/em>, escribi\u00f3:&nbsp;<strong>\u201cDescubrieron la indignaci\u00f3n hace 5 meses, y ahora solo quieren entorpecer y bloquear\u201d,<\/strong>&nbsp;complet\u00f3 junto a las im\u00e1genes del sal\u00f3n con un importante n\u00famero de sillas vac\u00edas.<\/p>\n\n\n\n<p>Durante la comisi\u00f3n de ayer, desde el bloque de Uni\u00f3n por la Patria salieron a hacerle fuertes cr\u00edticas al ministro de Econom\u00eda,\u00a0<strong>Luis Caputo<\/strong>. La legisladora K,\u00a0<strong>Anabel Fern\u00e1ndez Sagasti,<\/strong>\u00a0plante\u00f3: \u201cT\u00e9cnicamente, se est\u00e1n\u00a0<strong>manoteando\u00a0<\/strong>el Fondo de Garant\u00eda de Sustentabilidad de la ANSES, la plata de los jubilados, que va a estar en las manitos de Caputo,\u00a0<strong>peligros\u00edsimo.<\/strong>\u00a0Si hay alguien al que le gusta la timba es \u2018Toto\u2019\u201d, en referencia al titular del Palacio de Hacienda.<\/p>\n\n\n\n<p><strong><em><mark style=\"background-color:rgba(0, 0, 0, 0)\" class=\"has-inline-color has-vivid-red-color\"><a href=\"https:\/\/esreviral.com\/las-impactantes-imagenes-del-ataque-a-los-autobuses-durante-el-paro-general\/\" data-type=\"link\" data-id=\"https:\/\/esreviral.com\/las-impactantes-imagenes-del-ataque-a-los-autobuses-durante-el-paro-general\/\">Lea Tambi\u00e9n: Las impactantes im\u00e1genes del ataque a los autobuses durante el paro general<\/a><\/mark><\/em><\/strong><\/p>\n\n\n\n<p>Bartolom\u00e9 Abdala, integrante de La Libertad Avanza, por su parte, hab\u00eda planteado que este jueves buscar\u00edan alcanzar dictamen, aunque aclar\u00f3 que analizan las modificaciones que sugieren desde la oposici\u00f3n para \u201cver si amerita una vuelta a Diputados\u201d. Y aventur\u00f3: \u201c<strong>Estamos a uno, dos votos de lograr dictamen<\/strong>. A m\u00e1s tardar ser\u00e1 la semana pr\u00f3xima\u201d.<\/p>\n\n\n\n<p class=\"has-text-align-right\"><strong><em>TN.-<\/em><\/strong><\/p>\n","protected":false},"excerpt":{"rendered":"<p>Los legisladores no se presentaron a la reuni\u00f3n de comisi\u00f3n en la que se trata el paquete de reformas fiscales impulsado por el Gobierno.<\/p>\n","protected":false},"author":3,"featured_media":53453,"comment_status":"open","ping_status":"open","sticky":false,"template":"","format":"standard","meta":{"jnews-multi-image_gallery":[],"jnews_single_post":{"subtitle":"","format":"standard","video":"","gallery":"","source_name":"","source_url":"","via_name":"","via_url":"","override_template":"0","override":[{"template":"4","single_blog_custom":"","parallax":"1","fullscreen":"1","layout":"right-sidebar","sidebar":"default-sidebar","second_sidebar":"default-sidebar","sticky_sidebar":"1","share_position":"top","share_float_style":"share-monocrhome","show_share_counter":"1","show_view_counter":"1","show_featured":"1","show_post_meta":"1","show_post_author":"1","show_post_author_image":"1","show_post_date":"1","post_date_format":"default","post_date_format_custom":"Y\/m\/d","show_post_category":"1","show_post_reading_time":"1","post_reading_time_wpm":"300","show_zoom_button":"1","zoom_button_out_step":"2","zoom_button_in_step":"3","show_post_tag":"1","show_prev_next_post":"1","show_popup_post":"1","number_popup_post":"1","show_author_box":"1","show_post_related":"1","show_inline_post_related":"0"}],"override_image_size":"0","image_override":[{"single_post_thumbnail_size":"crop-500","single_post_gallery_size":"crop-500"}],"trending_post":"0","trending_post_position":"meta","trending_post_label":"Trending","sponsored_post":"0","sponsored_post_label":"Sponsored by","sponsored_post_name":"","sponsored_post_url":"","sponsored_post_logo_enable":"0","sponsored_post_logo":"","sponsored_post_desc":"","disable_ad":"0"},"jnews_primary_category":{"id":"","hide":""},"jnews_social_meta":{"fb_title":"","fb_description":"","fb_image":"","twitter_title":"","twitter_description":"","twitter_image":""},"jnews_review":[],"enable_review":"0","type":"percentage","name":"","summary":"","brand":"","sku":"","good":[{"good_text":""}],"bad":[{"bad_text":""}],"score_override":"","override_value":"","rating":[{"rating_text":"","rating_number":"10"}],"price":[{"shop":"","price":"","link":"","icon":""}],"jnews_override_counter":{"override_view_counter":"0","view_counter_number":"0","override_share_counter":"0","share_counter_number":"0","override_like_counter":"0","like_counter_number":"0","override_dislike_counter":"0","dislike_counter_number":"0"},"jnews_post_split":{"enable_post_split":"0","post_split":[{"template":"1","tag":"h2","numbering":"asc","mode":"normal","first":"0","enable_toc":"0","toc_type":"normal"}]},"footnotes":""},"categories":[58,59],"tags":[44,14969,45,13339,1668,14021,12652],"class_list":["post-53452","post","type-post","status-publish","format-standard","has-post-thumbnail","hentry","category-argentina","category-politica","tag-argentina","tag-ley-bases","tag-noticias","tag-paro-de-la-cgt","tag-senado","tag-senadores","tag-union-por-la-patria"],"amp_enabled":true,"_links":{"self":[{"href":"https:\/\/esreviral.com\/index.php?rest_route=\/wp\/v2\/posts\/53452"}],"collection":[{"href":"https:\/\/esreviral.com\/index.php?rest_route=\/wp\/v2\/posts"}],"about":[{"href":"https:\/\/esreviral.com\/index.php?rest_route=\/wp\/v2\/types\/post"}],"author":[{"embeddable":true,"href":"https:\/\/esreviral.com\/index.php?rest_route=\/wp\/v2\/users\/3"}],"replies":[{"embeddable":true,"href":"https:\/\/esreviral.com\/index.php?rest_route=%2Fwp%2Fv2%2Fcomments&post=53452"}],"version-history":[{"count":0,"href":"https:\/\/esreviral.com\/index.php?rest_route=\/wp\/v2\/posts\/53452\/revisions"}],"wp:featuredmedia":[{"embeddable":true,"href":"https:\/\/esreviral.com\/index.php?rest_route=\/wp\/v2\/media\/53453"}],"wp:attachment":[{"href":"https:\/\/esreviral.com\/index.php?rest_route=%2Fwp%2Fv2%2Fmedia&parent=53452"}],"wp:term":[{"taxonomy":"category","embeddable":true,"href":"https:\/\/esreviral.com\/index.php?rest_route=%2Fwp%2Fv2%2Fcategories&post=53452"},{"taxonomy":"post_tag","embeddable":true,"href":"https:\/\/esreviral.com\/index.php?rest_route=%2Fwp%2Fv2%2Ftags&post=53452"}],"curies":[{"name":"wp","href":"https:\/\/api.w.org\/{rel}","templated":true}]}}