{"id":53449,"date":"2024-05-09T10:35:09","date_gmt":"2024-05-09T15:35:09","guid":{"rendered":"https:\/\/esreviral.com\/?p=53449"},"modified":"2024-05-09T10:35:10","modified_gmt":"2024-05-09T15:35:10","slug":"viajar-en-subte-sera-360-mas-caro-desde-el-viernes-17-de-mayo","status":"publish","type":"post","link":"https:\/\/esreviral.com\/?p=53449","title":{"rendered":"Viajar en subte ser\u00e1 360% m\u00e1s caro desde el viernes 17 de mayo"},"content":{"rendered":"\n<p>Desde el viernes 17 de mayo,\u00a0<strong>viajar en subte\u00a0ser\u00e1 m\u00e1s caro<\/strong>. La<strong>\u00a0tarifa aumentar\u00e1<\/strong>\u00a0un\u00a0<strong>360%\u00a0<\/strong>y pasar\u00e1 a costar\u00a0<strong>$574,\u00a0<\/strong>mientras el boleto del\u00a0<strong>premetro<\/strong>\u00a0valdr\u00e1\u00a0<strong>$200,90<\/strong>. A principios de junio, el boleto se volver\u00e1 a incrementar y ser\u00e1 de\u00a0<strong>$667<\/strong>. En agosto, se aplicar\u00e1 el \u00faltimo ajuste y el pasaje quedar\u00e1 en\u00a0<strong>$757<\/strong>.<\/p>\n\n\n\n<p>Los nuevos cuadros tarifarios fueron oficializados este jueves mediante una resoluci\u00f3n publicada en el Bolet\u00edn Oficial porte\u00f1o. Los aumentos se dar\u00e1n en tres tramos: el primero se aplicar\u00e1 el 17 de<strong>\u00a0mayo,<\/strong>\u00a0el segundo en\u00a0<strong>junio\u00a0<\/strong>y el \u00faltimo en\u00a0<strong>agosto<\/strong>.<\/p>\n\n\n\n<p>En principio, el alza del 360% se iba a aplicar en los primeros d\u00edas de mayo, pero luego el gobierno de la Ciudad de Buenos Aires decidi\u00f3 posponer al aumento. Por su parte, desde agosto, los usuarios del subterr\u00e1neo deben contar con la Tarjeta SUBE registrada. En caso de no tener el pl\u00e1stico para viajar a su nombre, abonar\u00e1n una tarifa diferencial.<\/p>\n\n\n\n<p><strong><mark style=\"background-color:rgba(0, 0, 0, 0)\" class=\"has-inline-color has-vivid-red-color\">Aumento del subte: cu\u00e1nto cuesta viajar desde mayo<\/mark><\/strong><\/p>\n\n\n\n<p>El Gobierno de Ciudad de Buenos Aires aplicar\u00e1 los aumentos en la tarifa del<strong>&nbsp;subte<\/strong>&nbsp;de&nbsp;<strong>forma escalonada<\/strong>. Los nuevos valores son:<\/p>\n\n\n\n<ul class=\"wp-block-list\">\n<li>Desde el 17 de mayo, el pasaje pasar\u00e1 de $125 a<strong>&nbsp;$574<\/strong>.<\/li>\n\n\n\n<li>El 1\u00b0 de<strong>&nbsp;junio<\/strong>, el boleto llegar\u00e1 a<strong>&nbsp;$667.<\/strong><\/li>\n\n\n\n<li>Para completar el ajuste, el 1\u00b0 de\u00a0<strong>agosto,<\/strong>\u00a0el costo ser\u00e1 de\u00a0<strong>$757.<\/strong><\/li>\n<\/ul>\n\n\n\n<figure class=\"wp-block-image size-full\"><img fetchpriority=\"high\" decoding=\"async\" width=\"828\" height=\"548\" src=\"https:\/\/esreviral.com\/wp-content\/uploads\/2024\/04\/Subte-incremento-828x548-1.webp\" alt=\"\" class=\"wp-image-52510\" srcset=\"https:\/\/esreviral.com\/wp-content\/uploads\/2024\/04\/Subte-incremento-828x548-1.webp 828w, https:\/\/esreviral.com\/wp-content\/uploads\/2024\/04\/Subte-incremento-828x548-1-300x199.webp 300w, https:\/\/esreviral.com\/wp-content\/uploads\/2024\/04\/Subte-incremento-828x548-1-768x508.webp 768w, https:\/\/esreviral.com\/wp-content\/uploads\/2024\/04\/Subte-incremento-828x548-1-750x496.webp 750w\" sizes=\"(max-width: 828px) 100vw, 828px\" \/><\/figure>\n\n\n\n<p>En el caso del&nbsp;<strong>premetro<\/strong>, las tarifas ser\u00e1n las siguientes:<\/p>\n\n\n\n<ul class=\"wp-block-list\">\n<li><strong>Mayo<\/strong>: $200,90<\/li>\n\n\n\n<li><strong>Junio:&nbsp;<\/strong>$227,50<\/li>\n\n\n\n<li><strong>Agosto:&nbsp;<\/strong>$264,95<\/li>\n<\/ul>\n\n\n\n<p><strong><em><mark style=\"background-color:rgba(0, 0, 0, 0)\" class=\"has-inline-color has-vivid-red-color\"><a href=\"https:\/\/esreviral.com\/que-lineas-de-autobuses-si-funcionan-hoy-en-caba-y-el-amba\/\" data-type=\"link\" data-id=\"https:\/\/esreviral.com\/que-lineas-de-autobuses-si-funcionan-hoy-en-caba-y-el-amba\/\">Le\u00e9 tambi\u00e9n:\u00a0y Qu\u00e9 l\u00edneas de autobuses s\u00ed funcionan hoy en CABA y el AMBA<\/a><\/mark><\/em><\/strong><\/p>\n\n\n\n<p><strong><mark style=\"background-color:rgba(0, 0, 0, 0)\" class=\"has-inline-color has-vivid-red-color\">Aumenta el subte: qu\u00e9 va a pasar si no tengo a mi nombre la Tarjeta SUBE<\/mark><\/strong><\/p>\n\n\n\n<p>A partir del<strong>&nbsp;1 de agosto<\/strong>, los&nbsp;<strong>pasajeros del subte&nbsp;<\/strong>deber\u00e1n tener la&nbsp;<strong>Tarjeta SUBE<\/strong>&nbsp;a su nombre. En caso de que no est\u00e9 registrada, abonar\u00e1n una<strong>&nbsp;tarifa diferencial<\/strong>.La propuesta del gobierno porte\u00f1o es la siguiente para aquellos que registraron su Tarjeta SUBE:<\/p>\n\n\n\n<ul class=\"wp-block-list\">\n<li><strong>Subte con Tarjeta SUBE no registrada<\/strong>:&nbsp;<strong>$859,07&nbsp;<\/strong>desde agosto<\/li>\n\n\n\n<li><strong>Premetro con Tarjeta SUBE no registrada<\/strong>:&nbsp;<strong>$300,67<\/strong>&nbsp;desde agosto.<\/li>\n<\/ul>\n\n\n<div class=\"wp-block-image\">\n<figure class=\"aligncenter size-full\"><img decoding=\"async\" width=\"610\" height=\"457\" src=\"https:\/\/esreviral.com\/wp-content\/uploads\/2023\/03\/AnyConv.com__AnyConv.com__subte-linea-b2jpg.webp\" alt=\"\" class=\"wp-image-33967\" srcset=\"https:\/\/esreviral.com\/wp-content\/uploads\/2023\/03\/AnyConv.com__AnyConv.com__subte-linea-b2jpg.webp 610w, https:\/\/esreviral.com\/wp-content\/uploads\/2023\/03\/AnyConv.com__AnyConv.com__subte-linea-b2jpg-300x225.webp 300w\" sizes=\"(max-width: 610px) 100vw, 610px\" \/><\/figure><\/div>\n\n\n<p><strong><mark style=\"background-color:rgba(0, 0, 0, 0)\" class=\"has-inline-color has-vivid-red-color\">Beneficio para pasajeros frecuentes del subte: de cu\u00e1nto es la tarifa en mayo<\/mark><\/strong><\/p>\n\n\n\n<p>A pesar del aumento, continuar\u00e1 vigente el descuento de la Red SUBE y el&nbsp;<strong>beneficio para pasajeros frecuentes<\/strong>, que beneficia a los usuarios del&nbsp;<strong>subte<\/strong>&nbsp;con descuentos de 20%, 30% y 40% cuando superen los 20, 30 o 40 viajes mensuales, respectivamente.<\/p>\n\n\n\n<p>Desde el 17 de mayo hasta el 1 de junio, los beneficios son:<\/p>\n\n\n\n<ul class=\"wp-block-list\">\n<li><strong>1 a 20&nbsp;<\/strong>viajes:&nbsp;<strong>$574;<\/strong><\/li>\n\n\n\n<li><strong>21 a 30&nbsp;<\/strong>viajes:&nbsp;<strong>$459,20;<\/strong><\/li>\n\n\n\n<li><strong>31 a 40&nbsp;<\/strong>viajes:&nbsp;<strong>$401,80;<\/strong><\/li>\n\n\n\n<li><strong>41 viajes en adelante<\/strong>:&nbsp;<strong>$344,40.<\/strong><\/li>\n<\/ul>\n\n\n\n<p>Desde SBASE recordaron que siguen en curso los<strong>\u00a0pases gratuitos para jubilados y pensionados<\/strong>, personas con discapacidad, trasplantadas y en lista de espera. Este beneficio incluye tambi\u00e9n<strong>\u00a0el boleto estudiantil<\/strong>, que no tiene costo, y los\u00a0<strong>abonos sociales<\/strong>.<\/p>\n\n\n\n<p class=\"has-text-align-right\"><strong><em>TN.-<\/em><\/strong><\/p>\n","protected":false},"excerpt":{"rendered":"<p>El boleto tendr\u00e1 un incremento del 505% en tres tramos. Desde el 17 de mayo valdr\u00e1 $574. Qu\u00e9 pasa si no tengo la Tarjeta SUBE registrada.<\/p>\n","protected":false},"author":3,"featured_media":53450,"comment_status":"open","ping_status":"open","sticky":false,"template":"","format":"standard","meta":{"jnews-multi-image_gallery":[],"jnews_single_post":{"subtitle":"","format":"standard","video":"","gallery":"","source_name":"","source_url":"","via_name":"","via_url":"","override_template":"0","override":[{"template":"4","single_blog_custom":"","parallax":"1","fullscreen":"1","layout":"right-sidebar","sidebar":"default-sidebar","second_sidebar":"default-sidebar","sticky_sidebar":"1","share_position":"top","share_float_style":"share-monocrhome","show_share_counter":"1","show_view_counter":"1","show_featured":"1","show_post_meta":"1","show_post_author":"1","show_post_author_image":"1","show_post_date":"1","post_date_format":"default","post_date_format_custom":"Y\/m\/d","show_post_category":"1","show_post_reading_time":"1","post_reading_time_wpm":"300","show_zoom_button":"1","zoom_button_out_step":"2","zoom_button_in_step":"3","show_post_tag":"1","show_prev_next_post":"1","show_popup_post":"1","number_popup_post":"1","show_author_box":"1","show_post_related":"1","show_inline_post_related":"0"}],"override_image_size":"0","image_override":[{"single_post_thumbnail_size":"crop-500","single_post_gallery_size":"crop-500"}],"trending_post":"0","trending_post_position":"meta","trending_post_label":"Trending","sponsored_post":"0","sponsored_post_label":"Sponsored by","sponsored_post_name":"","sponsored_post_url":"","sponsored_post_logo_enable":"0","sponsored_post_logo":"","sponsored_post_desc":"","disable_ad":"0"},"jnews_primary_category":{"id":"","hide":""},"jnews_social_meta":{"fb_title":"","fb_description":"","fb_image":"","twitter_title":"","twitter_description":"","twitter_image":""},"jnews_review":[],"enable_review":"0","type":"percentage","name":"","summary":"","brand":"","sku":"","good":[{"good_text":""}],"bad":[{"bad_text":""}],"score_override":"","override_value":"","rating":[{"rating_text":"","rating_number":"10"}],"price":[{"shop":"","price":"","link":"","icon":""}],"jnews_override_counter":{"override_view_counter":"0","view_counter_number":"0","override_share_counter":"0","share_counter_number":"0","override_like_counter":"0","like_counter_number":"0","override_dislike_counter":"0","dislike_counter_number":"0"},"jnews_post_split":{"enable_post_split":"0","post_split":[{"template":"1","tag":"h2","numbering":"asc","mode":"normal","first":"0","enable_toc":"0","toc_type":"normal"}]},"footnotes":""},"categories":[58,61],"tags":[44,15170,5991,268,45,1865,290,10115,316],"class_list":["post-53449","post","type-post","status-publish","format-standard","has-post-thumbnail","hentry","category-argentina","category-economia","tag-argentina","tag-aumenta-el-subte","tag-boleto","tag-inflacion","tag-noticias","tag-premetro","tag-subte","tag-tarifa-del-subte","tag-tarifas"],"amp_enabled":true,"_links":{"self":[{"href":"https:\/\/esreviral.com\/index.php?rest_route=\/wp\/v2\/posts\/53449"}],"collection":[{"href":"https:\/\/esreviral.com\/index.php?rest_route=\/wp\/v2\/posts"}],"about":[{"href":"https:\/\/esreviral.com\/index.php?rest_route=\/wp\/v2\/types\/post"}],"author":[{"embeddable":true,"href":"https:\/\/esreviral.com\/index.php?rest_route=\/wp\/v2\/users\/3"}],"replies":[{"embeddable":true,"href":"https:\/\/esreviral.com\/index.php?rest_route=%2Fwp%2Fv2%2Fcomments&post=53449"}],"version-history":[{"count":0,"href":"https:\/\/esreviral.com\/index.php?rest_route=\/wp\/v2\/posts\/53449\/revisions"}],"wp:featuredmedia":[{"embeddable":true,"href":"https:\/\/esreviral.com\/index.php?rest_route=\/wp\/v2\/media\/53450"}],"wp:attachment":[{"href":"https:\/\/esreviral.com\/index.php?rest_route=%2Fwp%2Fv2%2Fmedia&parent=53449"}],"wp:term":[{"taxonomy":"category","embeddable":true,"href":"https:\/\/esreviral.com\/index.php?rest_route=%2Fwp%2Fv2%2Fcategories&post=53449"},{"taxonomy":"post_tag","embeddable":true,"href":"https:\/\/esreviral.com\/index.php?rest_route=%2Fwp%2Fv2%2Ftags&post=53449"}],"curies":[{"name":"wp","href":"https:\/\/api.w.org\/{rel}","templated":true}]}}