{"id":53367,"date":"2024-05-08T10:56:20","date_gmt":"2024-05-08T15:56:20","guid":{"rendered":"https:\/\/esreviral.com\/?p=53367"},"modified":"2024-05-08T10:56:21","modified_gmt":"2024-05-08T15:56:21","slug":"el-gobierno-confirmo-que-les-descontara-el-dia-a-los-estatales-que-adhieran-al-paro-de-manana","status":"publish","type":"post","link":"https:\/\/esreviral.com\/?p=53367","title":{"rendered":"El Gobierno confirm\u00f3 que les descontar\u00e1 el d\u00eda a los estatales que adhieran al paro de ma\u00f1ana"},"content":{"rendered":"\n<p>El Gobierno confirm\u00f3 que&nbsp;<strong>les descontar\u00e1 el d\u00eda a los estatales que adhieran al paro<\/strong>&nbsp;que la Confederaci\u00f3n General del Trabajo (CGT) realizar\u00e1 este<strong>&nbsp;jueves 9 de mayo.&nbsp;<\/strong>La decisi\u00f3n la inform\u00f3 el vocero presidencial, Manuel Adorni, en su habitual conferencia de prensa.<\/p>\n\n\n\n<p>El portavoz del Presidente aclar\u00f3 que se les descontar\u00e1 el d\u00eda de trabajo\u00a0<strong>a quienes participen de la movilizaci\u00f3n impulsada por la CGT\u00a0<\/strong>y no a los trabajadores que no puedan ir a trabajar por la falta de transporte.<\/p>\n\n\n\n<p>\u201cSe les descontar\u00e1 a aquellos que vayan a la marcha, no a quienes no puedan venir a trabajar porque no funciona el transporte.&nbsp;<strong>Todos vamos a tener dificultades para ir a trabajar y el que no va a trabajar no cobra<\/strong>\u201d, se\u00f1al\u00f3 Adorni.<\/p>\n\n\n\n<p>En esa l\u00ednea, inform\u00f3 que contin\u00faa abierta la l\u00ednea telef\u00f3nica para&nbsp;<strong>denunciar aprietes o extorsiones<\/strong>&nbsp;por parte de sindicalistas que puedan llegar a obligar a los trabajadores a estar presentes en la movilizaci\u00f3n.<\/p>\n\n\n\n<p>El vocero presidencial tambi\u00e9n aclar\u00f3 que el Gobierno\u00a0<strong>no va a declarar al transporte como servicio esencial<\/strong>\u00a0para este jueves por la movilizaci\u00f3n del CGT: \u201cNo hay nada que implique que tomemos esa medida\u201d.<\/p>\n\n\n\n<figure class=\"wp-block-image size-large\"><img fetchpriority=\"high\" decoding=\"async\" width=\"1024\" height=\"572\" src=\"https:\/\/esreviral.com\/wp-content\/uploads\/2024\/05\/GP7NKIJQX5HG5MVIERIQPUJKSQ-1024x572.webp\" alt=\"\" class=\"wp-image-53369\" srcset=\"https:\/\/esreviral.com\/wp-content\/uploads\/2024\/05\/GP7NKIJQX5HG5MVIERIQPUJKSQ-1024x572.webp 1024w, https:\/\/esreviral.com\/wp-content\/uploads\/2024\/05\/GP7NKIJQX5HG5MVIERIQPUJKSQ-300x168.webp 300w, https:\/\/esreviral.com\/wp-content\/uploads\/2024\/05\/GP7NKIJQX5HG5MVIERIQPUJKSQ-768x429.webp 768w, https:\/\/esreviral.com\/wp-content\/uploads\/2024\/05\/GP7NKIJQX5HG5MVIERIQPUJKSQ-750x419.webp 750w, https:\/\/esreviral.com\/wp-content\/uploads\/2024\/05\/GP7NKIJQX5HG5MVIERIQPUJKSQ-1140x637.webp 1140w, https:\/\/esreviral.com\/wp-content\/uploads\/2024\/05\/GP7NKIJQX5HG5MVIERIQPUJKSQ.webp 1440w\" sizes=\"(max-width: 1024px) 100vw, 1024px\" \/><\/figure>\n\n\n\n<p>Por otra parte, Adorni asegur\u00f3 que el paro general de este jueves&nbsp;<strong>\u201cno tiene una justificaci\u00f3n aparente\u201d<\/strong>&nbsp;y advirti\u00f3 que las organizaciones sindicales \u201cdeber\u00e1n afrontar los gastos que la marcha ocasione\u201d.<\/p>\n\n\n\n<p>El portavoz de Javier Milei se\u00f1al\u00f3 que la movilizaci\u00f3n de la CGT afectar\u00e1 a<strong>&nbsp;\u201c6.593.000 personas que no van a tener el servicio esencial de transporte para ir a sus trabajos\u201d.<\/strong>&nbsp;\u201c4 millones en el AMBA, 1 mill\u00f3n en el interior del pa\u00eds, 1 mill\u00f3n no podr\u00e1n ir a trabajar en trenes y 93.000 no tienen vuelos\u201d, detall\u00f3.<\/p>\n\n\n\n<p>A su vez, compar\u00f3 las medidas de fuerza que se tomaron en los seis meses que lleva de gesti\u00f3n&nbsp;<strong>Javier Milei<\/strong>&nbsp;con las que fueron tomadas durante los cuatro a\u00f1os del mandato de&nbsp;<strong>Alberto Fern\u00e1ndez.<\/strong><\/p>\n\n\n\n<p><strong><em><mark style=\"background-color:rgba(0, 0, 0, 0)\" class=\"has-inline-color has-vivid-red-color\"><a href=\"https:\/\/esreviral.com\/uno-por-uno-todos-los-servicios-afectados-por-el-paro-general-de-manana\/\" data-type=\"link\" data-id=\"https:\/\/esreviral.com\/uno-por-uno-todos-los-servicios-afectados-por-el-paro-general-de-manana\/\">Le\u00e9 tambi\u00e9n: Uno por uno, todos los servicios afectados por el paro general de ma\u00f1ana<\/a><\/mark><\/em><\/strong><\/p>\n\n\n\n<p>\u201cLlevamo<strong>s dos paros de CGT, dos paros de colectivos, dos paros de docentes, un paro de trenes, un paro de aeron\u00e1uticos y m\u00e1s de 100 marchas<\/strong>. Fern\u00e1ndez tuvo 0 paros en sus cuatro a\u00f1os de gobierno\u201d, remarc\u00f3.<\/p>\n\n\n\n<p>En ese sentido, se\u00f1al\u00f3 que \u201cdesde 1983, el 64% de las marchas de la CGT fueron contra gobiernos no peronistas y est\u00e1 claro que esos gobiernos no han brillado\u201d.<\/p>\n\n\n\n<p>Por \u00faltimo, apunt\u00f3 directamente contra los impulsores de la movilizaci\u00f3n: \u201cMa\u00f1ana paran los que siguen queriendo hacer de la Argentina<strong>\u00a0un camino de servidumbre, los fundamentalistas del atraso.\u00a0<\/strong>Solo van a ganarse el desprecio de quienes quieren y necesitan a trabajar\u201d.<\/p>\n\n\n\n<p class=\"has-text-align-right\"><strong><em>tn.-<\/em><\/strong><\/p>\n","protected":false},"excerpt":{"rendered":"<p>El vocero presidencial, Manuel Adorni, lo inform\u00f3 hoy en conferencia de prensa. \u201cMa\u00f1ana paran los que quieren hacer de la Argentina un camino de servidumbre\u201d, sentenci\u00f3.<\/p>\n","protected":false},"author":3,"featured_media":53368,"comment_status":"open","ping_status":"open","sticky":false,"template":"","format":"standard","meta":{"jnews-multi-image_gallery":[],"jnews_single_post":{"subtitle":"","format":"standard","video":"","gallery":"","source_name":"","source_url":"","via_name":"","via_url":"","override_template":"0","override":[{"template":"4","single_blog_custom":"","parallax":"1","fullscreen":"1","layout":"right-sidebar","sidebar":"default-sidebar","second_sidebar":"default-sidebar","sticky_sidebar":"1","share_position":"top","share_float_style":"share-monocrhome","show_share_counter":"1","show_view_counter":"1","show_featured":"1","show_post_meta":"1","show_post_author":"1","show_post_author_image":"1","show_post_date":"1","post_date_format":"default","post_date_format_custom":"Y\/m\/d","show_post_category":"1","show_post_reading_time":"1","post_reading_time_wpm":"300","show_zoom_button":"1","zoom_button_out_step":"2","zoom_button_in_step":"3","show_post_tag":"1","show_prev_next_post":"1","show_popup_post":"1","number_popup_post":"1","show_author_box":"1","show_post_related":"1","show_inline_post_related":"0"}],"override_image_size":"0","image_override":[{"single_post_thumbnail_size":"crop-500","single_post_gallery_size":"crop-500"}],"trending_post":"0","trending_post_position":"meta","trending_post_label":"Trending","sponsored_post":"0","sponsored_post_label":"Sponsored by","sponsored_post_name":"","sponsored_post_url":"","sponsored_post_logo_enable":"0","sponsored_post_logo":"","sponsored_post_desc":"","disable_ad":"0"},"jnews_primary_category":{"id":"","hide":""},"jnews_social_meta":{"fb_title":"","fb_description":"","fb_image":"","twitter_title":"","twitter_description":"","twitter_image":""},"jnews_review":[],"enable_review":"0","type":"percentage","name":"","summary":"","brand":"","sku":"","good":[{"good_text":""}],"bad":[{"bad_text":""}],"score_override":"","override_value":"","rating":[{"rating_text":"","rating_number":"10"}],"price":[{"shop":"","price":"","link":"","icon":""}],"jnews_override_counter":{"override_view_counter":"0","view_counter_number":"0","override_share_counter":"0","share_counter_number":"0","override_like_counter":"0","like_counter_number":"0","override_dislike_counter":"0","dislike_counter_number":"0"},"jnews_post_split":{"enable_post_split":"0","post_split":[{"template":"1","tag":"h2","numbering":"asc","mode":"normal","first":"0","enable_toc":"0","toc_type":"normal"}]},"footnotes":""},"categories":[58,59],"tags":[44,1235,1158,12936,45,1387,13343,12945],"class_list":["post-53367","post","type-post","status-publish","format-standard","has-post-thumbnail","hentry","category-argentina","category-politica","tag-argentina","tag-cgt","tag-javier-milei","tag-manuel-adorni","tag-noticias","tag-paro","tag-paro-cgt","tag-vocero-presidencial"],"amp_enabled":true,"_links":{"self":[{"href":"https:\/\/esreviral.com\/index.php?rest_route=\/wp\/v2\/posts\/53367"}],"collection":[{"href":"https:\/\/esreviral.com\/index.php?rest_route=\/wp\/v2\/posts"}],"about":[{"href":"https:\/\/esreviral.com\/index.php?rest_route=\/wp\/v2\/types\/post"}],"author":[{"embeddable":true,"href":"https:\/\/esreviral.com\/index.php?rest_route=\/wp\/v2\/users\/3"}],"replies":[{"embeddable":true,"href":"https:\/\/esreviral.com\/index.php?rest_route=%2Fwp%2Fv2%2Fcomments&post=53367"}],"version-history":[{"count":0,"href":"https:\/\/esreviral.com\/index.php?rest_route=\/wp\/v2\/posts\/53367\/revisions"}],"wp:featuredmedia":[{"embeddable":true,"href":"https:\/\/esreviral.com\/index.php?rest_route=\/wp\/v2\/media\/53368"}],"wp:attachment":[{"href":"https:\/\/esreviral.com\/index.php?rest_route=%2Fwp%2Fv2%2Fmedia&parent=53367"}],"wp:term":[{"taxonomy":"category","embeddable":true,"href":"https:\/\/esreviral.com\/index.php?rest_route=%2Fwp%2Fv2%2Fcategories&post=53367"},{"taxonomy":"post_tag","embeddable":true,"href":"https:\/\/esreviral.com\/index.php?rest_route=%2Fwp%2Fv2%2Ftags&post=53367"}],"curies":[{"name":"wp","href":"https:\/\/api.w.org\/{rel}","templated":true}]}}