{"id":53235,"date":"2024-05-06T12:36:27","date_gmt":"2024-05-06T17:36:27","guid":{"rendered":"https:\/\/esreviral.com\/?p=53235"},"modified":"2024-05-06T12:36:28","modified_gmt":"2024-05-06T17:36:28","slug":"desde-manana-habra-que-pagar-por-estacionar-en-las-calles-de-puerto-madero","status":"publish","type":"post","link":"https:\/\/esreviral.com\/?p=53235","title":{"rendered":"Desde ma\u00f1ana habr\u00e1 que pagar por estacionar en las calles de Puerto Madero"},"content":{"rendered":"\n<p>En el marco del anuncio realizado a principios de abril por el Gobierno de la Ciudad de Buenos Aires,\u00a0<strong>desde ma\u00f1ana, martes 7 de mayo, se deber\u00e1 pagar para estacionar en las calles de\u00a0<\/strong><em><strong>Puerto Madero<\/strong><\/em>. Debido a esta medida, se sumar\u00e1n 168 cuadras y 3.695 nuevos espacios de estacionamiento medido a los 4.457 que ya exist\u00edan en territorio porte\u00f1o.<\/p>\n\n\n\n<p>Repleto de oficinas, restaurantes y edificios imponentes, las calles del exclusivo barrio de Puerto Madero estaban liberadas para el estacionamiento. Muchos trabajadores dejan ah\u00ed sus veh\u00edculos para luego trasladarse a sus lugares de trabajo. As\u00ed se evitaban demoras y tener que abonar cocheras privadas.<\/p>\n\n\n\n<p>\u201cEstamos comprometidos con la mejora constante de nuestra ciudad, y la inclusi\u00f3n de Puerto Madero en la zona tarifada de estacionamiento medido es un paso importante en ese camino. Esta medida busca no solo optimizar la fluidez del tr\u00e1nsito, sino tambi\u00e9n mejorar el ordenamiento urbano y garantizar la seguridad vial en nuestras calles\u201d, explic\u00f3\u00a0<strong>Pablo Bereciart\u00faa<\/strong>, ministro de Infraestructura porte\u00f1o, al anunciar la implementaci\u00f3n del sistema.<\/p>\n\n\n\n<p><strong><mark style=\"background-color:rgba(0, 0, 0, 0)\" class=\"has-inline-color has-vivid-red-color\">Qu\u00e9 d\u00edas funcionar\u00e1 el estacionamiento medido en Puerto Madero<\/mark><\/strong><\/p>\n\n\n\n<figure class=\"wp-block-image size-full\"><img fetchpriority=\"high\" decoding=\"async\" width=\"768\" height=\"768\" src=\"https:\/\/esreviral.com\/wp-content\/uploads\/2024\/05\/IRSTXXABE5C5NPDZLZZFBOUBGU.webp\" alt=\"\" class=\"wp-image-53236\" srcset=\"https:\/\/esreviral.com\/wp-content\/uploads\/2024\/05\/IRSTXXABE5C5NPDZLZZFBOUBGU.webp 768w, https:\/\/esreviral.com\/wp-content\/uploads\/2024\/05\/IRSTXXABE5C5NPDZLZZFBOUBGU-300x300.webp 300w, https:\/\/esreviral.com\/wp-content\/uploads\/2024\/05\/IRSTXXABE5C5NPDZLZZFBOUBGU-150x150.webp 150w, https:\/\/esreviral.com\/wp-content\/uploads\/2024\/05\/IRSTXXABE5C5NPDZLZZFBOUBGU-75x75.webp 75w, https:\/\/esreviral.com\/wp-content\/uploads\/2024\/05\/IRSTXXABE5C5NPDZLZZFBOUBGU-350x350.webp 350w, https:\/\/esreviral.com\/wp-content\/uploads\/2024\/05\/IRSTXXABE5C5NPDZLZZFBOUBGU-750x750.webp 750w\" sizes=\"(max-width: 768px) 100vw, 768px\" \/><\/figure>\n\n\n\n<p>Al igual que en los otros barrios donde hay que pagar para estacionar en la calle, el estacionamiento tarifado en Puerto Madero regir\u00e1&nbsp;<strong>de lunes a viernes de 8 a 20 y los s\u00e1bados de 8 a 13<\/strong>.<\/p>\n\n\n\n<p>En cambio,<strong>&nbsp;los domingos y feriados no tendr\u00e1 vigencia.<\/strong><\/p>\n\n\n\n<p>As\u00ed,&nbsp;<strong>se busca mejorar el ordenamiento y la seguridad vial en las calles, alentar la rotaci\u00f3n de estacionamiento en la zona y desincentivar el estacionamiento prolongado de visitantes<\/strong>, lo que hace que no encuentre lugares para estacionar, seg\u00fan se inform\u00f3 de manera oficial.<\/p>\n\n\n\n<p><strong><mark style=\"background-color:rgba(0, 0, 0, 0)\" class=\"has-inline-color has-vivid-red-color\">Cu\u00e1nto costar\u00e1 la hora del estacionamiento medido en Puerto Madero y c\u00f3mo se puede abonar<\/mark><\/strong><\/p>\n\n\n\n<p>Tal como comunic\u00f3 la Jefatura de Gabinete del GCBA el pasado 8 de abril, la tarifa ser\u00e1 la misma que ya rige en los barrios de Balvanera, Monserrat, Recoleta, Retiro, San Nicol\u00e1s y San Telmo, que es de&nbsp;<strong>$176 la hora<\/strong>.<\/p>\n\n\n\n<p>La diferencia en el caso de Puerto Madero es que<strong>&nbsp;se aplicar\u00e1 una tarifa progresiva a partir de la segunda hora<\/strong>. De esta manera, se dispone un valor diferencial a partir de la segunda hora en los lugares de estacionamiento que requieran mayor rotaci\u00f3n, por lo cual se suma un 30 por ciento al valor original de la hora.<\/p>\n\n\n\n<p>El estacionamiento medido en la Ciudad se transform\u00f3 a mediados de 2022 con la implementaci\u00f3n del nuevo sistema, 100% digital, sin parqu\u00edmetros ni cospeles, que est\u00e1 a cargo del Ministerio de Infraestructura de GCBA. A partir de esta medida,\u00a0<strong>se puede abonar con tarjeta de d\u00e9bito, cr\u00e9dito o Mercado Pago a trav\u00e9s de la app Blinkay, o en efectivo en los comercios adheridos.<\/strong><\/p>\n\n\n\n<iframe src=\"https:\/\/www.google.com\/maps\/d\/embed?mid=18nOwl6etrkuJ6d3Ekj_TeEZ7PVxkkbo&#038;ehbc=2E312F\" width=\"640\" height=\"480\"><\/iframe>\n\n\n\n<p><strong><mark style=\"background-color:rgba(0, 0, 0, 0)\" class=\"has-inline-color has-vivid-red-color\">Beneficio para residentes<\/mark><\/strong><\/p>\n\n\n\n<p>Quienes vivan dentro de la zona tarifada ya pueden tramitar&nbsp;<strong>el beneficio de estacionamiento gratuito en un radio de 300 metros de su domicilio<\/strong>. Los vecinos de los barrios de Retiro, Monserrat, San Nicol\u00e1s, San Telmo, Recoleta, Balvanera, y desde ma\u00f1ana Puerto Madero, pueden completar la inscripci\u00f3n en la p\u00e1gina oficial del gobierno porte\u00f1o.<\/p>\n\n\n\n<p>Los&nbsp;<strong>requisitos&nbsp;<\/strong>para que los residentes puedan acceder al beneficio son:<\/p>\n\n\n\n<ul class=\"wp-block-list\">\n<li>Tener cuenta de miBA, el portal para realizar tr\u00e1mites en GCBA.<\/li>\n\n\n\n<li>Contar con DNI o un servicio con domicilio dentro de la zona tarifada.<\/li>\n\n\n\n<li>Contar con n\u00famero de partida de ABL del domicilio (no hace falta ser titular de la boleta)*. Y el d\u00edgito verificador (DV) adem\u00e1s de la partida (7 d\u00edgitos de partida + 2 DV)<\/li>\n\n\n\n<li>Poseer c\u00e9dula \u00fanica de identificaci\u00f3n del veh\u00edculo (ex c\u00e9dula verde) o c\u00e9dula para autorizado a conducir (ex c\u00e9dula azul)**.<\/li>\n\n\n\n<li>El veh\u00edculo registrado no debe tener deuda del Impuesto de Radicaci\u00f3n de Veh\u00edculos e Infracciones de Tr\u00e1nsito. En caso de tenerla, el vecino puede acceder al beneficio y saldar la deuda dentro de los 12 meses de vigencia.<\/li>\n<\/ul>\n\n\n\n<p>No obstante, las autoridades porte\u00f1as aclararon que el beneficio aplica solo para unidades de vivienda. Adem\u00e1s, el veh\u00edculo a registrar tiene que estar a nombre de una persona f\u00edsica.<\/p>\n\n\n\n<p><strong><mark style=\"background-color:rgba(0, 0, 0, 0)\" class=\"has-inline-color has-vivid-red-color\">El estacionamiento medido de CABA, en n\u00fameros<\/mark><\/strong><\/p>\n\n\n\n<ul class=\"wp-block-list\">\n<li>Cantidad de cuadras que se suman: 168<\/li>\n\n\n\n<li>Capacidad de veh\u00edculos: 3.695 autos<\/li>\n\n\n\n<li>Vecinos beneficiados con el estacionamiento medido en Puerto Madero: 4.766<\/li>\n\n\n\n<li>Cantidad total actual de espacios tarifados en la Ciudad: 4.457<\/li>\n<\/ul>\n\n\n\n<p class=\"has-text-align-right\"><strong><em>Infobae.-<\/em><\/strong><\/p>\n","protected":false},"excerpt":{"rendered":"<p>El Gobierno de la Ciudad de Buenos Aires sumar\u00e1 168 cuadras y 3.695 nuevos espacios de estacionamiento medido a los 4.457 que ya exist\u00edan en territorio porte\u00f1o<\/p>\n","protected":false},"author":3,"featured_media":53237,"comment_status":"open","ping_status":"open","sticky":false,"template":"","format":"standard","meta":{"jnews-multi-image_gallery":[],"jnews_single_post":{"subtitle":"","format":"standard","video":"","gallery":"","source_name":"","source_url":"","via_name":"","via_url":"","override_template":"0","override":[{"template":"4","single_blog_custom":"","parallax":"1","fullscreen":"1","layout":"right-sidebar","sidebar":"default-sidebar","second_sidebar":"default-sidebar","sticky_sidebar":"1","share_position":"top","share_float_style":"share-monocrhome","show_share_counter":"1","show_view_counter":"1","show_featured":"1","show_post_meta":"1","show_post_author":"1","show_post_author_image":"1","show_post_date":"1","post_date_format":"default","post_date_format_custom":"Y\/m\/d","show_post_category":"1","show_post_reading_time":"1","post_reading_time_wpm":"300","show_zoom_button":"1","zoom_button_out_step":"2","zoom_button_in_step":"3","show_post_tag":"1","show_prev_next_post":"1","show_popup_post":"1","number_popup_post":"1","show_author_box":"1","show_post_related":"1","show_inline_post_related":"0"}],"override_image_size":"0","image_override":[{"single_post_thumbnail_size":"crop-500","single_post_gallery_size":"crop-500"}],"trending_post":"0","trending_post_position":"meta","trending_post_label":"Trending","sponsored_post":"0","sponsored_post_label":"Sponsored by","sponsored_post_name":"","sponsored_post_url":"","sponsored_post_logo_enable":"0","sponsored_post_logo":"","sponsored_post_desc":"","disable_ad":"0"},"jnews_primary_category":{"id":"","hide":""},"jnews_social_meta":{"fb_title":"","fb_description":"","fb_image":"","twitter_title":"","twitter_description":"","twitter_image":""},"jnews_review":[],"enable_review":"0","type":"percentage","name":"","summary":"","brand":"","sku":"","good":[{"good_text":""}],"bad":[{"bad_text":""}],"score_override":"","override_value":"","rating":[{"rating_text":"","rating_number":"10"}],"price":[{"shop":"","price":"","link":"","icon":""}],"jnews_override_counter":{"override_view_counter":"0","view_counter_number":"0","override_share_counter":"0","share_counter_number":"0","override_like_counter":"0","like_counter_number":"0","override_dislike_counter":"0","dislike_counter_number":"0"},"jnews_post_split":{"enable_post_split":"0","post_split":[{"template":"1","tag":"h2","numbering":"asc","mode":"normal","first":"0","enable_toc":"0","toc_type":"normal"}]},"footnotes":""},"categories":[58,61],"tags":[44,468,894,1932,15123,657],"class_list":["post-53235","post","type-post","status-publish","format-standard","has-post-thumbnail","hentry","category-argentina","category-economia","tag-argentina","tag-caba","tag-ciudad-de-buenos-aires","tag-estacionamiento","tag-estacionamiento-medido","tag-puerto-madero"],"amp_enabled":true,"_links":{"self":[{"href":"https:\/\/esreviral.com\/index.php?rest_route=\/wp\/v2\/posts\/53235"}],"collection":[{"href":"https:\/\/esreviral.com\/index.php?rest_route=\/wp\/v2\/posts"}],"about":[{"href":"https:\/\/esreviral.com\/index.php?rest_route=\/wp\/v2\/types\/post"}],"author":[{"embeddable":true,"href":"https:\/\/esreviral.com\/index.php?rest_route=\/wp\/v2\/users\/3"}],"replies":[{"embeddable":true,"href":"https:\/\/esreviral.com\/index.php?rest_route=%2Fwp%2Fv2%2Fcomments&post=53235"}],"version-history":[{"count":0,"href":"https:\/\/esreviral.com\/index.php?rest_route=\/wp\/v2\/posts\/53235\/revisions"}],"wp:featuredmedia":[{"embeddable":true,"href":"https:\/\/esreviral.com\/index.php?rest_route=\/wp\/v2\/media\/53237"}],"wp:attachment":[{"href":"https:\/\/esreviral.com\/index.php?rest_route=%2Fwp%2Fv2%2Fmedia&parent=53235"}],"wp:term":[{"taxonomy":"category","embeddable":true,"href":"https:\/\/esreviral.com\/index.php?rest_route=%2Fwp%2Fv2%2Fcategories&post=53235"},{"taxonomy":"post_tag","embeddable":true,"href":"https:\/\/esreviral.com\/index.php?rest_route=%2Fwp%2Fv2%2Ftags&post=53235"}],"curies":[{"name":"wp","href":"https:\/\/api.w.org\/{rel}","templated":true}]}}