{"id":53203,"date":"2024-05-06T08:38:53","date_gmt":"2024-05-06T13:38:53","guid":{"rendered":"https:\/\/esreviral.com\/?p=53203"},"modified":"2024-05-06T08:38:53","modified_gmt":"2024-05-06T13:38:53","slug":"aclaracion-de-vialidad-sobre-la-cedula-azul-y-los-cambios-para-circular-con-el-automovil","status":"publish","type":"post","link":"https:\/\/esreviral.com\/?p=53203","title":{"rendered":"Aclaraci\u00f3n de Vialidad sobre la c\u00e9dula azul y los cambios para circular con el autom\u00f3vil"},"content":{"rendered":"\n<p>Luego de que el viernes pasado el gobierno informara que\u00a0<strong>eliminar\u00e1 la c\u00e9dula azul y la fecha de caducidad de la c\u00e9dula verde,<\/strong>\u00a0la\u00a0<strong>Agencia Nacional de Seguridad Vial<\/strong>\u00a0(ANSV) emiti\u00f3 una importante aclaraci\u00f3n ante la confusi\u00f3n que hab\u00edan generado los anuncios en muchos automovilistas.<\/p>\n\n\n\n<p>La ANSV afirm\u00f3 que&nbsp;<strong>por el momento se mantienen los requerimientos de la ley vigente con respecto a la documentaci\u00f3n solicitada para la circulaci\u00f3n<\/strong>&nbsp;en veh\u00edculos en todo el territorio nacional. \u201dEsto ser\u00e1 as\u00ed hasta se dicten las normas necesarias para la aplicaci\u00f3n efectiva de las medidas anunciadas este viernes 3 de mayo de 2024\u2033, detall\u00f3 en un comunicado de prensa.<\/p>\n\n\n\n<p>Y a\u00f1adi\u00f3: \u201cDe esta manera, durante los controles vehiculares que el organismo nacional realiza junto a las jurisdicciones locales<strong>&nbsp;se continuar\u00e1 solicitando a los conductores la documentaci\u00f3n que requiere la ley vigente a la fecha\u201d.<\/strong><\/p>\n\n\n\n<p><strong>Esto implica que la c\u00e9dula azul contin\u00faa siendo obligatorias para quienes conduzcan un veh\u00edculo que no es propio.<\/strong><\/p>\n\n\n\n<p><strong><mark style=\"background-color:rgba(0, 0, 0, 0)\" class=\"has-inline-color has-vivid-red-color\">La documentaci\u00f3n y elementos necesarios para circular hoy son:<\/mark><\/strong><\/p>\n\n\n\n<p>-Documento Nacional de Identidad (DNI).<\/p>\n\n\n\n<p>-Licencia Nacional de Conducir.<\/p>\n\n\n\n<p>-C\u00e9dula verde y\/o azul.<\/p>\n\n\n\n<p>-Comprobante de seguro vigente.<\/p>\n\n\n\n<p>-Constancia de Revisi\u00f3n T\u00e9cnica Obligatoria (RTO) o Verificaci\u00f3n T\u00e9cnica<\/p>\n\n\n\n<p>Vehicular (VTV).<\/p>\n\n\n\n<p>-Chapas patente colocadas visibles, sin alteraciones y en buen estado.<\/p>\n\n\n\n<p>-Matafuegos con fecha vigente y balizas triangulares.<\/p>\n\n\n\n<figure class=\"wp-block-image size-large\"><img fetchpriority=\"high\" decoding=\"async\" width=\"1024\" height=\"638\" src=\"https:\/\/esreviral.com\/wp-content\/uploads\/2024\/05\/cedula-verde-que-pasa-si-esta-vencida-y-como-renovarla-evitar-multas-1024x638.webp\" alt=\"\" class=\"wp-image-53204\" srcset=\"https:\/\/esreviral.com\/wp-content\/uploads\/2024\/05\/cedula-verde-que-pasa-si-esta-vencida-y-como-renovarla-evitar-multas-1024x638.webp 1024w, https:\/\/esreviral.com\/wp-content\/uploads\/2024\/05\/cedula-verde-que-pasa-si-esta-vencida-y-como-renovarla-evitar-multas-300x187.webp 300w, https:\/\/esreviral.com\/wp-content\/uploads\/2024\/05\/cedula-verde-que-pasa-si-esta-vencida-y-como-renovarla-evitar-multas-768x478.webp 768w, https:\/\/esreviral.com\/wp-content\/uploads\/2024\/05\/cedula-verde-que-pasa-si-esta-vencida-y-como-renovarla-evitar-multas-750x467.webp 750w, https:\/\/esreviral.com\/wp-content\/uploads\/2024\/05\/cedula-verde-que-pasa-si-esta-vencida-y-como-renovarla-evitar-multas.webp 1084w\" sizes=\"(max-width: 1024px) 100vw, 1024px\" \/><\/figure>\n\n\n\n<p>La simplificaci\u00f3n de requisitos y tr\u00e1mites para la adquisici\u00f3n y registraci\u00f3n de un autom\u00f3vil fue una de las promesas de campa\u00f1a que se plasmaron en el contenido del&nbsp;<strong>DNU del 21 de diciembre.<\/strong><\/p>\n\n\n\n<p>Pero a pesar de los cambios anunciados por el Ministerio de Justicia de la Naci\u00f3n, <strong>la conformaci\u00f3n de un Registro Nacional del Automotor \u00fanico, simple, digital y accesible todav\u00eda no es una realidad.<\/strong><\/p>\n\n\n\n<p>La&nbsp;<strong>c\u00e9dula verde<\/strong>&nbsp;es el documento que certifica la vinculaci\u00f3n entre un veh\u00edculo y su propietario. En ella figuran la identidad y domicilio del titular y los datos de completos del autom\u00f3vil incluyendo dominio (patente), marca, modelo, tipo y dos datos fundamentales como son los n\u00fameros de chasis y motor.<\/p>\n\n\n\n<p>Hasta ahora, las c\u00e9dulas verdes ten\u00edan fecha de vencimiento de un a\u00f1o respecto a la fecha en que se hizo la inscripci\u00f3n del nuevo titular. Sin embargo, esa fecha de vencimiento no imped\u00eda el uso por parte del propietario inscripto como tal.<\/p>\n\n\n\n<p>En cambio, cualquier otra persona pod\u00eda conducir el veh\u00edculo a\u00fan no siendo titular mientras la c\u00e9dula verde no estuviera vencida. Una vez que hab\u00eda caducado esa vigencia, la \u00fanica forma legal de permitir que un tercero condujera un veh\u00edculo, era a trav\u00e9s de otro documento, el cual fue llamado<strong>&nbsp;c\u00e9dula azul.<\/strong><\/p>\n\n\n\n<p>Esto ahora no suceder\u00e1 m\u00e1s,&nbsp;<strong>la c\u00e9dula verde no vence y s\u00f3lo deber\u00e1 ser reemplazada cuando se cambie la titularidad de un autom\u00f3vil.<\/strong><\/p>\n\n\n\n<p>Aunque de este mismo modo funciona en otros pa\u00edses desarrollados como&nbsp;<strong>Estados Unidos<\/strong>, habr\u00e1 que esperar para ver c\u00f3mo se reglamentan estas decisiones, ya que&nbsp;<strong>ante un el robo de un autom\u00f3vil,<\/strong>&nbsp;por ejemplo, si qui\u00e9n sustrae la unidad tambi\u00e9n tiene en su poder la c\u00e9dula verde, no habr\u00e1 motivo para impedir que circule con un veh\u00edculo que no es de su propiedad.<\/p>\n\n\n\n<p>Una vez confirmada la noticia, el presidente Javier Milei utiliz\u00f3 su cuenta de X para emitir dos posteos al respecto en los que mencion\u00f3 que \u201cnunca&nbsp;<strong>nadie se anim\u00f3 a tocar los registros del automotor\u201d<\/strong>.<\/p>\n\n\n\n<p><strong>\u201cDe ahora en m\u00e1s comprar o vender un auto ser\u00e1 como en el resto del mundo. F\u00e1cil, barato y r\u00e1pido. Sin curros, ni ventanillas, ni negociados&#8230;<\/strong>\u201d, fue su segunda frase.<\/p>\n\n\n\n<p>D\u00edas atr\u00e1s, el gobierno tambi\u00e9n anunci\u00f3 que<strong>\u00a0reducir\u00e1 el 40% de los Registros del Automotor<\/strong> y aclar\u00f3 que comenzar\u00e1 por aquellos que llevan intervenidos m\u00e1s de 2 a\u00f1os, y luego proceder\u00e1 con el cierre de los restantes intervenidos. Adem\u00e1s, inform\u00f3 que\u00a0<strong>reducir\u00e1 el 30% del personal de la Direcci\u00f3n de Registros Automotor<\/strong>, en el marco de un plan de retiros voluntarios y jubilaciones anticipadas.<\/p>\n\n\n\n<p><strong><em><mark style=\"background-color:rgba(0, 0, 0, 0)\" class=\"has-inline-color has-vivid-red-color\"><a href=\"https:\/\/esreviral.com\/la-documentacion-obligatoria-para-circular-en-auto-tras-el-anuncio-del-gobierno\/\" data-type=\"link\" data-id=\"https:\/\/esreviral.com\/la-documentacion-obligatoria-para-circular-en-auto-tras-el-anuncio-del-gobierno\/\">Lea Tambi\u00e9n: La documentaci\u00f3n obligatoria para circular en auto tras el anuncio del Gobierno<\/a><\/mark><\/em><\/strong><\/p>\n\n\n\n<p class=\"has-text-align-right\"><strong><em>Infobae.-<\/em><\/strong><\/p>\n","protected":false},"excerpt":{"rendered":"<p>La semana pasada, el Ministerio de Justicia inform\u00f3 que ya no ser\u00e1 necesario emitir un documento adicional para autorizar a terceros a conducir un veh\u00edculo<\/p>\n","protected":false},"author":3,"featured_media":53205,"comment_status":"open","ping_status":"open","sticky":false,"template":"","format":"standard","meta":{"jnews-multi-image_gallery":[],"jnews_single_post":{"subtitle":"","format":"standard","video":"","gallery":"","source_name":"","source_url":"","via_name":"","via_url":"","override_template":"0","override":[{"template":"4","single_blog_custom":"","parallax":"1","fullscreen":"1","layout":"right-sidebar","sidebar":"default-sidebar","second_sidebar":"default-sidebar","sticky_sidebar":"1","share_position":"top","share_float_style":"share-monocrhome","show_share_counter":"1","show_view_counter":"1","show_featured":"1","show_post_meta":"1","show_post_author":"1","show_post_author_image":"1","show_post_date":"1","post_date_format":"default","post_date_format_custom":"Y\/m\/d","show_post_category":"1","show_post_reading_time":"1","post_reading_time_wpm":"300","show_zoom_button":"1","zoom_button_out_step":"2","zoom_button_in_step":"3","show_post_tag":"1","show_prev_next_post":"1","show_popup_post":"1","number_popup_post":"1","show_author_box":"1","show_post_related":"1","show_inline_post_related":"0"}],"override_image_size":"0","image_override":[{"single_post_thumbnail_size":"crop-500","single_post_gallery_size":"crop-500"}],"trending_post":"0","trending_post_position":"meta","trending_post_label":"Trending","sponsored_post":"0","sponsored_post_label":"Sponsored by","sponsored_post_name":"","sponsored_post_url":"","sponsored_post_logo_enable":"0","sponsored_post_logo":"","sponsored_post_desc":"","disable_ad":"0"},"jnews_primary_category":{"id":"","hide":""},"jnews_social_meta":{"fb_title":"","fb_description":"","fb_image":"","twitter_title":"","twitter_description":"","twitter_image":""},"jnews_review":[],"enable_review":"0","type":"percentage","name":"","summary":"","brand":"","sku":"","good":[{"good_text":""}],"bad":[{"bad_text":""}],"score_override":"","override_value":"","rating":[{"rating_text":"","rating_number":"10"}],"price":[{"shop":"","price":"","link":"","icon":""}],"jnews_override_counter":{"override_view_counter":"0","view_counter_number":"0","override_share_counter":"0","share_counter_number":"0","override_like_counter":"0","like_counter_number":"0","override_dislike_counter":"0","dislike_counter_number":"0"},"jnews_post_split":{"enable_post_split":"0","post_split":[{"template":"1","tag":"h2","numbering":"asc","mode":"normal","first":"0","enable_toc":"0","toc_type":"normal"}]},"footnotes":""},"categories":[43,58],"tags":[6137,15107,44,6927,6926,45,15108],"class_list":["post-53203","post","type-post","status-publish","format-standard","has-post-thumbnail","hentry","category-actualidad","category-argentina","tag-agencia-nacional-de-seguridad-vial","tag-ansv","tag-argentina","tag-cedula-azul","tag-cedula-verde","tag-noticias","tag-vialidad-nacional"],"amp_enabled":true,"_links":{"self":[{"href":"https:\/\/esreviral.com\/index.php?rest_route=\/wp\/v2\/posts\/53203"}],"collection":[{"href":"https:\/\/esreviral.com\/index.php?rest_route=\/wp\/v2\/posts"}],"about":[{"href":"https:\/\/esreviral.com\/index.php?rest_route=\/wp\/v2\/types\/post"}],"author":[{"embeddable":true,"href":"https:\/\/esreviral.com\/index.php?rest_route=\/wp\/v2\/users\/3"}],"replies":[{"embeddable":true,"href":"https:\/\/esreviral.com\/index.php?rest_route=%2Fwp%2Fv2%2Fcomments&post=53203"}],"version-history":[{"count":0,"href":"https:\/\/esreviral.com\/index.php?rest_route=\/wp\/v2\/posts\/53203\/revisions"}],"wp:featuredmedia":[{"embeddable":true,"href":"https:\/\/esreviral.com\/index.php?rest_route=\/wp\/v2\/media\/53205"}],"wp:attachment":[{"href":"https:\/\/esreviral.com\/index.php?rest_route=%2Fwp%2Fv2%2Fmedia&parent=53203"}],"wp:term":[{"taxonomy":"category","embeddable":true,"href":"https:\/\/esreviral.com\/index.php?rest_route=%2Fwp%2Fv2%2Fcategories&post=53203"},{"taxonomy":"post_tag","embeddable":true,"href":"https:\/\/esreviral.com\/index.php?rest_route=%2Fwp%2Fv2%2Ftags&post=53203"}],"curies":[{"name":"wp","href":"https:\/\/api.w.org\/{rel}","templated":true}]}}