{"id":53183,"date":"2024-05-06T08:05:03","date_gmt":"2024-05-06T13:05:03","guid":{"rendered":"https:\/\/esreviral.com\/?p=53183"},"modified":"2024-05-06T08:05:03","modified_gmt":"2024-05-06T13:05:03","slug":"video-de-un-hombre-llevandose-a-nina-venezolana-asesinada-en-colombia","status":"publish","type":"post","link":"https:\/\/esreviral.com\/?p=53183","title":{"rendered":"Video de un hombre llev\u00e1ndose a ni\u00f1a venezolana asesinada en Colombia"},"content":{"rendered":"\n<p>La conmoci\u00f3n en Colombia sigue en aumento tras el tr\u00e1gico asesinato de Kerly Cuevas, una&nbsp;<strong>ni\u00f1a venezolana de ocho a\u00f1os de edad que fue raptada y posteriormente asesinada<\/strong>&nbsp;en Gir\u00f3n, Bucaramanga, Santander, el pasado 1 de mayo.<\/p>\n\n\n\n<p>Kerly hab\u00eda migrado junto a su madre desde Santa Isabel, en el municipio Andr\u00e9s Bello del estado Trujillo, en busca de mejores oportunidades de vida.<\/p>\n\n\n\n<p>\u201cElla es una ni\u00f1a, es un angelito, y la verdad\u2026&nbsp;<strong>era mi \u00fanica hija y yo me vine de Venezuela para ofrecerle un futuro mejor\u201d<\/strong>, expres\u00f3 Kely Mater\u00e1n, la madre de la menor, en entrevista con Noticias Caracol.<\/p>\n\n\n\n<p>La ni\u00f1a estaba bajo el cuidado de una vecina mientras su madre trabajaba. Se encontraba jugando con amigos del vecindario cuando&nbsp;<strong>desapareci\u00f3<\/strong>.<\/p>\n\n\n\n<p>Recientemente, revelaron un&nbsp;video&nbsp;de una c\u00e1mara de seguridad en el que se aprecia&nbsp;<strong>el momento en el que Kerly caminaba junto a un hombre adulto<\/strong>; el cual sirvi\u00f3 para que comenzara la b\u00fasqueda por parte de las autoridades.<\/p>\n\n\n\n<p><strong><mark style=\"background-color:rgba(0, 0, 0, 0)\" class=\"has-inline-color has-vivid-red-color\">Video del momento en el que un hombre caminaba junto a la ni\u00f1a venezolana asesinada en Colombia<\/mark><\/strong><\/p>\n\n\n\n<blockquote class=\"twitter-tweet\"><p lang=\"es\" dir=\"ltr\"><a href=\"https:\/\/twitter.com\/hashtag\/06May?src=hash&amp;ref_src=twsrc%5Etfw\">#06May<\/a> el momento en el que un hombre caminaba junto a la ni\u00f1a venezolana asesinada en Colombia <a href=\"https:\/\/t.co\/mRFGtnxHp5\">pic.twitter.com\/mRFGtnxHp5<\/a><\/p>&mdash; ES RE VIRAL (@esreviral) <a href=\"https:\/\/twitter.com\/esreviral\/status\/1787467637460509145?ref_src=twsrc%5Etfw\">May 6, 2024<\/a><\/blockquote> <script async src=\"https:\/\/platform.twitter.com\/widgets.js\" charset=\"utf-8\"><\/script>\n\n\n\n<p>Las investigaciones se dirigieron hacia la ribera del r\u00edo de Oro, lugar al que se habr\u00eda dirigido el individuo con la ni\u00f1a. Finalmente,&nbsp;<strong>el cuerpo sin vida<\/strong>&nbsp;de Kerly lo encontr\u00f3 el Ej\u00e9rcito en una zona boscosa de Gir\u00f3n, alrededor de las 8:00 pm, detr\u00e1s de la estaci\u00f3n de Metrol\u00ednea en el municipio.<\/p>\n\n\n\n<p>Esta se trata de una zona donde suelen congregarse consumidores de droga en la parte alta de una monta\u00f1a.<\/p>\n\n\n\n<p class=\"has-text-align-right\"><strong><em>ElNacional.-<\/em><\/strong><\/p>\n","protected":false},"excerpt":{"rendered":"<p>La ni\u00f1a estaba bajo el cuidado de una vecina mientras su madre trabajaba. Se encontraba jugando con amigos del vecindario cuando desapareci\u00f3<\/p>\n","protected":false},"author":3,"featured_media":53184,"comment_status":"open","ping_status":"open","sticky":false,"template":"","format":"standard","meta":{"jnews-multi-image_gallery":[],"jnews_single_post":{"subtitle":"","format":"standard","video":"","gallery":"","source_name":"","source_url":"","via_name":"","via_url":"","override_template":"0","override":[{"template":"4","single_blog_custom":"","parallax":"1","fullscreen":"1","layout":"right-sidebar","sidebar":"default-sidebar","second_sidebar":"default-sidebar","sticky_sidebar":"1","share_position":"top","share_float_style":"share-monocrhome","show_share_counter":"1","show_view_counter":"1","show_featured":"1","show_post_meta":"1","show_post_author":"1","show_post_author_image":"1","show_post_date":"1","post_date_format":"default","post_date_format_custom":"Y\/m\/d","show_post_category":"1","show_post_reading_time":"1","post_reading_time_wpm":"300","show_zoom_button":"1","zoom_button_out_step":"2","zoom_button_in_step":"3","show_post_tag":"1","show_prev_next_post":"1","show_popup_post":"1","number_popup_post":"1","show_author_box":"1","show_post_related":"1","show_inline_post_related":"0"}],"override_image_size":"0","image_override":[{"single_post_thumbnail_size":"crop-500","single_post_gallery_size":"crop-500"}],"trending_post":"0","trending_post_position":"meta","trending_post_label":"Trending","sponsored_post":"0","sponsored_post_label":"Sponsored by","sponsored_post_name":"","sponsored_post_url":"","sponsored_post_logo_enable":"0","sponsored_post_logo":"","sponsored_post_desc":"","disable_ad":"0"},"jnews_primary_category":{"id":"","hide":""},"jnews_social_meta":{"fb_title":"","fb_description":"","fb_image":"","twitter_title":"","twitter_description":"","twitter_image":""},"jnews_review":[],"enable_review":"0","type":"percentage","name":"","summary":"","brand":"","sku":"","good":[{"good_text":""}],"bad":[{"bad_text":""}],"score_override":"","override_value":"","rating":[{"rating_text":"","rating_number":"10"}],"price":[{"shop":"","price":"","link":"","icon":""}],"jnews_override_counter":{"override_view_counter":"0","view_counter_number":"0","override_share_counter":"0","share_counter_number":"0","override_like_counter":"0","like_counter_number":"0","override_dislike_counter":"0","dislike_counter_number":"0"},"jnews_post_split":{"enable_post_split":"0","post_split":[{"template":"1","tag":"h2","numbering":"asc","mode":"normal","first":"0","enable_toc":"0","toc_type":"normal"}]},"footnotes":""},"categories":[88,64],"tags":[4608,10805,283,1752,45],"class_list":["post-53183","post","type-post","status-publish","format-standard","has-post-thumbnail","hentry","category-internacionales","category-sucesos","tag-asesinada","tag-bucaramanga","tag-colombia","tag-nina-venezolana","tag-noticias"],"amp_enabled":true,"_links":{"self":[{"href":"https:\/\/esreviral.com\/index.php?rest_route=\/wp\/v2\/posts\/53183"}],"collection":[{"href":"https:\/\/esreviral.com\/index.php?rest_route=\/wp\/v2\/posts"}],"about":[{"href":"https:\/\/esreviral.com\/index.php?rest_route=\/wp\/v2\/types\/post"}],"author":[{"embeddable":true,"href":"https:\/\/esreviral.com\/index.php?rest_route=\/wp\/v2\/users\/3"}],"replies":[{"embeddable":true,"href":"https:\/\/esreviral.com\/index.php?rest_route=%2Fwp%2Fv2%2Fcomments&post=53183"}],"version-history":[{"count":0,"href":"https:\/\/esreviral.com\/index.php?rest_route=\/wp\/v2\/posts\/53183\/revisions"}],"wp:featuredmedia":[{"embeddable":true,"href":"https:\/\/esreviral.com\/index.php?rest_route=\/wp\/v2\/media\/53184"}],"wp:attachment":[{"href":"https:\/\/esreviral.com\/index.php?rest_route=%2Fwp%2Fv2%2Fmedia&parent=53183"}],"wp:term":[{"taxonomy":"category","embeddable":true,"href":"https:\/\/esreviral.com\/index.php?rest_route=%2Fwp%2Fv2%2Fcategories&post=53183"},{"taxonomy":"post_tag","embeddable":true,"href":"https:\/\/esreviral.com\/index.php?rest_route=%2Fwp%2Fv2%2Ftags&post=53183"}],"curies":[{"name":"wp","href":"https:\/\/api.w.org\/{rel}","templated":true}]}}