{"id":53166,"date":"2024-05-04T08:37:10","date_gmt":"2024-05-04T13:37:10","guid":{"rendered":"https:\/\/esreviral.com\/?p=53166"},"modified":"2024-05-04T08:37:10","modified_gmt":"2024-05-04T13:37:10","slug":"gobierno-de-milei-saco-telesur-de-la-grilla-de-tv-digital-abierta-de-argentina","status":"publish","type":"post","link":"https:\/\/esreviral.com\/?p=53166","title":{"rendered":"Gobierno de Milei sac\u00f3 Telesur de la grilla de TV digital abierta de Argentina"},"content":{"rendered":"\n<p>El Gobierno de Javie Milei sac\u00f3 este viernes al canal chavista Telesur de la grilla de la Televisi\u00f3n Digital Abierta (TDA), puesto que<strong>\u00a0no renovar\u00e1 el contrato que ten\u00eda para transmitir en Argentina<\/strong>.<\/p>\n\n\n\n<p>Fuentes cercanas a la TV P\u00fablica de Argentina confirmaron esta medida a\u00a0<em>La Naci\u00f3n<\/em>. De acuerdo al documento,\u00a0<strong>Telesur no podr\u00e1 transmitir m\u00e1s a partir del 1 de julio<\/strong>, cuando termina el contrato que firm\u00f3 en 2020.<\/p>\n\n\n\n<p>Diego Chaher, a cargo de las auditor\u00edas de Educ.ar, T\u00e9lam, Radio y Televisi\u00f3n Argentina y Contenidos P\u00fablicos, firm\u00f3 el documento enviado a Telesur. Adem\u00e1s, cit\u00f3 el Convenio de la TDA, que exige un&nbsp;<strong>preaviso de 60 d\u00edas cuando no renueven un canal<\/strong>.<\/p>\n\n\n\n<p>\u00abPor este formal medio y en ejercicio de las facultades de representaci\u00f3n legal que me fueran conferidas, a efectos de ejercer la facultad prevista en el art\u00edculo 2.2. del Convenio de Colaboraci\u00f3n suscripto el 20 de noviembre de 2020 dando por terminado el mismo con fecha 1 de julio de 2024\u00bb, indic\u00f3.<\/p>\n\n\n\n<p><strong><mark style=\"background-color:rgba(0, 0, 0, 0)\" class=\"has-inline-color has-vivid-red-color\">\u00bfCENSURA A TELESUR?<\/mark><\/strong><\/p>\n\n\n\n<p>Fuentes confirmaron que salida de Telesur fue aprobada por Chaher y por el coordinador general de Medios P\u00fablicos, Eduardo Gonz\u00e1lez. Adem\u00e1s, indicaron una medida del gobierno para&nbsp;<strong>reducir la grilla de la TDA<\/strong>&nbsp;y disminuir los gastos.<\/p>\n\n\n\n<p>\u00abEn el marco de la pol\u00edtica de\u00a0<strong>ahorro y austeridad<\/strong>\u00a0que est\u00e1 implementando el Gobierno Nacional, la intervenci\u00f3n de los medios p\u00fablicos tom\u00f3 la decisi\u00f3n de sacar las horas extras del personal\u00bb, expuso en un comunicado.<\/p>\n\n\n\n<p>El gobierno insisti\u00f3 en que la salida de Telesur no tiene razones pol\u00edticas, sino que es una \u00abdecisi\u00f3n para cuidar el gasto presupuestario que sale de los impuestos\u00bb. \u00abEsta&nbsp;<strong>no es una medida para cercenar la libertad de expresi\u00f3n<\/strong>&nbsp;ni censurar a nadie\u00bb, agreg\u00f3.<\/p>\n\n\n\n<p>La medida se tom\u00f3 mientras\u00a0<strong>aumentan las tensiones entre Milei y el gobierno de Maduro<\/strong>. Seis dirigentes opositores est\u00e1n asilados en la Embajada Argentina en Caracas, mientras que el chavismo ha acusado al mandatario argentino de \u00abfascista\u00bb.<\/p>\n\n\n\n<p class=\"has-text-align-right\"><strong><em>caraotadigital.net.-<\/em><\/strong><\/p>\n","protected":false},"excerpt":{"rendered":"<p>El interventor de los medios a cargo del Estado nacional, Diego Chaher, envi\u00f3 una carta documento que cumple con el preaviso previo en el contrato con la emisora de 60 d\u00edas<\/p>\n","protected":false},"author":3,"featured_media":53167,"comment_status":"open","ping_status":"open","sticky":false,"template":"","format":"standard","meta":{"jnews-multi-image_gallery":[],"jnews_single_post":{"subtitle":"","format":"standard","video":"","gallery":"","source_name":"","source_url":"","via_name":"","via_url":"","override_template":"0","override":[{"template":"4","single_blog_custom":"","parallax":"1","fullscreen":"1","layout":"right-sidebar","sidebar":"default-sidebar","second_sidebar":"default-sidebar","sticky_sidebar":"1","share_position":"top","share_float_style":"share-monocrhome","show_share_counter":"1","show_view_counter":"1","show_featured":"1","show_post_meta":"1","show_post_author":"1","show_post_author_image":"1","show_post_date":"1","post_date_format":"default","post_date_format_custom":"Y\/m\/d","show_post_category":"1","show_post_reading_time":"1","post_reading_time_wpm":"300","show_zoom_button":"1","zoom_button_out_step":"2","zoom_button_in_step":"3","show_post_tag":"1","show_prev_next_post":"1","show_popup_post":"1","number_popup_post":"1","show_author_box":"1","show_post_related":"1","show_inline_post_related":"0"}],"override_image_size":"0","image_override":[{"single_post_thumbnail_size":"crop-500","single_post_gallery_size":"crop-500"}],"trending_post":"0","trending_post_position":"meta","trending_post_label":"Trending","sponsored_post":"0","sponsored_post_label":"Sponsored by","sponsored_post_name":"","sponsored_post_url":"","sponsored_post_logo_enable":"0","sponsored_post_logo":"","sponsored_post_desc":"","disable_ad":"0"},"jnews_primary_category":{"id":"","hide":""},"jnews_social_meta":{"fb_title":"","fb_description":"","fb_image":"","twitter_title":"","twitter_description":"","twitter_image":""},"jnews_review":[],"enable_review":"0","type":"percentage","name":"","summary":"","brand":"","sku":"","good":[{"good_text":""}],"bad":[{"bad_text":""}],"score_override":"","override_value":"","rating":[{"rating_text":"","rating_number":"10"}],"price":[{"shop":"","price":"","link":"","icon":""}],"jnews_override_counter":{"override_view_counter":"0","view_counter_number":"0","override_share_counter":"0","share_counter_number":"0","override_like_counter":"0","like_counter_number":"0","override_dislike_counter":"0","dislike_counter_number":"0"},"jnews_post_split":{"enable_post_split":"0","post_split":[{"template":"1","tag":"h2","numbering":"asc","mode":"normal","first":"0","enable_toc":"0","toc_type":"normal"}]},"footnotes":""},"categories":[58],"tags":[44,15095,1251,15092,15093,15094],"class_list":["post-53166","post","type-post","status-publish","format-standard","has-post-thumbnail","hentry","category-argentina","tag-argentina","tag-canal-venezolano","tag-milei","tag-telesur","tag-tv-publica-2","tag-tv-publica-de-argentina"],"amp_enabled":true,"_links":{"self":[{"href":"https:\/\/esreviral.com\/index.php?rest_route=\/wp\/v2\/posts\/53166"}],"collection":[{"href":"https:\/\/esreviral.com\/index.php?rest_route=\/wp\/v2\/posts"}],"about":[{"href":"https:\/\/esreviral.com\/index.php?rest_route=\/wp\/v2\/types\/post"}],"author":[{"embeddable":true,"href":"https:\/\/esreviral.com\/index.php?rest_route=\/wp\/v2\/users\/3"}],"replies":[{"embeddable":true,"href":"https:\/\/esreviral.com\/index.php?rest_route=%2Fwp%2Fv2%2Fcomments&post=53166"}],"version-history":[{"count":0,"href":"https:\/\/esreviral.com\/index.php?rest_route=\/wp\/v2\/posts\/53166\/revisions"}],"wp:featuredmedia":[{"embeddable":true,"href":"https:\/\/esreviral.com\/index.php?rest_route=\/wp\/v2\/media\/53167"}],"wp:attachment":[{"href":"https:\/\/esreviral.com\/index.php?rest_route=%2Fwp%2Fv2%2Fmedia&parent=53166"}],"wp:term":[{"taxonomy":"category","embeddable":true,"href":"https:\/\/esreviral.com\/index.php?rest_route=%2Fwp%2Fv2%2Fcategories&post=53166"},{"taxonomy":"post_tag","embeddable":true,"href":"https:\/\/esreviral.com\/index.php?rest_route=%2Fwp%2Fv2%2Ftags&post=53166"}],"curies":[{"name":"wp","href":"https:\/\/api.w.org\/{rel}","templated":true}]}}