{"id":53045,"date":"2024-05-02T08:30:07","date_gmt":"2024-05-02T13:30:07","guid":{"rendered":"https:\/\/esreviral.com\/?p=53045"},"modified":"2024-05-02T08:30:08","modified_gmt":"2024-05-02T13:30:08","slug":"asi-fue-el-choque-de-autobuses-en-plena-9-de-julio-que-dejo-seis-heridos","status":"publish","type":"post","link":"https:\/\/esreviral.com\/?p=53045","title":{"rendered":"As\u00ed fue el choque de autobuses en plena 9 de Julio que dej\u00f3 seis heridos"},"content":{"rendered":"\n<p><strong>Seis personas resultaron heridas tras un fuerte choque de dos autobuses<\/strong>\u00a0en plena avenida 9 de Julio, que ocurri\u00f3 durante la madrugada y deriv\u00f3 en que una de las unidades terminase arriba de la vereda.<\/p>\n\n\n\n<p>El accidente ocurri\u00f3 durante las primeras horas del jueves, cuando dos internos de las&nbsp;<strong>l\u00edneas 67 y 101 chocaron en la esquina de 9 de Julio y Juncal,&nbsp;<\/strong>en el barrio de Retiro.<\/p>\n\n\n\n<p>Seg\u00fan se puede observar en las c\u00e1maras de seguridad de la Polic\u00eda de la Ciudad de Buenos Aires, el 101 cruza con el sem\u00e1foro en rojo, y es impactado en el costado derecho por el colectivo 67.<\/p>\n\n\n\n<p>Por el impacto, el 67 se desvi\u00f3 y termin\u00f3 montado arriba de una placita, donde derrib\u00f3 un \u00e1rbol y un sem\u00e1foro. Mientras tanto, el 101 fren\u00f3 varios metros m\u00e1s adelante.<\/p>\n\n\n\n<p>Luego del impacto, se acercaron al lugar personal de la Divisi\u00f3n Avenidas C\u00e9ntricas de la Polic\u00eda y el SAME, que traslad\u00f3 a&nbsp;<strong>seis personas a los hospitales Fern\u00e1ndez y Rivadavia,&nbsp;<\/strong>entre ellos el chofer del 67.<\/p>\n\n\n\n<p>Interviene la Unidad de Flagrancia Este, a cargo del Dr. Iglesias, que dispuso la detenci\u00f3n de ambos conductores y que sean sometidos a test de alcoholemia.<\/p>\n\n\n\n<blockquote class=\"twitter-tweet\"><p lang=\"es\" dir=\"ltr\"><a href=\"https:\/\/twitter.com\/hashtag\/02May?src=hash&amp;ref_src=twsrc%5Etfw\">#02May<\/a> As\u00ed fue el choque de autobuses en plena 9 de Julio que dej\u00f3 seis heridos <a href=\"https:\/\/t.co\/iwYatLQLkg\">pic.twitter.com\/iwYatLQLkg<\/a><\/p>&mdash; ES RE VIRAL (@esreviral) <a href=\"https:\/\/twitter.com\/esreviral\/status\/1786024539865899409?ref_src=twsrc%5Etfw\">May 2, 2024<\/a><\/blockquote> <script async src=\"https:\/\/platform.twitter.com\/widgets.js\" charset=\"utf-8\"><\/script>\n\n\n\n<p><em>Noticia en desarrollo<\/em><\/p>\n\n\n\n<p class=\"has-text-align-right\"><strong><em>Clarin.-<\/em><\/strong><\/p>\n","protected":false},"excerpt":{"rendered":"<p>Ocurri\u00f3 durante la madrugada, en una esquina de Retiro.<br \/>\nUno de los autobuses termin\u00f3 arriba de la vereda<\/p>\n","protected":false},"author":3,"featured_media":53046,"comment_status":"open","ping_status":"open","sticky":false,"template":"","format":"standard","meta":{"jnews-multi-image_gallery":[],"jnews_single_post":{"subtitle":"","format":"standard","video":"","gallery":"","source_name":"","source_url":"","via_name":"","via_url":"","override_template":"0","override":[{"template":"4","single_blog_custom":"","parallax":"1","fullscreen":"1","layout":"right-sidebar","sidebar":"default-sidebar","second_sidebar":"default-sidebar","sticky_sidebar":"1","share_position":"top","share_float_style":"share-monocrhome","show_share_counter":"1","show_view_counter":"1","show_featured":"1","show_post_meta":"1","show_post_author":"1","show_post_author_image":"1","show_post_date":"1","post_date_format":"default","post_date_format_custom":"Y\/m\/d","show_post_category":"1","show_post_reading_time":"1","post_reading_time_wpm":"300","show_zoom_button":"1","zoom_button_out_step":"2","zoom_button_in_step":"3","show_post_tag":"1","show_prev_next_post":"1","show_popup_post":"1","number_popup_post":"1","show_author_box":"1","show_post_related":"1","show_inline_post_related":"0"}],"override_image_size":"0","image_override":[{"single_post_thumbnail_size":"crop-500","single_post_gallery_size":"crop-500"}],"trending_post":"0","trending_post_position":"meta","trending_post_label":"Trending","sponsored_post":"0","sponsored_post_label":"Sponsored by","sponsored_post_name":"","sponsored_post_url":"","sponsored_post_logo_enable":"0","sponsored_post_logo":"","sponsored_post_desc":"","disable_ad":"0"},"jnews_primary_category":{"id":"","hide":""},"jnews_social_meta":{"fb_title":"","fb_description":"","fb_image":"","twitter_title":"","twitter_description":"","twitter_image":""},"jnews_review":[],"enable_review":"0","type":"percentage","name":"","summary":"","brand":"","sku":"","good":[{"good_text":""}],"bad":[{"bad_text":""}],"score_override":"","override_value":"","rating":[{"rating_text":"","rating_number":"10"}],"price":[{"shop":"","price":"","link":"","icon":""}],"jnews_override_counter":{"override_view_counter":"0","view_counter_number":"0","override_share_counter":"0","share_counter_number":"0","override_like_counter":"0","like_counter_number":"0","override_dislike_counter":"0","dislike_counter_number":"0"},"jnews_post_split":{"enable_post_split":"0","post_split":[{"template":"1","tag":"h2","numbering":"asc","mode":"normal","first":"0","enable_toc":"0","toc_type":"normal"}]},"footnotes":""},"categories":[58,64],"tags":[44,15043,15042,15041,45,1469,15044],"class_list":["post-53045","post","type-post","status-publish","format-standard","has-post-thumbnail","hentry","category-argentina","category-sucesos","tag-argentina","tag-autobuses","tag-choque-de-autobuses","tag-esquina-de-retiro","tag-noticias","tag-policia-de-la-ciudad","tag-semaforo-en-rojo"],"amp_enabled":true,"_links":{"self":[{"href":"https:\/\/esreviral.com\/index.php?rest_route=\/wp\/v2\/posts\/53045"}],"collection":[{"href":"https:\/\/esreviral.com\/index.php?rest_route=\/wp\/v2\/posts"}],"about":[{"href":"https:\/\/esreviral.com\/index.php?rest_route=\/wp\/v2\/types\/post"}],"author":[{"embeddable":true,"href":"https:\/\/esreviral.com\/index.php?rest_route=\/wp\/v2\/users\/3"}],"replies":[{"embeddable":true,"href":"https:\/\/esreviral.com\/index.php?rest_route=%2Fwp%2Fv2%2Fcomments&post=53045"}],"version-history":[{"count":0,"href":"https:\/\/esreviral.com\/index.php?rest_route=\/wp\/v2\/posts\/53045\/revisions"}],"wp:featuredmedia":[{"embeddable":true,"href":"https:\/\/esreviral.com\/index.php?rest_route=\/wp\/v2\/media\/53046"}],"wp:attachment":[{"href":"https:\/\/esreviral.com\/index.php?rest_route=%2Fwp%2Fv2%2Fmedia&parent=53045"}],"wp:term":[{"taxonomy":"category","embeddable":true,"href":"https:\/\/esreviral.com\/index.php?rest_route=%2Fwp%2Fv2%2Fcategories&post=53045"},{"taxonomy":"post_tag","embeddable":true,"href":"https:\/\/esreviral.com\/index.php?rest_route=%2Fwp%2Fv2%2Ftags&post=53045"}],"curies":[{"name":"wp","href":"https:\/\/api.w.org\/{rel}","templated":true}]}}