{"id":53041,"date":"2024-05-02T08:12:31","date_gmt":"2024-05-02T13:12:31","guid":{"rendered":"https:\/\/esreviral.com\/?p=53041"},"modified":"2024-05-02T08:12:32","modified_gmt":"2024-05-02T13:12:32","slug":"aseguran-que-la-menor-que-encontraron-muerta-en-misiones-sufria-violencia-familiar","status":"publish","type":"post","link":"https:\/\/esreviral.com\/?p=53041","title":{"rendered":"Aseguran que la menor que encontraron muerta en Misiones sufr\u00eda violencia familiar"},"content":{"rendered":"\n<p><strong>Daniela Mart\u00ednez ten\u00eda 13 a\u00f1os de edad y fue encontrada sin vida&nbsp;<\/strong>el pasado lunes 29 de abril en su casa. El hecho ocurri\u00f3 en Arist\u00f3bulo del Valle, Misiones, y constern\u00f3 a todos los vecinos de la zona.<\/p>\n\n\n\n<p>La menor viv\u00eda en una\u00a0casilla humilde\u00a0ubicada en el barrio Milagros, junto a su mam\u00e1 y a sus dos hermanos, de 9 y 10 a\u00f1os de edad.\u00a0<strong>Uno de ellos fue qui\u00e9n la encontr\u00f3 muerta\u00a0<\/strong>en la hora de la siesta y avis\u00f3 a su pap\u00e1.<\/p>\n\n\n\n<p>Seg\u00fan el testimonio de los vecinos, Daniela\u00a0<strong>era v\u00edctima de violencia familiar<\/strong>. \u201cLa mam\u00e1 siempre le pegaba a los ni\u00f1os, a la ni\u00f1a m\u00e1s que a todos y le obligaba a hacer todas las cosas en la casa\u201d, dijo una mujer que viv\u00eda cerca de la casa de la v\u00edctima.<\/p>\n\n\n\n<p>\u201cPor eso ya hubo denuncias por parte de los vecinos, porque ella sal\u00eda y le dejaba d\u00edas sin comer a los chicos, y cuando volv\u00eda era solo para\u00a0maltratarlos\u201d, agreg\u00f3, en di\u00e1logo con medios locales. Tambi\u00e9n declar\u00f3 ante la Polic\u00eda y asegur\u00f3 que la mujer\u00a0<strong>\u201cla ten\u00eda de esclava a la menor\u201d<\/strong>.<\/p>\n\n\n\n<p><strong><mark style=\"background-color:rgba(0, 0, 0, 0)\" class=\"has-inline-color has-vivid-red-color\">Qu\u00e9 resultado arroj\u00f3 la autopsia<\/mark><\/strong><\/p>\n\n\n\n<p>La autopsia realizada por el Cuerpo M\u00e9dico Forense del Poder Judicial en Posadas, arroj\u00f3 como resultado que la causa de muerte fue<strong>\u00a0\u201casfixia por ahorcamiento\u201d<\/strong>. Adem\u00e1s, no se detect\u00f3 ninguna otra lesi\u00f3n, ni reciente ni antigua, as\u00ed como tampoco signos compatibles con abuso sexual, seg\u00fan inform\u00f3\u00a0<em>El Territorio<\/em>.<\/p>\n\n\n\n<figure class=\"wp-block-image size-large\"><img fetchpriority=\"high\" decoding=\"async\" width=\"1024\" height=\"574\" src=\"https:\/\/esreviral.com\/wp-content\/uploads\/2024\/05\/4OHPUKGVRZD2TMU6IFRDCLSSLQ-1024x574.webp\" alt=\"\" class=\"wp-image-53043\" srcset=\"https:\/\/esreviral.com\/wp-content\/uploads\/2024\/05\/4OHPUKGVRZD2TMU6IFRDCLSSLQ-1024x574.webp 1024w, https:\/\/esreviral.com\/wp-content\/uploads\/2024\/05\/4OHPUKGVRZD2TMU6IFRDCLSSLQ-300x168.webp 300w, https:\/\/esreviral.com\/wp-content\/uploads\/2024\/05\/4OHPUKGVRZD2TMU6IFRDCLSSLQ-768x430.webp 768w, https:\/\/esreviral.com\/wp-content\/uploads\/2024\/05\/4OHPUKGVRZD2TMU6IFRDCLSSLQ-750x420.webp 750w, https:\/\/esreviral.com\/wp-content\/uploads\/2024\/05\/4OHPUKGVRZD2TMU6IFRDCLSSLQ-1140x639.webp 1140w, https:\/\/esreviral.com\/wp-content\/uploads\/2024\/05\/4OHPUKGVRZD2TMU6IFRDCLSSLQ.webp 1440w\" sizes=\"(max-width: 1024px) 100vw, 1024px\" \/><\/figure>\n\n\n\n<p>Estas pericias refuerzan la hip\u00f3tesis que sostiene que\u00a0<strong>pudo haberse quitado la vida<\/strong>. Igualmente, las autoridades ordenaron realizar estudios complementarios para tener mayor precisi\u00f3n sobre lo\u00a0ocurrido. El cuerpo fue liberado para que su familia pueda despedirse con un sepelio e inhumaci\u00f3n.<\/p>\n\n\n\n<p>Por su parte, a ra\u00edz de las acusaciones de violencia familiar que hicieron los vecinos,&nbsp;<strong>la Justicia decidi\u00f3 secuestrar el tel\u00e9fono celular de la madre y el padre<\/strong>&nbsp;<strong>de la menor<\/strong>, para ser sometidos a las pericias correspondientes.<\/p>\n\n\n\n<p><strong><mark style=\"background-color:rgba(0, 0, 0, 0)\" class=\"has-inline-color has-vivid-red-color\">El \u00faltimo mensaje que mand\u00f3 la nena antes de morir<\/mark><\/strong><\/p>\n\n\n\n<p>Horas antes de ser encontrada sin vida, la menor le hab\u00eda mandado un mensaje de voz a su pap\u00e1 en el que le contaba que<strong>&nbsp;su madre se hab\u00eda enojado con ella porque no hab\u00eda querido cocinar<\/strong>&nbsp;y por eso la hab\u00eda golpeado.<\/p>\n\n\n\n<p>\u201cMami ahora vino, nosotros vinimos a casa y yo me iba a acostar a dormir y mami quer\u00eda que cocine no s\u00e9 qu\u00e9 cosa. Yo le dije que era tarde, que ma\u00f1ana; y mami me caz\u00f3 los cabellos,&nbsp;<strong>me arrastr\u00f3 por todo el piso y me duele todo<\/strong>\u201d, relat\u00f3, en medio de una crisis de llanto.<\/p>\n\n\n\n<p>Al conocerse el\u00a0tr\u00e1gico desenlace, sali\u00f3 a la luz una antigua denuncia que hab\u00eda presentado el hombre, en la cu\u00e1l hab\u00eda solicitado la tenencia de su hija y medidas de protecci\u00f3n para la ni\u00f1a, seg\u00fan informaron medios locales.<\/p>\n\n\n\n<p class=\"has-text-align-right\"><strong><em>TN.-<\/em><\/strong><\/p>\n","protected":false},"excerpt":{"rendered":"<p>Los vecinos contaron c\u00f3mo viv\u00eda la menor que fue hallada sin vida y relataron el maltrato al que habr\u00eda sido sometida por parte de su propia madre.<\/p>\n","protected":false},"author":3,"featured_media":53042,"comment_status":"open","ping_status":"open","sticky":false,"template":"","format":"standard","meta":{"jnews-multi-image_gallery":[],"jnews_single_post":{"subtitle":"","format":"standard","video":"","gallery":"","source_name":"","source_url":"","via_name":"","via_url":"","override_template":"0","override":[{"template":"4","single_blog_custom":"","parallax":"1","fullscreen":"1","layout":"right-sidebar","sidebar":"default-sidebar","second_sidebar":"default-sidebar","sticky_sidebar":"1","share_position":"top","share_float_style":"share-monocrhome","show_share_counter":"1","show_view_counter":"1","show_featured":"1","show_post_meta":"1","show_post_author":"1","show_post_author_image":"1","show_post_date":"1","post_date_format":"default","post_date_format_custom":"Y\/m\/d","show_post_category":"1","show_post_reading_time":"1","post_reading_time_wpm":"300","show_zoom_button":"1","zoom_button_out_step":"2","zoom_button_in_step":"3","show_post_tag":"1","show_prev_next_post":"1","show_popup_post":"1","number_popup_post":"1","show_author_box":"1","show_post_related":"1","show_inline_post_related":"0"}],"override_image_size":"0","image_override":[{"single_post_thumbnail_size":"crop-500","single_post_gallery_size":"crop-500"}],"trending_post":"0","trending_post_position":"meta","trending_post_label":"Trending","sponsored_post":"0","sponsored_post_label":"Sponsored by","sponsored_post_name":"","sponsored_post_url":"","sponsored_post_logo_enable":"0","sponsored_post_logo":"","sponsored_post_desc":"","disable_ad":"0"},"jnews_primary_category":{"id":"","hide":""},"jnews_social_meta":{"fb_title":"","fb_description":"","fb_image":"","twitter_title":"","twitter_description":"","twitter_image":""},"jnews_review":[],"enable_review":"0","type":"percentage","name":"","summary":"","brand":"","sku":"","good":[{"good_text":""}],"bad":[{"bad_text":""}],"score_override":"","override_value":"","rating":[{"rating_text":"","rating_number":"10"}],"price":[{"shop":"","price":"","link":"","icon":""}],"jnews_override_counter":{"override_view_counter":"0","view_counter_number":"0","override_share_counter":"0","share_counter_number":"0","override_like_counter":"0","like_counter_number":"0","override_dislike_counter":"0","dislike_counter_number":"0"},"jnews_post_split":{"enable_post_split":"0","post_split":[{"template":"1","tag":"h2","numbering":"asc","mode":"normal","first":"0","enable_toc":"0","toc_type":"normal"}]},"footnotes":""},"categories":[58,64],"tags":[15039,44,15040,15038,1589,3170,45,3115,14117],"class_list":["post-53041","post","type-post","status-publish","format-standard","has-post-thumbnail","hentry","category-argentina","category-sucesos","tag-alizada-por-el-cuerpo-medico-forense-del-poder-judicial-en-posadas","tag-argentina","tag-asfixia-por-ahorcamiento","tag-encontrada-sin-vida","tag-misiones","tag-muerte","tag-noticias","tag-policia-2","tag-violencia-familiar"],"amp_enabled":true,"_links":{"self":[{"href":"https:\/\/esreviral.com\/index.php?rest_route=\/wp\/v2\/posts\/53041"}],"collection":[{"href":"https:\/\/esreviral.com\/index.php?rest_route=\/wp\/v2\/posts"}],"about":[{"href":"https:\/\/esreviral.com\/index.php?rest_route=\/wp\/v2\/types\/post"}],"author":[{"embeddable":true,"href":"https:\/\/esreviral.com\/index.php?rest_route=\/wp\/v2\/users\/3"}],"replies":[{"embeddable":true,"href":"https:\/\/esreviral.com\/index.php?rest_route=%2Fwp%2Fv2%2Fcomments&post=53041"}],"version-history":[{"count":0,"href":"https:\/\/esreviral.com\/index.php?rest_route=\/wp\/v2\/posts\/53041\/revisions"}],"wp:featuredmedia":[{"embeddable":true,"href":"https:\/\/esreviral.com\/index.php?rest_route=\/wp\/v2\/media\/53042"}],"wp:attachment":[{"href":"https:\/\/esreviral.com\/index.php?rest_route=%2Fwp%2Fv2%2Fmedia&parent=53041"}],"wp:term":[{"taxonomy":"category","embeddable":true,"href":"https:\/\/esreviral.com\/index.php?rest_route=%2Fwp%2Fv2%2Fcategories&post=53041"},{"taxonomy":"post_tag","embeddable":true,"href":"https:\/\/esreviral.com\/index.php?rest_route=%2Fwp%2Fv2%2Ftags&post=53041"}],"curies":[{"name":"wp","href":"https:\/\/api.w.org\/{rel}","templated":true}]}}