{"id":52950,"date":"2024-04-30T14:00:14","date_gmt":"2024-04-30T19:00:14","guid":{"rendered":"https:\/\/esreviral.com\/?p=52950"},"modified":"2024-04-30T14:00:14","modified_gmt":"2024-04-30T19:00:14","slug":"la-primera-reaccion-de-javier-milei-tras-la-aprobacion-de-la-ley-bases","status":"publish","type":"post","link":"https:\/\/esreviral.com\/?p=52950","title":{"rendered":"La primera reacci\u00f3n de Javier Milei tras la aprobaci\u00f3n de la Ley Bases"},"content":{"rendered":"\n<p><strong>El presidente public\u00f3 un mensaje<\/strong>&nbsp;en sus redes sociales despu\u00e9s de que la C\u00e1mara de Diputados dio media sanci\u00f3n a la normativa.&nbsp;<strong>\u201cEs un primer paso para sacar a la Argentina del pantano\u201d<\/strong>, escribi\u00f3 Javier Milei.<\/p>\n\n\n\n<p>\u201cLa C\u00e1mara de Diputados de la Naci\u00f3n acaba de aprobar la media sanci\u00f3n de la totalidad de la ley \u2018Bases y Puntos de Partida para la Libertad de los Argentinos\u2019. Este es un primer paso fundamental para\u00a0<strong>sacar a la Argentina del pantano que ha sido las \u00faltimas d\u00e9cadas<\/strong>\u201d, dijo el jefe de Estado.<\/p>\n\n\n\n<p>\u201cQuiero agradecer la enorme tarea de todos los Diputados que, entendiendo el momento hist\u00f3rico, decidieron acompa\u00f1ar nuestro proyecto. Con este primer paso\u00a0<strong>estamos cada vez m\u00e1s cerca de poder encontrarnos el 25 de Mayo en La Docta<\/strong>, C\u00f3rdoba, para dar inicio a una nueva era de prosperidad para la Argentina. Como dec\u00eda el General San Mart\u00edn: \u2018Seamos libres, que lo dem\u00e1s no importa nada\u2019\u201d, sostuvo.<\/p>\n\n\n\n<figure class=\"wp-block-image size-large\"><img fetchpriority=\"high\" decoding=\"async\" width=\"1024\" height=\"573\" src=\"https:\/\/esreviral.com\/wp-content\/uploads\/2024\/04\/WVXHFVP6TFAGBCF6DN4NTKAQDA-1024x573.webp\" alt=\"\" class=\"wp-image-52952\" srcset=\"https:\/\/esreviral.com\/wp-content\/uploads\/2024\/04\/WVXHFVP6TFAGBCF6DN4NTKAQDA-1024x573.webp 1024w, https:\/\/esreviral.com\/wp-content\/uploads\/2024\/04\/WVXHFVP6TFAGBCF6DN4NTKAQDA-300x168.webp 300w, https:\/\/esreviral.com\/wp-content\/uploads\/2024\/04\/WVXHFVP6TFAGBCF6DN4NTKAQDA-768x430.webp 768w, https:\/\/esreviral.com\/wp-content\/uploads\/2024\/04\/WVXHFVP6TFAGBCF6DN4NTKAQDA-750x420.webp 750w, https:\/\/esreviral.com\/wp-content\/uploads\/2024\/04\/WVXHFVP6TFAGBCF6DN4NTKAQDA-1140x638.webp 1140w, https:\/\/esreviral.com\/wp-content\/uploads\/2024\/04\/WVXHFVP6TFAGBCF6DN4NTKAQDA.webp 1440w\" sizes=\"(max-width: 1024px) 100vw, 1024px\" \/><\/figure>\n\n\n\n<p>Luego del mensaje de Milei, la Oficina del Presidente celebr\u00f3 la media sanci\u00f3n de la Ley Bases y reconoci\u00f3 \u201c<strong>la labor patri\u00f3tica de los se\u00f1ores Diputados nacionales<\/strong>&nbsp;que colaboraron en su elaboraci\u00f3n, defendieron la norma en el recinto y apoyaron con su voto las reformas que nuestro pa\u00eds necesita\u201d. Especialmente, mencion\u00f3 a&nbsp;<strong>Cristian Ritondo, Miguel \u00c1ngel Pichetto y Rodrigo de Loredo<\/strong>, \u201cquienes han dejado toda diferencia partidaria en favor de la Naci\u00f3n\u201d.<\/p>\n\n\n\n<p><strong><mark style=\"background-color:rgba(0, 0, 0, 0)\" class=\"has-inline-color has-vivid-red-color\">Con apoyo de la oposici\u00f3n dialoguista, el oficialismo aprob\u00f3 la Ley Bases en general y ahora encara la votaci\u00f3n de art\u00edculos clave<\/mark><\/strong><\/p>\n\n\n\n<p>Con apoyo de la oposici\u00f3n dialoguista, el oficialismo<strong>&nbsp;aprob\u00f3 en Diputados la Ley Bases en general<\/strong>&nbsp;y ahora encara la votaci\u00f3n de art\u00edculos clave. El proyecto tuvo 142 votos a favor, 106 en contra y 5 abstenciones. Ahora en el recinto se definen los aspectos en particular, en los que hay diferencias por la delegaci\u00f3n de facultades, privatizaciones, incentivo a las inversiones y Ganancias.<\/p>\n\n\n\n<p>Se abstuvieron\u00a0<strong>Facundo Manes, Pablo Juliano, Marcela Coli, Fernando Carbajal<\/strong>\u00a0(todos de la UCR) y\u00a0<strong>M\u00f3nica Frade\u00a0<\/strong>(Coalici\u00f3n C\u00edvica), mientras que se ausentaron\u00a0<strong>Sergio Acevedo (SER), \u00c1lvaro Gonzalez (PRO) y Roberto Mirabella<\/strong>\u00a0(Uni\u00f3n por la Patria).<\/p>\n\n\n\n<p><strong><em><mark style=\"background-color:rgba(0, 0, 0, 0)\" class=\"has-inline-color has-vivid-red-color\"><a href=\"https:\/\/esreviral.com\/que-es-la-ley-bases-que-aprobo-diputados-y-cuales-son-los-principales-puntos\/\" data-type=\"link\" data-id=\"https:\/\/esreviral.com\/que-es-la-ley-bases-que-aprobo-diputados-y-cuales-son-los-principales-puntos\/\">Lea Tambi\u00e9n: Qu\u00e9 es la Ley Bases que aprob\u00f3 Diputados y cu\u00e1les son los principales puntos<\/a><\/mark><\/em><\/strong><\/p>\n\n\n\n<p class=\"has-text-align-right\"><strong><em>TN.-<\/em><\/strong><\/p>\n","protected":false},"excerpt":{"rendered":"<p>El Presidente public\u00f3 un mensaje en sus redes sociales despu\u00e9s de que la C\u00e1mara de Diputados diera media sanci\u00f3n al proyecto del oficialismo. \u201cSeamos libres, que lo dem\u00e1s no importa nada\u201d, insisti\u00f3.<\/p>\n","protected":false},"author":3,"featured_media":52951,"comment_status":"open","ping_status":"open","sticky":false,"template":"","format":"standard","meta":{"jnews-multi-image_gallery":[],"jnews_single_post":{"subtitle":"","format":"standard","video":"","gallery":"","source_name":"","source_url":"","via_name":"","via_url":"","override_template":"0","override":[{"template":"4","single_blog_custom":"","parallax":"1","fullscreen":"1","layout":"right-sidebar","sidebar":"default-sidebar","second_sidebar":"default-sidebar","sticky_sidebar":"1","share_position":"top","share_float_style":"share-monocrhome","show_share_counter":"1","show_view_counter":"1","show_featured":"1","show_post_meta":"1","show_post_author":"1","show_post_author_image":"1","show_post_date":"1","post_date_format":"default","post_date_format_custom":"Y\/m\/d","show_post_category":"1","show_post_reading_time":"1","post_reading_time_wpm":"300","show_zoom_button":"1","zoom_button_out_step":"2","zoom_button_in_step":"3","show_post_tag":"1","show_prev_next_post":"1","show_popup_post":"1","number_popup_post":"1","show_author_box":"1","show_post_related":"1","show_inline_post_related":"0"}],"override_image_size":"0","image_override":[{"single_post_thumbnail_size":"crop-500","single_post_gallery_size":"crop-500"}],"trending_post":"0","trending_post_position":"meta","trending_post_label":"Trending","sponsored_post":"0","sponsored_post_label":"Sponsored by","sponsored_post_name":"","sponsored_post_url":"","sponsored_post_logo_enable":"0","sponsored_post_logo":"","sponsored_post_desc":"","disable_ad":"0"},"jnews_primary_category":{"id":"","hide":""},"jnews_social_meta":{"fb_title":"","fb_description":"","fb_image":"","twitter_title":"","twitter_description":"","twitter_image":""},"jnews_review":[],"enable_review":"0","type":"percentage","name":"","summary":"","brand":"","sku":"","good":[{"good_text":""}],"bad":[{"bad_text":""}],"score_override":"","override_value":"","rating":[{"rating_text":"","rating_number":"10"}],"price":[{"shop":"","price":"","link":"","icon":""}],"jnews_override_counter":{"override_view_counter":"0","view_counter_number":"0","override_share_counter":"0","share_counter_number":"0","override_like_counter":"0","like_counter_number":"0","override_dislike_counter":"0","dislike_counter_number":"0"},"jnews_post_split":{"enable_post_split":"0","post_split":[{"template":"1","tag":"h2","numbering":"asc","mode":"normal","first":"0","enable_toc":"0","toc_type":"normal"}]},"footnotes":""},"categories":[58,59],"tags":[44,1158,14969,13088,45,14997],"class_list":["post-52950","post","type-post","status-publish","format-standard","has-post-thumbnail","hentry","category-argentina","category-politica","tag-argentina","tag-javier-milei","tag-ley-bases","tag-ley-omnibus","tag-noticias","tag-primera-reaccion"],"amp_enabled":true,"_links":{"self":[{"href":"https:\/\/esreviral.com\/index.php?rest_route=\/wp\/v2\/posts\/52950"}],"collection":[{"href":"https:\/\/esreviral.com\/index.php?rest_route=\/wp\/v2\/posts"}],"about":[{"href":"https:\/\/esreviral.com\/index.php?rest_route=\/wp\/v2\/types\/post"}],"author":[{"embeddable":true,"href":"https:\/\/esreviral.com\/index.php?rest_route=\/wp\/v2\/users\/3"}],"replies":[{"embeddable":true,"href":"https:\/\/esreviral.com\/index.php?rest_route=%2Fwp%2Fv2%2Fcomments&post=52950"}],"version-history":[{"count":0,"href":"https:\/\/esreviral.com\/index.php?rest_route=\/wp\/v2\/posts\/52950\/revisions"}],"wp:featuredmedia":[{"embeddable":true,"href":"https:\/\/esreviral.com\/index.php?rest_route=\/wp\/v2\/media\/52951"}],"wp:attachment":[{"href":"https:\/\/esreviral.com\/index.php?rest_route=%2Fwp%2Fv2%2Fmedia&parent=52950"}],"wp:term":[{"taxonomy":"category","embeddable":true,"href":"https:\/\/esreviral.com\/index.php?rest_route=%2Fwp%2Fv2%2Fcategories&post=52950"},{"taxonomy":"post_tag","embeddable":true,"href":"https:\/\/esreviral.com\/index.php?rest_route=%2Fwp%2Fv2%2Ftags&post=52950"}],"curies":[{"name":"wp","href":"https:\/\/api.w.org\/{rel}","templated":true}]}}