{"id":52887,"date":"2024-04-29T12:45:22","date_gmt":"2024-04-29T17:45:22","guid":{"rendered":"https:\/\/esreviral.com\/?p=52887"},"modified":"2024-04-29T12:50:04","modified_gmt":"2024-04-29T17:50:04","slug":"politicas-migratorias-de-petro-podrian-afectar-a-venezolanos-en-colombia","status":"publish","type":"post","link":"https:\/\/esreviral.com\/?p=52887","title":{"rendered":"Pol\u00edticas migratorias de Petro podr\u00edan afectar a venezolanos en Colombia"},"content":{"rendered":"\n<p>Mar\u00eda Gabriela Trompetero, docente e investigadora venezolana, advirti\u00f3 que algunas de las&nbsp;pol\u00edticas migratorias que el gobierno de Gustavo Petro&nbsp;plantea imponer pr\u00f3ximamente podr\u00edan generar atrasos e inconvenientes para los venezolanos en Colombia.<\/p>\n\n\n\n<p>En una entrevista para la revista&nbsp;<em>Semana<\/em>, Trompetero se refiri\u00f3 al anuncio del canciller encargado Luis Gilberto Murillo de otorgar permisos especiales a los venezolanos para trabajar o que tienen hijos en Colombia registrados con PPT (Permiso por Protecci\u00f3n Temporal).<\/p>\n\n\n\n<p>\u00abMe preocupa que el canciller dice que va a activar un permiso especial de permanencia para personas venezolanas padres y visas de trabajo, pareciera que estamos volviendo al r\u00e9gimen que hab\u00eda antes del Estatuto Temporal de Protecci\u00f3n para Migrantes de Venezuela, donde hab\u00eda varios tipos de permisos especiales de permanencia para el trabajo, para la educaci\u00f3n, etc. Esto trajo muchos problemas y retos. Que haya una variedad de servicios le genera m\u00e1s retos a las instituciones a la hora de validar y reconocer estos nuevos permisos\u00bb, indic\u00f3 la venezolana, que fue investigadora asociada al Instituto Alem\u00e1n de Desarrollo y Sostenibilidad (IDOS).<\/p>\n\n\n\n<p>Se\u00f1al\u00f3 que para los venezolanos es mucho m\u00e1s beneficioso que se mantenga el Estatuto. \u00abEl problema es que no tenemos detalles sobre estos nuevos permisos especiales. \u00bfCu\u00e1nto tiempo le van a ofrecer derechos a la poblaci\u00f3n venezolana? Que nos est\u00e9n asomando dos mecanismos me genera un poco de temor que volvamos al esquema de diversos permisos que ya se prob\u00f3 y en la pr\u00e1ctica no fue la mejor forma de impulsar la integraci\u00f3n de las personas migrantes en Colombia\u00bb, indic\u00f3 Trompetero.<\/p>\n\n\n\n<p>Para mejorar las condiciones de los venezolanos en Colombia, la investigadora indic\u00f3 que el Estado debe&nbsp;continuar desarrollando la implementaci\u00f3n y el desarrollo de pol\u00edticas de integraci\u00f3n.<\/p>\n\n\n\n<p>\u00abSi bien el Estatuto ha sido bastante exitoso al regularizar a la fecha casi 2 millones de venezolanos, a\u00fan faltan pol\u00edticas que no solamente ofrezcan este importante documento, que es la llave en materia de derechos, sino que generen que sean accesibles a la banca, comprar servicios de Internet o telefon\u00eda, convalidaci\u00f3n de t\u00edtulos, etc. Vemos en las escuelas brechas o rechazo entre los mismos ni\u00f1os, porque los menores venezolanos llegan con niveles acad\u00e9micos un poco m\u00e1s atrasados por el retraso de la educaci\u00f3n venezolana. Y migrantes que sufren revictimizaci\u00f3n porque llegan a zonas en las que todav\u00eda hay presencia del conflicto armado\u00bb, dijo.<\/p>\n\n\n\n<p>Indic\u00f3 que un estudio actual de la OIM asegura que la poblaci\u00f3n venezolana contribuye con m\u00e1s de 516 millones de d\u00f3lares en Colombia, superando lo que el mismo Estado invierte en los migrantes en temas de salud o educaci\u00f3n. \u00abSi m\u00e1s personas migrantes pudiesen integrarse socioecon\u00f3mica en el pa\u00eds, esta ganancia para Colombia ser\u00eda a\u00fan mayor, resaltando as\u00ed a\u00fan m\u00e1s la importancia del \u00e9xito de las pol\u00edticas de integraci\u00f3n\u00bb, agreg\u00f3.<\/p>\n\n\n\n<p>Trompetero afirm\u00f3 que el cierre de la gerencia de fronteras fue uno de los peores errores de gerencia en el tema migratorio porque esta entidad era la encargada de coordinar los distintos actores que trabajan con migrantes en distintos niveles.<\/p>\n\n\n\n<p>\u00abEsta gerencia ten\u00eda un peso muy importante porque formaba parte de Presidencia y ten\u00eda una l\u00f3gica de integraci\u00f3n. Realmente lograba imponer la agenda de reintegraci\u00f3n de las distintas pol\u00edticas. Se crea una Direcci\u00f3n de Poblaci\u00f3n Migrante dentro del Ministerio de Igualdad dentro de un viceministerio encargado del tema migratorio pero hasta la fecha no conocemos c\u00f3mo est\u00e1 operando. Esto ha generado desconfianza por parte de ciertas agencias de cooperaci\u00f3n internacional en seguir invirtiendo en Colombia en temas migratorios frente a este desorden institucional que se evidencia en la publicaci\u00f3n del borrador del decreto, que al parecer ni ten\u00eda conocimiento el presidente. A nivel institucional hemos visto muchos retrocesos. Si bien sali\u00f3 la resoluci\u00f3n de las mesas en las que participar\u00e1 la sociedad civil, esto se est\u00e1 viendo opacado por los otros retrocesos y la lentitud en los procesos de regularizaci\u00f3n\u00bb, asegur\u00f3.<\/p>\n\n\n\n<p><strong><em><mark style=\"background-color:rgba(0, 0, 0, 0)\" class=\"has-inline-color has-vivid-red-color\"><a href=\"https:\/\/esreviral.com\/colombia-echo-para-atras-en-decreto-que-exigia-pasaportes-vigentes-a-venezolanos\/\" data-type=\"link\" data-id=\"https:\/\/esreviral.com\/colombia-echo-para-atras-en-decreto-que-exigia-pasaportes-vigentes-a-venezolanos\/\">Lea Tambi\u00e9n: Colombia ech\u00f3 para atr\u00e1s en decreto que exig\u00eda pasaportes vigentes a venezolanos<\/a><\/mark><\/em><\/strong><\/p>\n\n\n\n<p class=\"has-text-align-right\"><strong><em>ElNacional.-<\/em><\/strong><\/p>\n","protected":false},"excerpt":{"rendered":"<p>La investigadora Mar\u00eda Gabriela Trompetero indic\u00f3 que el Estado debe continuar desarrollando la implementaci\u00f3n y el desarrollo de pol\u00edticas de integraci\u00f3n<\/p>\n","protected":false},"author":3,"featured_media":52888,"comment_status":"open","ping_status":"open","sticky":false,"template":"","format":"standard","meta":{"jnews-multi-image_gallery":[],"jnews_single_post":{"subtitle":"","format":"standard","video":"","gallery":"","source_name":"","source_url":"","via_name":"","via_url":"","override_template":"0","override":[{"template":"4","single_blog_custom":"","parallax":"1","fullscreen":"1","layout":"right-sidebar","sidebar":"default-sidebar","second_sidebar":"default-sidebar","sticky_sidebar":"1","share_position":"top","share_float_style":"share-monocrhome","show_share_counter":"1","show_view_counter":"1","show_featured":"1","show_post_meta":"1","show_post_author":"1","show_post_author_image":"1","show_post_date":"1","post_date_format":"default","post_date_format_custom":"Y\/m\/d","show_post_category":"1","show_post_reading_time":"1","post_reading_time_wpm":"300","show_zoom_button":"1","zoom_button_out_step":"2","zoom_button_in_step":"3","show_post_tag":"1","show_prev_next_post":"1","show_popup_post":"1","number_popup_post":"1","show_author_box":"1","show_post_related":"1","show_inline_post_related":"0"}],"override_image_size":"0","image_override":[{"single_post_thumbnail_size":"crop-500","single_post_gallery_size":"crop-500"}],"trending_post":"0","trending_post_position":"meta","trending_post_label":"Trending","sponsored_post":"0","sponsored_post_label":"Sponsored by","sponsored_post_name":"","sponsored_post_url":"","sponsored_post_logo_enable":"0","sponsored_post_logo":"","sponsored_post_desc":"","disable_ad":"0"},"jnews_primary_category":{"id":"","hide":""},"jnews_social_meta":{"fb_title":"","fb_description":"","fb_image":"","twitter_title":"","twitter_description":"","twitter_image":""},"jnews_review":[],"enable_review":"0","type":"percentage","name":"","summary":"","brand":"","sku":"","good":[{"good_text":""}],"bad":[{"bad_text":""}],"score_override":"","override_value":"","rating":[{"rating_text":"","rating_number":"10"}],"price":[{"shop":"","price":"","link":"","icon":""}],"jnews_override_counter":{"override_view_counter":"0","view_counter_number":"0","override_share_counter":"0","share_counter_number":"0","override_like_counter":"0","like_counter_number":"0","override_dislike_counter":"0","dislike_counter_number":"0"},"jnews_post_split":{"enable_post_split":"0","post_split":[{"template":"1","tag":"h2","numbering":"asc","mode":"normal","first":"0","enable_toc":"0","toc_type":"normal"}]},"footnotes":""},"categories":[54,88],"tags":[283,5602,1549,45,2725,5067,743,56],"class_list":["post-52887","post","type-post","status-publish","format-standard","has-post-thumbnail","hentry","category-inmigracion","category-internacionales","tag-colombia","tag-colombia-y-venezuela","tag-gustavo-petro","tag-noticias","tag-petro","tag-politicas-migratorias","tag-venezolanos-en-colombia","tag-venezuela"],"amp_enabled":true,"_links":{"self":[{"href":"https:\/\/esreviral.com\/index.php?rest_route=\/wp\/v2\/posts\/52887"}],"collection":[{"href":"https:\/\/esreviral.com\/index.php?rest_route=\/wp\/v2\/posts"}],"about":[{"href":"https:\/\/esreviral.com\/index.php?rest_route=\/wp\/v2\/types\/post"}],"author":[{"embeddable":true,"href":"https:\/\/esreviral.com\/index.php?rest_route=\/wp\/v2\/users\/3"}],"replies":[{"embeddable":true,"href":"https:\/\/esreviral.com\/index.php?rest_route=%2Fwp%2Fv2%2Fcomments&post=52887"}],"version-history":[{"count":0,"href":"https:\/\/esreviral.com\/index.php?rest_route=\/wp\/v2\/posts\/52887\/revisions"}],"wp:featuredmedia":[{"embeddable":true,"href":"https:\/\/esreviral.com\/index.php?rest_route=\/wp\/v2\/media\/52888"}],"wp:attachment":[{"href":"https:\/\/esreviral.com\/index.php?rest_route=%2Fwp%2Fv2%2Fmedia&parent=52887"}],"wp:term":[{"taxonomy":"category","embeddable":true,"href":"https:\/\/esreviral.com\/index.php?rest_route=%2Fwp%2Fv2%2Fcategories&post=52887"},{"taxonomy":"post_tag","embeddable":true,"href":"https:\/\/esreviral.com\/index.php?rest_route=%2Fwp%2Fv2%2Ftags&post=52887"}],"curies":[{"name":"wp","href":"https:\/\/api.w.org\/{rel}","templated":true}]}}