{"id":52867,"date":"2024-04-29T09:39:46","date_gmt":"2024-04-29T14:39:46","guid":{"rendered":"https:\/\/esreviral.com\/?p=52867"},"modified":"2024-04-29T09:39:46","modified_gmt":"2024-04-29T14:39:46","slug":"habra-ingreso-gratuito-a-la-feria-del-libro-en-estos-horarios","status":"publish","type":"post","link":"https:\/\/esreviral.com\/?p=52867","title":{"rendered":"Habr\u00e1 ingreso gratuito a la feria del libro en estos horarios"},"content":{"rendered":"\n<p>La <strong>Fundaci\u00f3n El Libro<\/strong>, instituci\u00f3n organizadora de la 48.\u00b0 <strong>Feria Internacional del Libro de Buenos Aires anuncia nuevos horarios de ingreso libre y gratuito al gran acontecimiento cultural de Latinoam\u00e9rica.<\/strong><\/p>\n\n\n\n<p><strong>Alejandro Vaccaro, Presidente de la Fundaci\u00f3n El Libro<\/strong>, comunic\u00f3 las razones de esta decisi\u00f3n, analizada por el Consejo de la FEL d\u00edas antes de la inauguraci\u00f3n: \u201cEn virtud de la crisis socioecon\u00f3mica que atraviesa nuestro pa\u00eds y con el esp\u00edritu de que la mayor cantidad de gente pueda asistir a la Feria y no poner trabas de ninguna naturaleza, hemos decidido que la Feria tenga entrada libre y gratuita de 20 a 22h, durante las<br>pr\u00f3ximas dos semanas de lunes a jueves (con excepci\u00f3n del 1.\u00b0de mayo). Ser\u00e1n siete d\u00edas con molinetes liberados a partir de las 20h\u201d. <\/p>\n\n\n\n<p>Y agreg\u00f3: \u201cQuiero se\u00f1alar tambi\u00e9n que estamos muy pr\u00f3ximos a llegar a un acuerdo para que el gobierno de la Ciudad de Buenos Aires apoye esta acci\u00f3n. Si el auspicio se concreta, lo daremos a conocer oficialmente. Es muy importante que todos los argentinos y argentinas que quieran<br>entrar a la Feria lo puedan hacer sin ninguna dificultad\u201d.<\/p>\n\n\n\n<p><strong><mark style=\"background-color:rgba(0, 0, 0, 0)\" class=\"has-inline-color has-vivid-red-color\">Los horarios de entrada libre y gratuita ser\u00e1n:<\/mark><\/strong><\/p>\n\n\n\n<p><br><strong>Lunes 29 de abril, de 20 a 22h<br>Martes 30 de abril, de 20 a 22h<br>Jueves 2 de mayo, de 20 a 22h<br>Lunes 6 de mayo, de 20 a 22h<br>Martes 7 de mayo, de 20 a 22h<br>Mi\u00e9rcoles 8 de mayo, de 20 a 22h<br>Jueves, 9 de mayo, de 20 a 22h<\/strong><br><strong>El mi\u00e9rcoles 1.\u00b0 de mayo de 20 a 22h no se liberar\u00e1 la entrada.<\/strong><\/p>\n\n\n\n<p class=\"has-text-align-right\"><strong><em>Fundaci\u00f3n El Libro.-<\/em><\/strong><\/p>\n","protected":false},"excerpt":{"rendered":"<p>El presidente de la Fundaci\u00f3n del Libro, Alejandro Vaccaro, explic\u00f3 decidieron extender la franja horario de entrada libre \u00abcon el esp\u00edritu de que la mayor cantidad de gente pueda asistir y no poner trabas de ninguna naturaleza\u00bb.<\/p>\n","protected":false},"author":3,"featured_media":52868,"comment_status":"open","ping_status":"open","sticky":false,"template":"","format":"standard","meta":{"jnews-multi-image_gallery":[],"jnews_single_post":{"subtitle":"","format":"standard","video":"","gallery":"","source_name":"","source_url":"","via_name":"","via_url":"","override_template":"0","override":[{"template":"4","single_blog_custom":"","parallax":"1","fullscreen":"1","layout":"right-sidebar","sidebar":"default-sidebar","second_sidebar":"default-sidebar","sticky_sidebar":"1","share_position":"top","share_float_style":"share-monocrhome","show_share_counter":"1","show_view_counter":"1","show_featured":"1","show_post_meta":"1","show_post_author":"1","show_post_author_image":"1","show_post_date":"1","post_date_format":"default","post_date_format_custom":"Y\/m\/d","show_post_category":"1","show_post_reading_time":"1","post_reading_time_wpm":"300","show_zoom_button":"1","zoom_button_out_step":"2","zoom_button_in_step":"3","show_post_tag":"1","show_prev_next_post":"1","show_popup_post":"1","number_popup_post":"1","show_author_box":"1","show_post_related":"1","show_inline_post_related":"0"}],"override_image_size":"0","image_override":[{"single_post_thumbnail_size":"crop-500","single_post_gallery_size":"crop-500"}],"trending_post":"0","trending_post_position":"meta","trending_post_label":"Trending","sponsored_post":"0","sponsored_post_label":"Sponsored by","sponsored_post_name":"","sponsored_post_url":"","sponsored_post_logo_enable":"0","sponsored_post_logo":"","sponsored_post_desc":"","disable_ad":"0"},"jnews_primary_category":{"id":"","hide":""},"jnews_social_meta":{"fb_title":"","fb_description":"","fb_image":"","twitter_title":"","twitter_description":"","twitter_image":""},"jnews_review":[],"enable_review":"0","type":"percentage","name":"","summary":"","brand":"","sku":"","good":[{"good_text":""}],"bad":[{"bad_text":""}],"score_override":"","override_value":"","rating":[{"rating_text":"","rating_number":"10"}],"price":[{"shop":"","price":"","link":"","icon":""}],"jnews_override_counter":{"override_view_counter":"0","view_counter_number":"0","override_share_counter":"0","share_counter_number":"0","override_like_counter":"0","like_counter_number":"0","override_dislike_counter":"0","dislike_counter_number":"0"},"jnews_post_split":{"enable_post_split":"0","post_split":[{"template":"1","tag":"h2","numbering":"asc","mode":"normal","first":"0","enable_toc":"0","toc_type":"normal"}]},"footnotes":""},"categories":[43,58],"tags":[44,9175,14951,14952,45],"class_list":["post-52867","post","type-post","status-publish","format-standard","has-post-thumbnail","hentry","category-actualidad","category-argentina","tag-argentina","tag-feria-internacional-del-libro","tag-feria-internacional-del-libro-de-buenos-aires","tag-ingreso-gratuito","tag-noticias"],"amp_enabled":true,"_links":{"self":[{"href":"https:\/\/esreviral.com\/index.php?rest_route=\/wp\/v2\/posts\/52867"}],"collection":[{"href":"https:\/\/esreviral.com\/index.php?rest_route=\/wp\/v2\/posts"}],"about":[{"href":"https:\/\/esreviral.com\/index.php?rest_route=\/wp\/v2\/types\/post"}],"author":[{"embeddable":true,"href":"https:\/\/esreviral.com\/index.php?rest_route=\/wp\/v2\/users\/3"}],"replies":[{"embeddable":true,"href":"https:\/\/esreviral.com\/index.php?rest_route=%2Fwp%2Fv2%2Fcomments&post=52867"}],"version-history":[{"count":0,"href":"https:\/\/esreviral.com\/index.php?rest_route=\/wp\/v2\/posts\/52867\/revisions"}],"wp:featuredmedia":[{"embeddable":true,"href":"https:\/\/esreviral.com\/index.php?rest_route=\/wp\/v2\/media\/52868"}],"wp:attachment":[{"href":"https:\/\/esreviral.com\/index.php?rest_route=%2Fwp%2Fv2%2Fmedia&parent=52867"}],"wp:term":[{"taxonomy":"category","embeddable":true,"href":"https:\/\/esreviral.com\/index.php?rest_route=%2Fwp%2Fv2%2Fcategories&post=52867"},{"taxonomy":"post_tag","embeddable":true,"href":"https:\/\/esreviral.com\/index.php?rest_route=%2Fwp%2Fv2%2Ftags&post=52867"}],"curies":[{"name":"wp","href":"https:\/\/api.w.org\/{rel}","templated":true}]}}