{"id":52748,"date":"2024-04-26T12:47:18","date_gmt":"2024-04-26T17:47:18","guid":{"rendered":"https:\/\/esreviral.com\/?p=52748"},"modified":"2024-04-26T13:47:14","modified_gmt":"2024-04-26T18:47:14","slug":"una-empleada-denuncio-que-fue-abusada-en-el-hospital-fernandez","status":"publish","type":"post","link":"https:\/\/esreviral.com\/?p=52748","title":{"rendered":"Una empleada denunci\u00f3 que fue abusada en el Hospital Fern\u00e1ndez"},"content":{"rendered":"\n<p><strong>Una empleada denunci\u00f3 que fue abusada en el ba\u00f1o del Hospital Fern\u00e1ndez<\/strong>. En la llamada al 911,&nbsp;la v\u00edctima asegur\u00f3 que fue&nbsp;abordada dentro del centro de salud del barrio de Palermo por un hombre que la amenaz\u00f3 con un cuchillo y la agredi\u00f3 sexualmente.<\/p>\n\n\n\n<p>La joven de 23 a\u00f1os de edad indic\u00f3 en la denuncia que se encontraba en el interior del hospital, m\u00e1s precisamente en el tercer piso donde se ubican los ba\u00f1os, y que al querer retirarse de ese sector<strong>&nbsp;fue detenida por un hombre que mediante amenazas y con un arma blanca la retuvo en el interior y la abus\u00f3 sexualmente.<\/strong><\/p>\n\n\n\n<p><strong>La polic\u00eda indic\u00f3 que ante la posibilidad de que el sospechoso a\u00fan est\u00e9 dentro del Hospital, se registr\u00f3 la totalidad del lugar y las inmediaciones<\/strong>.<\/p>\n\n\n\n<p>La Brigada de G\u00e9nero para contenci\u00f3n de la V\u00edctima se present\u00f3 en el sitio para acompa\u00f1ar a la joven,\u00a0<strong>mientras que la Polic\u00eda de la Ciudad realiza un operativo para poder dar con el agresor<\/strong>.<\/p>\n\n\n\n<p class=\"has-text-align-left\"><strong><em><mark style=\"background-color:rgba(0, 0, 0, 0)\" class=\"has-inline-color has-vivid-red-color\"><a href=\"https:\/\/esreviral.com\/murio-el-bebe-que-habia-sido-abandonado-por-su-madre-en-una-concesionaria-de-autos\/\">Lea Tambi\u00e9n: Muri\u00f3 el beb\u00e9 que hab\u00eda sido abandonado por su madre en una concesionaria de autos<\/a><\/mark><\/em><\/strong><br><\/p>\n\n\n\n<p class=\"has-text-align-right\"><strong><em>TN.-<\/em><\/strong><\/p>\n","protected":false},"excerpt":{"rendered":"<p>La v\u00edctima estaba en la guardia y fue abordada en el ba\u00f1o por un hombre que la amenaz\u00f3 con un cuchillo. Intenso operativo en Palermo para dar con el agresor.<\/p>\n","protected":false},"author":3,"featured_media":52749,"comment_status":"open","ping_status":"open","sticky":false,"template":"","format":"standard","meta":{"jnews-multi-image_gallery":[],"jnews_single_post":{"subtitle":"","format":"standard","video":"","gallery":"","source_name":"","source_url":"","via_name":"","via_url":"","override_template":"0","override":[{"template":"4","single_blog_custom":"","parallax":"1","fullscreen":"1","layout":"right-sidebar","sidebar":"default-sidebar","second_sidebar":"default-sidebar","sticky_sidebar":"1","share_position":"top","share_float_style":"share-monocrhome","show_share_counter":"1","show_view_counter":"1","show_featured":"1","show_post_meta":"1","show_post_author":"1","show_post_author_image":"1","show_post_date":"1","post_date_format":"default","post_date_format_custom":"Y\/m\/d","show_post_category":"1","show_post_reading_time":"1","post_reading_time_wpm":"300","show_zoom_button":"1","zoom_button_out_step":"2","zoom_button_in_step":"3","show_post_tag":"1","show_prev_next_post":"1","show_popup_post":"1","number_popup_post":"1","show_author_box":"1","show_post_related":"1","show_inline_post_related":"0"}],"override_image_size":"0","image_override":[{"single_post_thumbnail_size":"crop-500","single_post_gallery_size":"crop-500"}],"trending_post":"0","trending_post_position":"meta","trending_post_label":"Trending","sponsored_post":"0","sponsored_post_label":"Sponsored by","sponsored_post_name":"","sponsored_post_url":"","sponsored_post_logo_enable":"0","sponsored_post_logo":"","sponsored_post_desc":"","disable_ad":"0"},"jnews_primary_category":{"id":"","hide":""},"jnews_social_meta":{"fb_title":"","fb_description":"","fb_image":"","twitter_title":"","twitter_description":"","twitter_image":""},"jnews_review":[],"enable_review":"0","type":"percentage","name":"","summary":"","brand":"","sku":"","good":[{"good_text":""}],"bad":[{"bad_text":""}],"score_override":"","override_value":"","rating":[{"rating_text":"","rating_number":"10"}],"price":[{"shop":"","price":"","link":"","icon":""}],"jnews_override_counter":{"override_view_counter":"0","view_counter_number":"0","override_share_counter":"0","share_counter_number":"0","override_like_counter":"0","like_counter_number":"0","override_dislike_counter":"0","dislike_counter_number":"0"},"jnews_post_split":{"enable_post_split":"0","post_split":[{"template":"1","tag":"h2","numbering":"asc","mode":"normal","first":"0","enable_toc":"0","toc_type":"normal"}]},"footnotes":""},"categories":[58,64],"tags":[529,44,14903,45],"class_list":["post-52748","post","type-post","status-publish","format-standard","has-post-thumbnail","hentry","category-argentina","category-sucesos","tag-abuso","tag-argentina","tag-hospital-fernandez","tag-noticias"],"amp_enabled":true,"_links":{"self":[{"href":"https:\/\/esreviral.com\/index.php?rest_route=\/wp\/v2\/posts\/52748"}],"collection":[{"href":"https:\/\/esreviral.com\/index.php?rest_route=\/wp\/v2\/posts"}],"about":[{"href":"https:\/\/esreviral.com\/index.php?rest_route=\/wp\/v2\/types\/post"}],"author":[{"embeddable":true,"href":"https:\/\/esreviral.com\/index.php?rest_route=\/wp\/v2\/users\/3"}],"replies":[{"embeddable":true,"href":"https:\/\/esreviral.com\/index.php?rest_route=%2Fwp%2Fv2%2Fcomments&post=52748"}],"version-history":[{"count":0,"href":"https:\/\/esreviral.com\/index.php?rest_route=\/wp\/v2\/posts\/52748\/revisions"}],"wp:featuredmedia":[{"embeddable":true,"href":"https:\/\/esreviral.com\/index.php?rest_route=\/wp\/v2\/media\/52749"}],"wp:attachment":[{"href":"https:\/\/esreviral.com\/index.php?rest_route=%2Fwp%2Fv2%2Fmedia&parent=52748"}],"wp:term":[{"taxonomy":"category","embeddable":true,"href":"https:\/\/esreviral.com\/index.php?rest_route=%2Fwp%2Fv2%2Fcategories&post=52748"},{"taxonomy":"post_tag","embeddable":true,"href":"https:\/\/esreviral.com\/index.php?rest_route=%2Fwp%2Fv2%2Ftags&post=52748"}],"curies":[{"name":"wp","href":"https:\/\/api.w.org\/{rel}","templated":true}]}}