{"id":52740,"date":"2024-04-26T10:08:28","date_gmt":"2024-04-26T15:08:28","guid":{"rendered":"https:\/\/esreviral.com\/?p=52740"},"modified":"2024-04-26T10:08:31","modified_gmt":"2024-04-26T15:08:31","slug":"nando-de-la-gente-cautiva-en-miami-con-el-estreno-de-el-vendedor-la-pelicula","status":"publish","type":"post","link":"https:\/\/esreviral.com\/?p=52740","title":{"rendered":"Nando de la Gente cautiva en Miami con el estreno de El Vendedor, la pel\u00edcula"},"content":{"rendered":"\n<p>\u00a0\u201c<strong>El Vendedor, la pel\u00edcula<\/strong>\u201d, \u00f3pera prima del <strong>director zuliano, Nando de la Gente y Alex Gal\u00e1n<\/strong>, fue recibida con aplausos y ovaci\u00f3n en su preestreno por parte de la prensa especializada, actores y colegas que se dieron cita en el <strong>Actors Playhouse at the Miracle Theatre de la ciudad de Miami.<\/strong><\/p>\n\n\n\n<p>En esta obra maestra, el nativo de Maracaibo, Venezuela, nos relata la historia de <strong>un exitoso vendedor cuya vida da un giro inesperado cuando su esposa fallece<\/strong>, dej\u00e1ndolo solo con sus dos hijos peque\u00f1os. Esta p\u00e9rdida lo sumerge en una depresi\u00f3n que lo lleva a perder su habilidad innata para lo que mejor sabe hacer.<\/p>\n\n\n\n<p>Pero, a medida que lucha por superar su duelo, se ve envuelto en situaciones tragic\u00f3micas que exploran la complejidad de las emociones humanas, llevando al espectador por un viaje emocional que lo lleva entre la risa y la reflexi\u00f3n.<\/p>\n\n\n\n<figure class=\"wp-block-image size-large\"><img fetchpriority=\"high\" decoding=\"async\" width=\"1024\" height=\"682\" src=\"https:\/\/esreviral.com\/wp-content\/uploads\/2024\/04\/AnyConv.com__-4994647082774146094_121-1024x682.webp\" alt=\"\" class=\"wp-image-52742\" srcset=\"https:\/\/esreviral.com\/wp-content\/uploads\/2024\/04\/AnyConv.com__-4994647082774146094_121-1024x682.webp 1024w, https:\/\/esreviral.com\/wp-content\/uploads\/2024\/04\/AnyConv.com__-4994647082774146094_121-300x200.webp 300w, https:\/\/esreviral.com\/wp-content\/uploads\/2024\/04\/AnyConv.com__-4994647082774146094_121-768x511.webp 768w, https:\/\/esreviral.com\/wp-content\/uploads\/2024\/04\/AnyConv.com__-4994647082774146094_121-750x499.webp 750w, https:\/\/esreviral.com\/wp-content\/uploads\/2024\/04\/AnyConv.com__-4994647082774146094_121-1140x759.webp 1140w, https:\/\/esreviral.com\/wp-content\/uploads\/2024\/04\/AnyConv.com__-4994647082774146094_121.webp 1280w\" sizes=\"(max-width: 1024px) 100vw, 1024px\" \/><\/figure>\n\n\n\n<p>Tras una carrera exitosa en el mundo de la comedia y el stand up, el realizador y actor se ha puesto de nuevo en marcha y ofrece una trama muy bien lograda en su papel de actor dirigida, a dos manos, con el talentoso Alex Gal\u00e1n.<\/p>\n\n\n\n<p>\u00abTodo esto lo so\u00f1\u00e9 y trabaj\u00e9 muy duro para lograrlo, es la continuaci\u00f3n natural de mi trabajo como comediante, pero explorando nuevos terrenos y sintiendo nuevas sensaciones -comenta Nando. Pero sigo siendo el mismo chico alegre de siempre\u201d.<\/p>\n\n\n\n<p>El director zuliano agrega que \u00ab\u2018El Vendedor\u2019 conecta con un realizador m\u00e1s depurado en los contenidos y en la direcci\u00f3n\u201d, destacando que esta dupla result\u00f3 en un gran acierto\u201d.<\/p>\n\n\n<div class=\"wp-block-image\">\n<figure class=\"aligncenter size-large\"><img decoding=\"async\" width=\"768\" height=\"1024\" src=\"https:\/\/esreviral.com\/wp-content\/uploads\/2024\/04\/AnyConv.com__-4994647082774146095_121-768x1024.webp\" alt=\"\" class=\"wp-image-52741\" srcset=\"https:\/\/esreviral.com\/wp-content\/uploads\/2024\/04\/AnyConv.com__-4994647082774146095_121-768x1024.webp 768w, https:\/\/esreviral.com\/wp-content\/uploads\/2024\/04\/AnyConv.com__-4994647082774146095_121-225x300.webp 225w, https:\/\/esreviral.com\/wp-content\/uploads\/2024\/04\/AnyConv.com__-4994647082774146095_121-750x1000.webp 750w, https:\/\/esreviral.com\/wp-content\/uploads\/2024\/04\/AnyConv.com__-4994647082774146095_121.webp 960w\" sizes=\"(max-width: 768px) 100vw, 768px\" \/><\/figure><\/div>\n\n\n<p>En esta faceta como actor, Nando muestra su versatilidad art\u00edstica. Y en \u00e9sta, su primera pel\u00edcula, cuenta que \u00abme encuentro en una posici\u00f3n en la que uno no se puede acomodar, porque la trama no te deja hacer lo que ya has utilizado previamente\u201d.<\/p>\n\n\n\n<p>Sin embargo, es importante resaltar la interpretaci\u00f3n de otras<strong> figuras internacionales que lo acompa\u00f1an, como los colombianos Caterine Escobar, Juli\u00e1n Caicedo, Anderson Ballesteros, la reconocida venezolana Nelly Pujols, entre otros. Un elenco muy calificado y rigurosamente escogido que muestra la diversidad cultural latina.<\/strong><\/p>\n\n\n\n<p>El cineasta zuliano ha sorprendido a un p\u00fablico dividido entre la fascinaci\u00f3n de la historia y el viaje de sensaciones que se vive durante la proyecci\u00f3n, sin renunciar nunca a uno de los signos de identidad de su creador: La pasi\u00f3n, la elocuencia y el humor.<\/p>\n\n\n\n<p>\u00abUno de mis objetivos es que cualquier familia se pudiera ver reflejada en el film. Se trata de un gui\u00f3n muy independiente, sin falsos moralismos y donde nuestra cultura latina, a veces muy conservadora, se viera deslastrada de ello y, honestamente, creo que lo hemos logrado\u201d. Esa amoralidad es el hilo narrativo en el que Nando y Alex se adhieren con fuerza para desarrollar la historia.<\/p>\n\n\n\n<p>Luego de su preestreno en Miami, la pr\u00f3xima parada ser\u00e1 donde todo comenz\u00f3 para Nando de la Gente: La ciudad de Maracaibo y el hist\u00f3rico Teatro Baralt ser\u00e1n testigos del lanzamiento oficial del \u201cVendedor, la pel\u00edcula\u201d el 27 de abril. A partir de ah\u00ed comienza la gira internacional por Am\u00e9rica Latina, Europa y Estados Unidos<\/p>\n\n\n\n<p><strong><a href=\"https:\/\/chat.whatsapp.com\/KWkTmakY3I05kNdd2oZl6d\">\u00daNETE A NUESTRO GRUPO DE WHATSAPP PARA ESTAR INFORMADO<\/a><\/strong><\/p>\n\n\n\n<p class=\"has-text-align-right\"><strong><em>prensa Gisel\u00ed Elie.-<\/em><\/strong><\/p>\n","protected":false},"excerpt":{"rendered":"<p>Magia, drama, suspenso y comedia son los ingredientes de la mezcla explosiva de este film, una<br \/>\nincursi\u00f3n en un terreno m\u00e1s vers\u00e1til del comediante y director de cine zuliano<\/p>\n","protected":false},"author":3,"featured_media":52743,"comment_status":"open","ping_status":"open","sticky":false,"template":"","format":"standard","meta":{"jnews-multi-image_gallery":[],"jnews_single_post":{"subtitle":"","format":"standard","video":"","gallery":"","source_name":"","source_url":"","via_name":"","via_url":"","override_template":"0","override":[{"template":"4","single_blog_custom":"","parallax":"1","fullscreen":"1","layout":"right-sidebar","sidebar":"default-sidebar","second_sidebar":"default-sidebar","sticky_sidebar":"1","share_position":"top","share_float_style":"share-monocrhome","show_share_counter":"1","show_view_counter":"1","show_featured":"1","show_post_meta":"1","show_post_author":"1","show_post_author_image":"1","show_post_date":"1","post_date_format":"default","post_date_format_custom":"Y\/m\/d","show_post_category":"1","show_post_reading_time":"1","post_reading_time_wpm":"300","show_zoom_button":"1","zoom_button_out_step":"2","zoom_button_in_step":"3","show_post_tag":"1","show_prev_next_post":"1","show_popup_post":"1","number_popup_post":"1","show_author_box":"1","show_post_related":"1","show_inline_post_related":"0"}],"override_image_size":"0","image_override":[{"single_post_thumbnail_size":"crop-500","single_post_gallery_size":"crop-500"}],"trending_post":"0","trending_post_position":"meta","trending_post_label":"Trending","sponsored_post":"0","sponsored_post_label":"Sponsored by","sponsored_post_name":"","sponsored_post_url":"","sponsored_post_logo_enable":"0","sponsored_post_logo":"","sponsored_post_desc":"","disable_ad":"0"},"jnews_primary_category":{"id":"","hide":""},"jnews_social_meta":{"fb_title":"","fb_description":"","fb_image":"","twitter_title":"","twitter_description":"","twitter_image":""},"jnews_review":[],"enable_review":"0","type":"percentage","name":"","summary":"","brand":"","sku":"","good":[{"good_text":""}],"bad":[{"bad_text":""}],"score_override":"","override_value":"","rating":[{"rating_text":"","rating_number":"10"}],"price":[{"shop":"","price":"","link":"","icon":""}],"jnews_override_counter":{"override_view_counter":"0","view_counter_number":"0","override_share_counter":"0","share_counter_number":"0","override_like_counter":"0","like_counter_number":"0","override_dislike_counter":"0","dislike_counter_number":"0"},"jnews_post_split":{"enable_post_split":"0","post_split":[{"template":"1","tag":"h2","numbering":"asc","mode":"normal","first":"0","enable_toc":"0","toc_type":"normal"}]},"footnotes":""},"categories":[1069,50],"tags":[14902,329,14901,745,13683,45,1755,56],"class_list":["post-52740","post","type-post","status-publish","format-standard","has-post-thumbnail","hentry","category-cine-y-series","category-entretenimiento","tag-alex-galan","tag-caracas","tag-director-zuliano","tag-miami","tag-nando-de-la-gente","tag-noticias","tag-pelicula","tag-venezuela"],"amp_enabled":true,"_links":{"self":[{"href":"https:\/\/esreviral.com\/index.php?rest_route=\/wp\/v2\/posts\/52740"}],"collection":[{"href":"https:\/\/esreviral.com\/index.php?rest_route=\/wp\/v2\/posts"}],"about":[{"href":"https:\/\/esreviral.com\/index.php?rest_route=\/wp\/v2\/types\/post"}],"author":[{"embeddable":true,"href":"https:\/\/esreviral.com\/index.php?rest_route=\/wp\/v2\/users\/3"}],"replies":[{"embeddable":true,"href":"https:\/\/esreviral.com\/index.php?rest_route=%2Fwp%2Fv2%2Fcomments&post=52740"}],"version-history":[{"count":0,"href":"https:\/\/esreviral.com\/index.php?rest_route=\/wp\/v2\/posts\/52740\/revisions"}],"wp:featuredmedia":[{"embeddable":true,"href":"https:\/\/esreviral.com\/index.php?rest_route=\/wp\/v2\/media\/52743"}],"wp:attachment":[{"href":"https:\/\/esreviral.com\/index.php?rest_route=%2Fwp%2Fv2%2Fmedia&parent=52740"}],"wp:term":[{"taxonomy":"category","embeddable":true,"href":"https:\/\/esreviral.com\/index.php?rest_route=%2Fwp%2Fv2%2Fcategories&post=52740"},{"taxonomy":"post_tag","embeddable":true,"href":"https:\/\/esreviral.com\/index.php?rest_route=%2Fwp%2Fv2%2Ftags&post=52740"}],"curies":[{"name":"wp","href":"https:\/\/api.w.org\/{rel}","templated":true}]}}