{"id":52713,"date":"2024-04-26T08:59:09","date_gmt":"2024-04-26T13:59:09","guid":{"rendered":"https:\/\/esreviral.com\/?p=52713"},"modified":"2024-04-26T09:54:09","modified_gmt":"2024-04-26T14:54:09","slug":"abandonaron-un-bebe-en-una-bolsa-y-un-auto-lo-aplasto","status":"publish","type":"post","link":"https:\/\/esreviral.com\/?p=52713","title":{"rendered":"Impactante foto de un beb\u00e9 abandonado en una bolsa y un auto lo aplast\u00f3"},"content":{"rendered":"\n<p>Un&nbsp;beb\u00e9 reci\u00e9n nacido fue abandonado&nbsp;en una esquina de Jos\u00e9 C. Paz y, seg\u00fan las primeras pericias,<strong>&nbsp;un perro arrastr\u00f3 la bolsa donde hab\u00edan dejado al bebe reci\u00e9n nacido hasta la calle y accidentalmente un auto que circulaba lo atropell\u00f3.<\/strong><\/p>\n\n\n\n<p>Este aberrante hecho ocurri\u00f3 durante la tarde de este mi\u00e9rcoles, en la esquina de la escuela N\u00b0 13 ubicada en las calles Corbeta Uruguay y Valent\u00edn Alsina, en la localidad de Jos\u00e9 C. Paz.<\/p>\n\n\n\n<p>\u00abAyer a las 17:30 estaba en el sill\u00f3n tomando mate, vi unos polic\u00edas y despu\u00e9s<strong>&nbsp;me entero de que era un bebe muerto. Yo vi la bolsa pero nunca imagine que iba a ser una criatura<\/strong>\u00ab, sostuvo un vecino del barrio en di\u00e1logo con el <em>medio informativo A24<\/em>.<\/p>\n\n\n\n<p>Y agreg\u00f3: \u00abYo salgo todas las ma\u00f1anas a caminar y la bolsa esa la vi el martes pero como ac\u00e1 vienen los carritos y tiran basura y perros muertos. Antes yo quemaba todo, ahora est\u00e1 un poco calmado\u00bb.<\/p>\n\n\n\n<blockquote class=\"twitter-tweet\"><p lang=\"es\" dir=\"ltr\"><a href=\"https:\/\/twitter.com\/hashtag\/26Abr?src=hash&amp;ref_src=twsrc%5Etfw\">#26Abr<\/a> El impactante video de un beb\u00e9 abandonado en una bolsa y un auto lo aplast\u00f3 <a href=\"https:\/\/t.co\/vNuXtaZOqH\">pic.twitter.com\/vNuXtaZOqH<\/a><\/p>&mdash; ES RE VIRAL (@esreviral) <a href=\"https:\/\/twitter.com\/esreviral\/status\/1783872052589449344?ref_src=twsrc%5Etfw\">April 26, 2024<\/a><\/blockquote> <script async src=\"https:\/\/platform.twitter.com\/widgets.js\" charset=\"utf-8\"><\/script>\n\n\n\n<figure class=\"wp-block-image size-large\"><img fetchpriority=\"high\" decoding=\"async\" width=\"768\" height=\"1024\" src=\"https:\/\/esreviral.com\/wp-content\/uploads\/2024\/04\/AnyConv.com__WhatsApp-Image-2024-04-26-at-11.08.35-AM-768x1024.webp\" alt=\"\" class=\"wp-image-52717\" srcset=\"https:\/\/esreviral.com\/wp-content\/uploads\/2024\/04\/AnyConv.com__WhatsApp-Image-2024-04-26-at-11.08.35-AM-768x1024.webp 768w, https:\/\/esreviral.com\/wp-content\/uploads\/2024\/04\/AnyConv.com__WhatsApp-Image-2024-04-26-at-11.08.35-AM-225x300.webp 225w, https:\/\/esreviral.com\/wp-content\/uploads\/2024\/04\/AnyConv.com__WhatsApp-Image-2024-04-26-at-11.08.35-AM-1152x1536.webp 1152w, https:\/\/esreviral.com\/wp-content\/uploads\/2024\/04\/AnyConv.com__WhatsApp-Image-2024-04-26-at-11.08.35-AM-750x1000.webp 750w, https:\/\/esreviral.com\/wp-content\/uploads\/2024\/04\/AnyConv.com__WhatsApp-Image-2024-04-26-at-11.08.35-AM-1140x1520.webp 1140w, https:\/\/esreviral.com\/wp-content\/uploads\/2024\/04\/AnyConv.com__WhatsApp-Image-2024-04-26-at-11.08.35-AM.webp 1200w\" sizes=\"(max-width: 768px) 100vw, 768px\" \/><\/figure>\n\n\n\n<p><\/p>\n\n\n\n<p><strong><mark style=\"background-color:rgba(0, 0, 0, 0)\" class=\"has-inline-color has-vivid-red-color\">Otro caso similar: un joven encontr\u00f3 a una beb\u00e9 reci\u00e9n nacida abandonada en las calles<\/mark><\/strong><\/p>\n\n\n\n<p>Otro caso similar sucedi\u00f3 en C\u00f3rdoba cuando un joven estaba caminando por avenida Juan B. Justo, a la altura de 6 de Agosto, en<strong>&nbsp;barrio Panamericano<\/strong>, en la zona norte de la provincia, cuando escuch\u00f3 un llanto constante que lo sorprendi\u00f3. En ese momento se dio cuenta que hab\u00eda encontrado a una&nbsp;<strong>beba reci\u00e9n nacida que estaba sola en la vereda y<\/strong>&nbsp;<strong>hab\u00eda sido abandonada<\/strong>.<\/p>\n\n\n\n<p>Estaba cubierta con una manta blanca y llevaba un gorrito en su cabeza mientras lloraba sin parar. El hombre la llev\u00f3 al Hospital Elpidio Torres en un taxi.<\/p>\n\n\n\n<p>Personal m\u00e9dico constat\u00f3 que&nbsp;<strong>la beb\u00e9 tendr\u00eda horas de nacimiento&nbsp;<\/strong>y aparentemente se encuentra en buenas condiciones de salud. Posteriormente, fue trasladada al Hospital Neonatal y ahora interviene la Justicia de menores en el caso.<\/p>\n\n\n\n<p><strong><em><mark style=\"background-color:rgba(0, 0, 0, 0)\" class=\"has-inline-color has-vivid-red-color\"><a href=\"https:\/\/esreviral.com\/murio-la-bebe-rescatada-por-cesarea-del-vientre-de-su-madre-tras-un-ataque-israeli-en-gaza\/\" data-type=\"link\" data-id=\"https:\/\/esreviral.com\/murio-la-bebe-rescatada-por-cesarea-del-vientre-de-su-madre-tras-un-ataque-israeli-en-gaza\/\">Lea Tambi\u00e9n: Muri\u00f3 la beb\u00e9 rescatada por ces\u00e1rea del vientre de su madre tras un ataque israel\u00ed en Gaza<\/a><\/mark><\/em><\/strong><\/p>\n\n\n\n<p class=\"has-text-align-right\"><em><strong>a24.com.-<\/strong><\/em><\/p>\n","protected":false},"excerpt":{"rendered":"<p>Un beb\u00e9 de 6 meses de vida fue encontrado sin vida luego de ser abandonado en una esquina Jos\u00e9 C. Paz, ubicado en la zona noroeste del Gran Buenos Aires.<\/p>\n","protected":false},"author":3,"featured_media":52714,"comment_status":"open","ping_status":"open","sticky":false,"template":"","format":"standard","meta":{"jnews-multi-image_gallery":[],"jnews_single_post":{"subtitle":"","format":"standard","video":"","gallery":"","source_name":"","source_url":"","via_name":"","via_url":"","override_template":"0","override":[{"template":"4","single_blog_custom":"","parallax":"1","fullscreen":"1","layout":"right-sidebar","sidebar":"default-sidebar","second_sidebar":"default-sidebar","sticky_sidebar":"1","share_position":"top","share_float_style":"share-monocrhome","show_share_counter":"1","show_view_counter":"1","show_featured":"1","show_post_meta":"1","show_post_author":"1","show_post_author_image":"1","show_post_date":"1","post_date_format":"default","post_date_format_custom":"Y\/m\/d","show_post_category":"1","show_post_reading_time":"1","post_reading_time_wpm":"300","show_zoom_button":"1","zoom_button_out_step":"2","zoom_button_in_step":"3","show_post_tag":"1","show_prev_next_post":"1","show_popup_post":"1","number_popup_post":"1","show_author_box":"1","show_post_related":"1","show_inline_post_related":"0"}],"override_image_size":"0","image_override":[{"single_post_thumbnail_size":"crop-500","single_post_gallery_size":"crop-500"}],"trending_post":"0","trending_post_position":"meta","trending_post_label":"Trending","sponsored_post":"0","sponsored_post_label":"Sponsored by","sponsored_post_name":"","sponsored_post_url":"","sponsored_post_logo_enable":"0","sponsored_post_logo":"","sponsored_post_desc":"","disable_ad":"0"},"jnews_primary_category":{"id":"","hide":""},"jnews_social_meta":{"fb_title":"","fb_description":"","fb_image":"","twitter_title":"","twitter_description":"","twitter_image":""},"jnews_review":[],"enable_review":"0","type":"percentage","name":"","summary":"","brand":"","sku":"","good":[{"good_text":""}],"bad":[{"bad_text":""}],"score_override":"","override_value":"","rating":[{"rating_text":"","rating_number":"10"}],"price":[{"shop":"","price":"","link":"","icon":""}],"jnews_override_counter":{"override_view_counter":"0","view_counter_number":"0","override_share_counter":"0","share_counter_number":"0","override_like_counter":"0","like_counter_number":"0","override_dislike_counter":"0","dislike_counter_number":"0"},"jnews_post_split":{"enable_post_split":"0","post_split":[{"template":"1","tag":"h2","numbering":"asc","mode":"normal","first":"0","enable_toc":"0","toc_type":"normal"}]},"footnotes":""},"categories":[58,64],"tags":[14193,44,1741,1760,45,423],"class_list":["post-52713","post","type-post","status-publish","format-standard","has-post-thumbnail","hentry","category-argentina","category-sucesos","tag-abandono","tag-argentina","tag-bebe-2","tag-jose-c-paz","tag-noticias","tag-tragedia"],"amp_enabled":true,"_links":{"self":[{"href":"https:\/\/esreviral.com\/index.php?rest_route=\/wp\/v2\/posts\/52713"}],"collection":[{"href":"https:\/\/esreviral.com\/index.php?rest_route=\/wp\/v2\/posts"}],"about":[{"href":"https:\/\/esreviral.com\/index.php?rest_route=\/wp\/v2\/types\/post"}],"author":[{"embeddable":true,"href":"https:\/\/esreviral.com\/index.php?rest_route=\/wp\/v2\/users\/3"}],"replies":[{"embeddable":true,"href":"https:\/\/esreviral.com\/index.php?rest_route=%2Fwp%2Fv2%2Fcomments&post=52713"}],"version-history":[{"count":0,"href":"https:\/\/esreviral.com\/index.php?rest_route=\/wp\/v2\/posts\/52713\/revisions"}],"wp:featuredmedia":[{"embeddable":true,"href":"https:\/\/esreviral.com\/index.php?rest_route=\/wp\/v2\/media\/52714"}],"wp:attachment":[{"href":"https:\/\/esreviral.com\/index.php?rest_route=%2Fwp%2Fv2%2Fmedia&parent=52713"}],"wp:term":[{"taxonomy":"category","embeddable":true,"href":"https:\/\/esreviral.com\/index.php?rest_route=%2Fwp%2Fv2%2Fcategories&post=52713"},{"taxonomy":"post_tag","embeddable":true,"href":"https:\/\/esreviral.com\/index.php?rest_route=%2Fwp%2Fv2%2Ftags&post=52713"}],"curies":[{"name":"wp","href":"https:\/\/api.w.org\/{rel}","templated":true}]}}