{"id":52614,"date":"2024-04-25T07:31:51","date_gmt":"2024-04-25T12:31:51","guid":{"rendered":"https:\/\/esreviral.com\/?p=52614"},"modified":"2024-04-25T07:31:51","modified_gmt":"2024-04-25T12:31:51","slug":"condenado-un-hombre-a-20-anos-de-prision-por-atentar-contra-sus-hijastras","status":"publish","type":"post","link":"https:\/\/esreviral.com\/?p=52614","title":{"rendered":"Condenado un hombre a 20 a\u00f1os de prisi\u00f3n por atentar contra sus hijastras"},"content":{"rendered":"\n<p><strong>Santiago Jos\u00e9 Amaya Valles (33) <\/strong>fue condenado a 20 a\u00f1os de prisi\u00f3n por su responsabilidad en el<strong> femicidio frustrado de sus dos hijastras de 18 y 16 a\u00f1os de edad.<\/strong><\/p>\n\n\n\n<p>El hecho ocurri\u00f3 el 13 de junio de 2020 en el sector Creolandia, ubicado en el municipio Los Taques del estado Falc\u00f3n, en Venezuela; y fue detectado mediante una denuncia realizada por las v\u00edctimas y sus vecinos ante la <strong>Polic\u00eda de Falc\u00f3n<\/strong> (Polifalc\u00f3n).<\/p>\n\n\n\n<p>El d\u00eda del hecho, una de las v\u00edctimas cuidaba a su hermana mayor en estado de embarazo, cuando escucharon un golpe en el techo de la vivienda. Al revisar, notaron que Amaya Valles hab\u00eda entrado por la parte superior del inmueble y llevaba consigo un cuchillo, rese\u00f1a una nota de prensa del Ministerio P\u00fablico.<\/p>\n\n\n\n<p><strong><em><mark style=\"background-color:rgba(0, 0, 0, 0)\" class=\"has-inline-color has-vivid-red-color\"><a href=\"https:\/\/esreviral.com\/condenan-a-influencer-vegano-por-dejar-morir-de-hambre-a-su-bebe-recien-nacido\/\" data-type=\"link\" data-id=\"https:\/\/esreviral.com\/condenan-a-influencer-vegano-por-dejar-morir-de-hambre-a-su-bebe-recien-nacido\/\">Lea Tambi\u00e9n: Condenan a influencer vegano por dejar morir de hambre a su beb\u00e9 reci\u00e9n nacido<\/a><\/mark><\/em><\/strong><\/p>\n\n\n\n<p>Una vez dentro del inmueble, el sujeto amenaz\u00f3 a las v\u00edctimas y dijo que les prender\u00eda fuego.Inmediatamente, las golpe\u00f3 e incendi\u00f3 una de las camas para dejarlas encerradas dentro de una habitaci\u00f3n desde donde gritaban para solicitar socorro.<\/p>\n\n\n\n<p>Tal situaci\u00f3n fue detectada por los vecinos de la zona, quienes ingresaron a la vivienda para confrontar a Amaya Valles.<\/p>\n\n\n\n<p>En tal sentido, retuvieron al hoy condenado despu\u00e9s de forcejeos y ayudaron a las dos hermanas a salir del lugar, para que pudieran notificar a las autoridades lo ocurrido.<\/p>\n\n\n\n<p><strong><em><mark style=\"background-color:rgba(0, 0, 0, 0)\" class=\"has-inline-color has-vivid-red-color\"><a href=\"https:\/\/esreviral.com\/una-mujer-dio-a-luz-en-una-concesionaria-y-escondio-al-bebe-en-un-cajon\/\" data-type=\"link\" data-id=\"https:\/\/esreviral.com\/una-mujer-dio-a-luz-en-una-concesionaria-y-escondio-al-bebe-en-un-cajon\/\">Lea Tambi\u00e9n: Una mujer dio a luz en una concesionaria y escondi\u00f3 al beb\u00e9 en un caj\u00f3n<\/a><\/mark><\/em><\/strong><\/p>\n\n\n\n<p>En el juicio, la Fiscal\u00eda 16\u00aa de Falc\u00f3n ratific\u00f3 la acusaci\u00f3n en contra de Amaya Valles por la comisi\u00f3n del delito de femicidio agravado en grado de frustraci\u00f3n.<\/p>\n\n\n\n<p>Una vez que la representaci\u00f3n fiscal evacu\u00f3 los elementos de prueba inherentes al caso, el Tribunal 2\u00b0 de Juicio de esa jurisdicci\u00f3n dict\u00f3 la mencionada condena y orden\u00f3 la reclusi\u00f3n del hombre en la <strong>Comunidad Penitenciaria de Coro<\/strong>.<\/p>\n\n\n\n<p><strong><em><mark style=\"background-color:rgba(0, 0, 0, 0)\" class=\"has-inline-color has-vivid-red-color\"><a href=\"https:\/\/esreviral.com\/sujeto-le-quemo-los-labios-a-su-hijastra-de-ano-y-medio-de-nacida\/\" data-type=\"link\" data-id=\"https:\/\/esreviral.com\/sujeto-le-quemo-los-labios-a-su-hijastra-de-ano-y-medio-de-nacida\/\">Lea Tambi\u00e9n: Sujeto le quem\u00f3 los labios a su hijastra de a\u00f1o y medio de nacida<\/a><\/mark><\/em><\/strong><\/p>\n\n\n\n<p class=\"has-text-align-right\"><strong><em>ultimasnoticias.com.ve.-<\/em><\/strong><\/p>\n","protected":false},"excerpt":{"rendered":"<p>El sujeto amenaz\u00f3 a las v\u00edctimas con prenderles fuego<\/p>\n","protected":false},"author":3,"featured_media":52615,"comment_status":"open","ping_status":"open","sticky":false,"template":"","format":"standard","meta":{"jnews-multi-image_gallery":[],"jnews_single_post":{"subtitle":"","format":"standard","video":"","gallery":"","source_name":"","source_url":"","via_name":"","via_url":"","override_template":"0","override":[{"template":"4","single_blog_custom":"","parallax":"1","fullscreen":"1","layout":"right-sidebar","sidebar":"default-sidebar","second_sidebar":"default-sidebar","sticky_sidebar":"1","share_position":"top","share_float_style":"share-monocrhome","show_share_counter":"1","show_view_counter":"1","show_featured":"1","show_post_meta":"1","show_post_author":"1","show_post_author_image":"1","show_post_date":"1","post_date_format":"default","post_date_format_custom":"Y\/m\/d","show_post_category":"1","show_post_reading_time":"1","post_reading_time_wpm":"300","show_zoom_button":"1","zoom_button_out_step":"2","zoom_button_in_step":"3","show_post_tag":"1","show_prev_next_post":"1","show_popup_post":"1","number_popup_post":"1","show_author_box":"1","show_post_related":"1","show_inline_post_related":"0"}],"override_image_size":"0","image_override":[{"single_post_thumbnail_size":"crop-500","single_post_gallery_size":"crop-500"}],"trending_post":"0","trending_post_position":"meta","trending_post_label":"Trending","sponsored_post":"0","sponsored_post_label":"Sponsored by","sponsored_post_name":"","sponsored_post_url":"","sponsored_post_logo_enable":"0","sponsored_post_logo":"","sponsored_post_desc":"","disable_ad":"0"},"jnews_primary_category":{"id":"","hide":""},"jnews_social_meta":{"fb_title":"","fb_description":"","fb_image":"","twitter_title":"","twitter_description":"","twitter_image":""},"jnews_review":[],"enable_review":"0","type":"percentage","name":"","summary":"","brand":"","sku":"","good":[{"good_text":""}],"bad":[{"bad_text":""}],"score_override":"","override_value":"","rating":[{"rating_text":"","rating_number":"10"}],"price":[{"shop":"","price":"","link":"","icon":""}],"jnews_override_counter":{"override_view_counter":"0","view_counter_number":"0","override_share_counter":"0","share_counter_number":"0","override_like_counter":"0","like_counter_number":"0","override_dislike_counter":"0","dislike_counter_number":"0"},"jnews_post_split":{"enable_post_split":"0","post_split":[{"template":"1","tag":"h2","numbering":"asc","mode":"normal","first":"0","enable_toc":"0","toc_type":"normal"}]},"footnotes":""},"categories":[64,66],"tags":[14868,843,1506,555,14866,45,14865,14867,56],"class_list":["post-52614","post","type-post","status-publish","format-standard","has-post-thumbnail","hentry","category-sucesos","category-venezuela","tag-comunidad-penitenciaria-de-coro","tag-coro","tag-falcon","tag-femicidio","tag-femicidio-frustrado","tag-noticias","tag-penitenciaria-de-coro","tag-policia-de-falcon","tag-venezuela"],"amp_enabled":true,"_links":{"self":[{"href":"https:\/\/esreviral.com\/index.php?rest_route=\/wp\/v2\/posts\/52614"}],"collection":[{"href":"https:\/\/esreviral.com\/index.php?rest_route=\/wp\/v2\/posts"}],"about":[{"href":"https:\/\/esreviral.com\/index.php?rest_route=\/wp\/v2\/types\/post"}],"author":[{"embeddable":true,"href":"https:\/\/esreviral.com\/index.php?rest_route=\/wp\/v2\/users\/3"}],"replies":[{"embeddable":true,"href":"https:\/\/esreviral.com\/index.php?rest_route=%2Fwp%2Fv2%2Fcomments&post=52614"}],"version-history":[{"count":0,"href":"https:\/\/esreviral.com\/index.php?rest_route=\/wp\/v2\/posts\/52614\/revisions"}],"wp:featuredmedia":[{"embeddable":true,"href":"https:\/\/esreviral.com\/index.php?rest_route=\/wp\/v2\/media\/52615"}],"wp:attachment":[{"href":"https:\/\/esreviral.com\/index.php?rest_route=%2Fwp%2Fv2%2Fmedia&parent=52614"}],"wp:term":[{"taxonomy":"category","embeddable":true,"href":"https:\/\/esreviral.com\/index.php?rest_route=%2Fwp%2Fv2%2Fcategories&post=52614"},{"taxonomy":"post_tag","embeddable":true,"href":"https:\/\/esreviral.com\/index.php?rest_route=%2Fwp%2Fv2%2Ftags&post=52614"}],"curies":[{"name":"wp","href":"https:\/\/api.w.org\/{rel}","templated":true}]}}