{"id":52500,"date":"2024-04-23T07:03:29","date_gmt":"2024-04-23T12:03:29","guid":{"rendered":"https:\/\/esreviral.com\/?p=52500"},"modified":"2024-04-23T07:03:39","modified_gmt":"2024-04-23T12:03:39","slug":"milei-anuncio-superavit-financiero-en-el-primer-trimestre","status":"publish","type":"post","link":"https:\/\/esreviral.com\/?p=52500","title":{"rendered":"Milei anunci\u00f3 super\u00e1vit financiero en el primer trimestre"},"content":{"rendered":"\n<p>El<strong> Presidente Javier Milei<\/strong> anunci\u00f3 esta anoche que el <strong>Gobierno alcanz\u00f3 durante marzo un super\u00e1vit financiero de m\u00e1s de 275.000 millones de pesos<\/strong>, un logro que el sector p\u00fablico nacional alcanz\u00f3 luego de casi 20 a\u00f1os, y al que calific\u00f3 como \u201cuna haza\u00f1a hist\u00f3rica mundial\u201d pese a haber recibido \u201cun pa\u00eds quebrado\u201d y pese a haber incrementado la ayuda social.<\/p>\n\n\n\n<p>En un mensaje a los argentinos transmitido por cadena nacional, el Presidente sostuvo que al asumir \u201ctomamos el toro por las astas\u201d para implementar el \u201cprograma de estabilizaci\u00f3n de shock m\u00e1s ambicioso de nuestra historia\u201d que permiti\u00f3 alcanzar en un mes el super\u00e1vit financiero, \u201cun hito que no tiene parang\u00f3n en la historia del mundo occidental\u201d.<\/p>\n\n\n\n<p>Sobre este logro dijo que \u201ces el \u00fanico punto de partida posible para terminar de una vez para siempre con la inflaci\u00f3n\u201d, y asegur\u00f3 que se produjo \u201cde manera econ\u00f3micamente sustentable\u201d ya que por primera vez \u201cno se le traslada el costo del ajuste a toda la poblaci\u00f3n argentina, sino solamente a aquellos que fueron beneficiados por el modelo empobrecedor del pasado\u201d.<\/p>\n\n\n\n<p>Rodeado de su equipo econ\u00f3mico, el mandatario destac\u00f3 la \u201cenorme tarea\u201d que est\u00e1 llevando a cabo y afirm\u00f3 que se trata de un \u201cmilagro econ\u00f3mico pese a la herencia que recibimos\u201d. Tambi\u00e9n ponder\u00f3 la \u201centereza con la que los argentinos est\u00e1n enfrentando este desaf\u00edo\u201d, y asegur\u00f3 que estamos en el \u201c\u00faltimo tramo del esfuerzo heroico\u201d que est\u00e1 haciendo la mayor\u00eda.<\/p>\n\n\n\n<p><strong><mark style=\"background-color:rgba(0, 0, 0, 0)\" class=\"has-inline-color has-vivid-red-color\">A continuaci\u00f3n, los puntos m\u00e1s salientes de su discurso:<\/mark><\/strong><\/p>\n\n\n\n<p>\u2705 \u201cLa situaci\u00f3n que estamos viviendo es dura, pero ya hemos recorrido m\u00e1s de la mitad del camino. Este es el \u00faltimo tramo de un esfuerzo heroico que los argentinos estamos haciendo y por primera vez va a valer la pena\u201d.<\/p>\n\n\n\n<p>\u2705 \u201cEl sector p\u00fablico nacional registr\u00f3 durante el mes de marzo un super\u00e1vit financiero de m\u00e1s de 275.000 millones de pesos\u201d.<\/p>\n\n\n\n<p>\u2705 \u201cEste es el primer trimestre con super\u00e1vit financiero desde el a\u00f1o 2008, un hito que debe enorgullecernos como pa\u00eds, en particular dada la estrepitosa herencia de la que tuvimos que hacernos cargo\u201d.<\/p>\n\n\n\n<p>\u2705 \u201cEste es el \u00fanico punto de partida posible para terminar con el infierno inflacionario que fue la Argentina desde la ca\u00edda de la convertibilidad. El super\u00e1vit fiscal es la piedra angular desde la cual construimos la nueva era de prosperidad\u201d.<\/p>\n\n\n\n<p>\u2705 \u201cCuando asumimos el enorme desaf\u00edo de conducir nuestra naci\u00f3n encontramos un pa\u00eds quebrado y al borde de una hiperinflaci\u00f3n\u201d.<\/p>\n\n\n\n<p>\u2705 \u201cAsumimos el Gobierno con la inflaci\u00f3n 7.600% anual, con un sobrante monetario y un Banco Central quebrado que hubiese llevado la inflaci\u00f3n al 15.000% anual\u201d.<\/p>\n\n\n\n<p>\u2705 \u201cDada la gravedad de la situaci\u00f3n que hab\u00edamos heredado no ten\u00edamos tiempo para un nuevo experimento gradualista y avanzamos en el programa de estabilizaci\u00f3n de shock m\u00e1s ambicioso de nuestra historia\u201d.<\/p>\n\n\n\n<p>\u2705 \u201cAs\u00ed logramos alcanzar el super\u00e1vit financiero en tan solo un mes, un hito que no tiene parang\u00f3n en la historia del mundo occidental\u201d.<\/p>\n\n\n\n<p>\u2705 \u201cDe los cinco puntos del d\u00e9ficit del Tesoro que hemos ajustado solo 0,4% responde a la p\u00e9rdida del poder adquisitivo de las jubilaciones, p\u00e9rdida producida por la nefasta f\u00f3rmula de movilidad de Alberto Fern\u00e1ndez\u201d.<\/p>\n\n\n\n<p>\u2705 \u201cDestacamos la reducci\u00f3n del 76% de las transferencias discrecionales a las provincias y la reducci\u00f3n dr\u00e1stica del 87% en la obra p\u00fablica, hist\u00f3ricamente vinculada a la corrupci\u00f3n que ha sido la Argentina los \u00faltimos 20 a\u00f1os\u00bb.<\/p>\n\n\n\n<p>\u2705 \u201cAdem\u00e1s, hemos reducido la estructura del Estado eliminando el 50% de los cargos pol\u00edticos, eliminamos la pauta publicitaria, una reducci\u00f3n del 22% de los gastos de funcionamiento del Estado\u201d.<\/p>\n\n\n\n<p>\u2705 \u00abEl super\u00e1vit fiscal lo hemos logrado sin olvidarnos de aquellos sectores postergados que han sido las principales v\u00edctimas del modelo empobrecedor\u201d.<\/p>\n\n\n\n<p>\u2705 \u201cHemos aumentado un 500% del Plan Primeros Mil D\u00edas que beneficia a 70.000 mujeres embarazadas; un 311% la Asignaci\u00f3n de ayuda escolar; duplicamos la Asignaci\u00f3n Universal por Hijo y la Tarjeta Alimentar; aumentamos un 75% la ayuda para los comedores y lanzamos un sistema de vouchers educativos para asistir a familias que env\u00edan a sus hijos a establecimientos con subvenci\u00f3n estatal\u201d.<\/p>\n\n\n\n<p>\u2705 \u201cDec\u00edan que hacer un ajuste de m\u00e1s de un punto del PBI y tener d\u00e9ficit cero en el primer a\u00f1o era imposible. Bueno, estamos haciendo posible lo imposible, incluso con la mayor\u00eda de la pol\u00edtica, los sindicatos, el periodismo y buena parte de los actores econ\u00f3micos en contra\u00bb.<\/p>\n\n\n\n<p>\u2705 \u201cEsto es ley de la historia. Si el Estado no gasta m\u00e1s de lo que recauda y no recurre a la emisi\u00f3n no hay inflaci\u00f3n. No es magia. La \u00fanica tarea del Estado es proteger la vida, la libertad y la propiedad de los argentinos, para que cada uno pueda ser arquitecto de su propio destino\u201d.<\/p>\n\n\n\n<p>\u2705 \u201cNo esperen la salida de la mano del gasto p\u00fablico. La salida vendr\u00e1 de la mano de la inversi\u00f3n del sector privado y del cr\u00e9dito, financiado genuinamente por el ahorro, porque esa es la \u00fanica manera sostenible de crecer\u201d.<\/p>\n\n\n\n<p>\u2705 \u201cNada de todo esto podr\u00eda ser posible sin el esfuerzo heroico de la mayor\u00eda de los argentinos que est\u00e1n sufriendo, pero que saben que este es el \u00fanico camino posible si queremos un futuro mejor para nuestros hijos\u201d.<\/p>\n\n\n\n<p>\u2705 \u201cNo hay alternativa m\u00e1s que rendirse a los pies de un pueblo que ha decidido abandonar la esclavitud y a emprender el largo camino por el desierto hacia la tierra prometida. Quienes formamos parte de este Gobierno vamos a dejar la vida para sacar este pa\u00eds del infierno que hemos recibido\u201d.<\/p>\n\n\n\n<p class=\"has-text-align-right\"><strong><em>Prensa Casa Rosada.-<\/em><\/strong><\/p>\n","protected":false},"excerpt":{"rendered":"<p>El Presidente Javier Milei anunci\u00f3 esta noche que el Gobierno alcanz\u00f3 durante marzo un super\u00e1vit financiero de m\u00e1s de 275.000 millones de pesos, un logro que el sector p\u00fablico nacional alcanz\u00f3 luego de casi 20 a\u00f1os, y al que calific\u00f3 como \u201cuna haza\u00f1a hist\u00f3rica mundial\u201d pese a haber recibido \u201cun pa\u00eds quebrado\u201d y pese a haber incrementado la ayuda social.<\/p>\n","protected":false},"author":3,"featured_media":52501,"comment_status":"open","ping_status":"open","sticky":false,"template":"","format":"standard","meta":{"jnews-multi-image_gallery":[],"jnews_single_post":{"subtitle":"","format":"standard","video":"","gallery":"","source_name":"","source_url":"","via_name":"","via_url":"","override_template":"0","override":[{"template":"4","single_blog_custom":"","parallax":"1","fullscreen":"1","layout":"right-sidebar","sidebar":"default-sidebar","second_sidebar":"default-sidebar","sticky_sidebar":"1","share_position":"top","share_float_style":"share-monocrhome","show_share_counter":"1","show_view_counter":"1","show_featured":"1","show_post_meta":"1","show_post_author":"1","show_post_author_image":"1","show_post_date":"1","post_date_format":"default","post_date_format_custom":"Y\/m\/d","show_post_category":"1","show_post_reading_time":"1","post_reading_time_wpm":"300","show_zoom_button":"1","zoom_button_out_step":"2","zoom_button_in_step":"3","show_post_tag":"1","show_prev_next_post":"1","show_popup_post":"1","number_popup_post":"1","show_author_box":"1","show_post_related":"1","show_inline_post_related":"0"}],"override_image_size":"0","image_override":[{"single_post_thumbnail_size":"crop-500","single_post_gallery_size":"crop-500"}],"trending_post":"0","trending_post_position":"meta","trending_post_label":"Trending","sponsored_post":"0","sponsored_post_label":"Sponsored by","sponsored_post_name":"","sponsored_post_url":"","sponsored_post_logo_enable":"0","sponsored_post_logo":"","sponsored_post_desc":"","disable_ad":"0"},"jnews_primary_category":{"id":"","hide":""},"jnews_social_meta":{"fb_title":"","fb_description":"","fb_image":"","twitter_title":"","twitter_description":"","twitter_image":""},"jnews_review":[],"enable_review":"0","type":"percentage","name":"","summary":"","brand":"","sku":"","good":[{"good_text":""}],"bad":[{"bad_text":""}],"score_override":"","override_value":"","rating":[{"rating_text":"","rating_number":"10"}],"price":[{"shop":"","price":"","link":"","icon":""}],"jnews_override_counter":{"override_view_counter":"0","view_counter_number":"0","override_share_counter":"0","share_counter_number":"0","override_like_counter":"0","like_counter_number":"0","override_dislike_counter":"0","dislike_counter_number":"0"},"jnews_post_split":{"enable_post_split":"0","post_split":[{"template":"1","tag":"h2","numbering":"asc","mode":"normal","first":"0","enable_toc":"0","toc_type":"normal"}]},"footnotes":""},"categories":[58,61,59],"tags":[44,268,1158,1251,45,14344,14809,14810],"class_list":["post-52500","post","type-post","status-publish","format-standard","has-post-thumbnail","hentry","category-argentina","category-economia","category-politica","tag-argentina","tag-inflacion","tag-javier-milei","tag-milei","tag-noticias","tag-presidente-javier-milei-2","tag-superavit","tag-superavit-financiero"],"amp_enabled":true,"_links":{"self":[{"href":"https:\/\/esreviral.com\/index.php?rest_route=\/wp\/v2\/posts\/52500"}],"collection":[{"href":"https:\/\/esreviral.com\/index.php?rest_route=\/wp\/v2\/posts"}],"about":[{"href":"https:\/\/esreviral.com\/index.php?rest_route=\/wp\/v2\/types\/post"}],"author":[{"embeddable":true,"href":"https:\/\/esreviral.com\/index.php?rest_route=\/wp\/v2\/users\/3"}],"replies":[{"embeddable":true,"href":"https:\/\/esreviral.com\/index.php?rest_route=%2Fwp%2Fv2%2Fcomments&post=52500"}],"version-history":[{"count":0,"href":"https:\/\/esreviral.com\/index.php?rest_route=\/wp\/v2\/posts\/52500\/revisions"}],"wp:featuredmedia":[{"embeddable":true,"href":"https:\/\/esreviral.com\/index.php?rest_route=\/wp\/v2\/media\/52501"}],"wp:attachment":[{"href":"https:\/\/esreviral.com\/index.php?rest_route=%2Fwp%2Fv2%2Fmedia&parent=52500"}],"wp:term":[{"taxonomy":"category","embeddable":true,"href":"https:\/\/esreviral.com\/index.php?rest_route=%2Fwp%2Fv2%2Fcategories&post=52500"},{"taxonomy":"post_tag","embeddable":true,"href":"https:\/\/esreviral.com\/index.php?rest_route=%2Fwp%2Fv2%2Ftags&post=52500"}],"curies":[{"name":"wp","href":"https:\/\/api.w.org\/{rel}","templated":true}]}}