{"id":5227,"date":"2021-03-26T17:35:43","date_gmt":"2021-03-26T20:35:43","guid":{"rendered":"http:\/\/esreviral.com\/?p=5227"},"modified":"2021-03-26T17:35:43","modified_gmt":"2021-03-26T20:35:43","slug":"14-nuevos-trabajadores-de-la-salud-muertos-por-coronavirus-en-venezuela-y-suman-393","status":"publish","type":"post","link":"https:\/\/esreviral.com\/?p=5227","title":{"rendered":"14 nuevos trabajadores de la salud muertos por coronavirus en Venezuela y suman 393"},"content":{"rendered":"\n<p>M\u00e9dicos Unidos por Venezuela report\u00f3 este viernes que 14 nuevos trabajadores de la salud fallecieron en las \u00faltimas horas en el pa\u00eds, con lo cual ya la suma ascendi\u00f3 a 393. <\/p>\n\n\n\n<p>Zulia es el estado m\u00e1s afectado con 65 m\u00e9dicos muertos, 13 enfermeras y otros dos trabajadores en el sector salud para un total de 80, le siguen Distrito Capital y Carabobo. <\/p>\n\n\n\n<p>A trav\u00e9s de las redes sociales criticaron que el r\u00e9gimen madurista ha reportado s\u00f3lo 1532 fallecidos totales en todo el pa\u00eds, lo que pareciera ser una falla en la sumatoria. <\/p>\n\n\n\n<figure class=\"wp-block-embed-twitter wp-block-embed is-type-rich is-provider-twitter\"><div class=\"wp-block-embed__wrapper\">\n<blockquote class=\"twitter-tweet\" data-width=\"500\" data-dnt=\"true\"><p lang=\"es\" dir=\"ltr\">Reporte <a href=\"https:\/\/twitter.com\/hashtag\/26Marz?src=hash&amp;ref_src=twsrc%5Etfw\">#26Marz<\/a> se recibe informaci\u00f3n de 14 nuevos fallecimientos de personal de la salud con criterios para Covid-19 para llegar a 393, mientras que los voceros oficiales reportan 1532 fallecidos totales en el pa\u00eds.<br><br>S\u00f3lo la ineptitud oficial justifica estos fallecimientos. QEPD <a href=\"https:\/\/t.co\/pVW9lVcEDX\">pic.twitter.com\/pVW9lVcEDX<\/a><\/p>&mdash; M\u00e9dicos Unidos Vzla (@MedicosUnidosVe) <a href=\"https:\/\/twitter.com\/MedicosUnidosVe\/status\/1375458368249335814?ref_src=twsrc%5Etfw\">March 26, 2021<\/a><\/blockquote><script async src=\"https:\/\/platform.twitter.com\/widgets.js\" charset=\"utf-8\"><\/script>\n<\/div><\/figure>\n","protected":false},"excerpt":{"rendered":"<p>Criticaron que el r\u00e9gimen madurista ha reportado s\u00f3lo 1532 decesos en total en todo el pa\u00eds<\/p>\n","protected":false},"author":2,"featured_media":5228,"comment_status":"open","ping_status":"open","sticky":false,"template":"","format":"standard","meta":{"jnews-multi-image_gallery":[],"jnews_single_post":[],"jnews_primary_category":[],"jnews_social_meta":[],"jnews_review":[],"enable_review":"","type":"","name":"","summary":"","brand":"","sku":"","good":[],"bad":[],"score_override":"","override_value":"","rating":[],"price":[],"jnews_override_counter":[],"jnews_post_split":[],"footnotes":""},"categories":[43,76,66],"tags":[77,152,80,56],"class_list":["post-5227","post","type-post","status-publish","format-standard","has-post-thumbnail","hentry","category-actualidad","category-coronavirus","category-venezuela","tag-coronavirus","tag-pandemia","tag-trabajadores-de-la-salud","tag-venezuela"],"amp_enabled":true,"_links":{"self":[{"href":"https:\/\/esreviral.com\/index.php?rest_route=\/wp\/v2\/posts\/5227"}],"collection":[{"href":"https:\/\/esreviral.com\/index.php?rest_route=\/wp\/v2\/posts"}],"about":[{"href":"https:\/\/esreviral.com\/index.php?rest_route=\/wp\/v2\/types\/post"}],"author":[{"embeddable":true,"href":"https:\/\/esreviral.com\/index.php?rest_route=\/wp\/v2\/users\/2"}],"replies":[{"embeddable":true,"href":"https:\/\/esreviral.com\/index.php?rest_route=%2Fwp%2Fv2%2Fcomments&post=5227"}],"version-history":[{"count":0,"href":"https:\/\/esreviral.com\/index.php?rest_route=\/wp\/v2\/posts\/5227\/revisions"}],"wp:featuredmedia":[{"embeddable":true,"href":"https:\/\/esreviral.com\/index.php?rest_route=\/"}],"wp:attachment":[{"href":"https:\/\/esreviral.com\/index.php?rest_route=%2Fwp%2Fv2%2Fmedia&parent=5227"}],"wp:term":[{"taxonomy":"category","embeddable":true,"href":"https:\/\/esreviral.com\/index.php?rest_route=%2Fwp%2Fv2%2Fcategories&post=5227"},{"taxonomy":"post_tag","embeddable":true,"href":"https:\/\/esreviral.com\/index.php?rest_route=%2Fwp%2Fv2%2Ftags&post=5227"}],"curies":[{"name":"wp","href":"https:\/\/api.w.org\/{rel}","templated":true}]}}