{"id":52223,"date":"2024-04-17T07:47:59","date_gmt":"2024-04-17T12:47:59","guid":{"rendered":"https:\/\/esreviral.com\/?p=52223"},"modified":"2024-04-17T07:52:13","modified_gmt":"2024-04-17T12:52:13","slug":"milei-fue-elegido-como-una-de-las-100-personas-mas-influyentes-de-2024-por-la-revista-time","status":"publish","type":"post","link":"https:\/\/esreviral.com\/?p=52223","title":{"rendered":"Milei fue elegido como una de las 100 personas m\u00e1s influyentes de 2024 por la revista Time"},"content":{"rendered":"\n<p>El presidente\u00a0<strong>Javier Milei<\/strong>\u00a0fue elegido por la\u00a0revista\u00a0<em>Time\u00a0<\/em>como\u00a0<strong>una de las cien personas m\u00e1s influyentes de 2024<\/strong>, dentro de la categor\u00eda\u00a0<strong>L\u00edderes<\/strong>. En la reconocida publicaci\u00f3n estadounidense destacaron su victoria en las elecciones presidenciales pese a su corta experiencia pol\u00edtica, y hablaron de su campa\u00f1a de shock y austeridad. Dijeron, incluso, que\u00a0<strong>no habr\u00e1 vuelta atr\u00e1s<\/strong>\u00a0con su gesti\u00f3n.<\/p>\n\n\n\n<p>El ranking general fue dividido en distintas secciones:&nbsp;<strong>Artistas<\/strong>, donde prevalece la cantante Dua Lipa;&nbsp;<strong>\u00cdconos<\/strong>, en la que se destaca la actriz Taraji Penda Henson;&nbsp;<strong>Titanes<\/strong>, con la foto principal del jugador de f\u00fatbol americano Patrick Lavon Mahomes;&nbsp;<strong>Innovadores<\/strong>, con el empresario taiwan\u00e9s y CEO de Nvidia, Jensen Huang, a la cabeza; y&nbsp;<strong>L\u00edderes<\/strong>, la parte en donde entr\u00f3 el mandatario argentino, que tiene como destacada a&nbsp;<strong>Yulia Navalnaya<\/strong>, la esposa del disidente ruso fallecido&nbsp;<strong>Alexei Navalny.<\/strong><\/p>\n\n\n\n<p>La descripci\u00f3n del mandatario argentino estuvo a cargo de la corresponsal del\u00a0<em>Time\u00a0<\/em><strong>Vera Bergenguren<\/strong>, que habla espa\u00f1ol y se encarga de temas de seguridad nacional, tecnolog\u00eda y pol\u00edtica. La foto es del reportero gr\u00e1fico que colabora con<strong>\u00a0<\/strong>el medio informativo de <em>La Naci\u00f3n<\/em>\u00a0<strong>Tom\u00e1s Cuesta<\/strong>, en un trabajo para la agencia\u00a0<em>Getty<\/em>.<\/p>\n\n\n<div class=\"wp-block-image\">\n<figure class=\"aligncenter size-full\"><img fetchpriority=\"high\" decoding=\"async\" width=\"880\" height=\"586\" src=\"https:\/\/esreviral.com\/wp-content\/uploads\/2024\/04\/javier-milei-fue-elegido-como-uno-de-los-100-U6KPFSEXFND4DHQ5VJJUCPEVHU.webp\" alt=\"\" class=\"wp-image-52224\" srcset=\"https:\/\/esreviral.com\/wp-content\/uploads\/2024\/04\/javier-milei-fue-elegido-como-uno-de-los-100-U6KPFSEXFND4DHQ5VJJUCPEVHU.webp 880w, https:\/\/esreviral.com\/wp-content\/uploads\/2024\/04\/javier-milei-fue-elegido-como-uno-de-los-100-U6KPFSEXFND4DHQ5VJJUCPEVHU-300x200.webp 300w, https:\/\/esreviral.com\/wp-content\/uploads\/2024\/04\/javier-milei-fue-elegido-como-uno-de-los-100-U6KPFSEXFND4DHQ5VJJUCPEVHU-768x511.webp 768w, https:\/\/esreviral.com\/wp-content\/uploads\/2024\/04\/javier-milei-fue-elegido-como-uno-de-los-100-U6KPFSEXFND4DHQ5VJJUCPEVHU-750x499.webp 750w\" sizes=\"(max-width: 880px) 100vw, 880px\" \/><\/figure><\/div>\n\n\n<p>\u201cJavier Milei, un profesor de econom\u00eda radical libertario y excomentarista de televisi\u00f3n con poca experiencia gubernamental, gan\u00f3 la Presidencia en la Argentina con una&nbsp;<strong>victoria aplastante en noviembre<\/strong>&nbsp;al prometer sacar al pa\u00eds del borde del colapso econ\u00f3mico\u201d, asegura el art\u00edculo sobre el mandatario local. \u201cSu victoria sorprendi\u00f3 a los encuestadores y expuso la&nbsp;<strong>desesperaci\u00f3n&nbsp;<\/strong>de 46 millones de argentinos paralizados por una inflaci\u00f3n de tres d\u00edgitos y una tasa de pobreza de 40%.<strong>&nbsp;\u2018No hay vuelta atr\u00e1s\u2019<\/strong>, dijo a sus seguidores quien se denomina \u2018anarcocapitalista\u2019 despu\u00e9s de su victoria. \u2018La situaci\u00f3n de Argentina es cr\u00edtica\u2019\u201d, puntualiza la revista.<\/p>\n\n\n\n<p>Tambi\u00e9n destaca que el Presidente, de 53 a\u00f1os, \u201cperdi\u00f3 poco tiempo\u201d y que les advirti\u00f3 a los argentinos \u201cque se prepararan para el dolor\u201d. Al respecto acota: \u201cSe embarc\u00f3 en una campa\u00f1a de&nbsp;<strong>\u2018terapia de shock\u2019<\/strong>&nbsp;con&nbsp;<strong>cientos de medidas de austeridad<\/strong>: eliminar 70.000 empleos estatales, recortar la ayuda a las provincias, reducir a la mitad el n\u00famero de ministerios y devaluar el peso\u201d.<\/p>\n\n\n\n<p>Asimismo, repara en que \u201cdecenas de miles de manifestantes\u201d salieron a las calles.<\/p>\n\n\n\n<p>\u201cAl mismo tiempo, las diatribas cargadas de malas palabras de Milei contra los \u2018socialistas\u2019 occidentales -y contra los \u2018traidores\u2019 que lo desaf\u00edan en el Congreso- lo convirtieron en un&nbsp;<strong>\u00edcono global de la derecha<\/strong>\u201d, define&nbsp;<em>Time<\/em>&nbsp;al l\u00edder libertario.<\/p>\n\n\n\n<p>Y para concluir, el art\u00edculo marca: \u201cSi bien es demasiado pronto para decir si las medidas del nuevo presidente tendr\u00e1n \u00e9xito, est\u00e1 claro que tuvo raz\u00f3n en una cosa:&nbsp;<strong>con Milei en el cargo, no habr\u00e1 vuelta atr\u00e1s para la Argentina<\/strong>\u201d.<\/p>\n\n\n\n<p>En la categor\u00eda, el mandatario aparece junto a Navalnaya; la activista de derechos humanos iran\u00ed&nbsp;<strong>Narges Mohammadi<\/strong>; el primer ministro de Polonia,&nbsp;<strong>Donald Tusk<\/strong>; el presidente electo de Taiw\u00e1n,<strong>&nbsp;William Lai<\/strong>; el gobernador de Texas,&nbsp;<strong>Greg Abbott<\/strong>; la ministra de Medioambiente de Brasil,&nbsp;<strong>Marina Silva<\/strong>; el director de la CIA,<strong>&nbsp;William Burns<\/strong>; la escritora que venci\u00f3 al expresidente Donald Trump en la Corte,<strong>&nbsp;E. Jean Carroll<\/strong>; la embajadora de Singapur,<strong>&nbsp;Rena Lee<\/strong>; el presidente de Filipinas,&nbsp;<strong>Ferdinand \u201cBongbong\u201d Marcos<\/strong>; el primer ministro qatar\u00ed<strong>&nbsp;Mohammed bin Abdulrahman Al Thani<\/strong>; la congresista estadounidense&nbsp;<strong>Elise Stefanik<\/strong>; la fiscal general de Ecuador&nbsp;<strong>Diana Salazar M\u00e9ndez<\/strong>; el abogado Jack Smith; la madre de un reh\u00e9n en Gaza&nbsp;<strong>Rachel Goldberg-Polin<\/strong>; el presidente del Banco Mundial,&nbsp;<strong>Ajay Banga<\/strong>; el gobernador de California,&nbsp;<strong>Gavin Newsom<\/strong>; el presidente de Kenia,&nbsp;<strong>William Ruto<\/strong>; la primera ministra italiana,<strong>&nbsp;Giorgia Meloni<\/strong>; el primer ministro chino<strong>&nbsp;Li Qiang<\/strong>; el director de la Oficina de Programa de Pr\u00e9stamos del Departamento de Energ\u00eda de Estados Unidos,&nbsp;<strong>Jigar Shah<\/strong>; la directora ejecutiva de la agrupaci\u00f3n Defensores de la Maternidad Planificada de Ohio,&nbsp;<strong>Lauren Blauvelt<\/strong>; y el jefe de la Administraci\u00f3n Presidencial ucraniano,&nbsp;<strong>Andriy Yermak<\/strong>.<\/p>\n\n\n\n<p class=\"has-text-align-right\"><em><strong>LA NACION<\/strong>.-<\/em><\/p>\n","protected":false},"excerpt":{"rendered":"<p>El Presidente entr\u00f3 en la categor\u00eda L\u00edderes y fue destacado por ganar las elecciones y despu\u00e9s aplicar una pol\u00edtica de shock y austeridad<\/p>\n","protected":false},"author":3,"featured_media":52225,"comment_status":"open","ping_status":"open","sticky":false,"template":"","format":"standard","meta":{"jnews-multi-image_gallery":[],"jnews_single_post":{"subtitle":"","format":"standard","video":"","gallery":"","source_name":"","source_url":"","via_name":"","via_url":"","override_template":"0","override":[{"template":"4","single_blog_custom":"","parallax":"1","fullscreen":"1","layout":"right-sidebar","sidebar":"default-sidebar","second_sidebar":"default-sidebar","sticky_sidebar":"1","share_position":"top","share_float_style":"share-monocrhome","show_share_counter":"1","show_view_counter":"1","show_featured":"1","show_post_meta":"1","show_post_author":"1","show_post_author_image":"1","show_post_date":"1","post_date_format":"default","post_date_format_custom":"Y\/m\/d","show_post_category":"1","show_post_reading_time":"1","post_reading_time_wpm":"300","show_zoom_button":"1","zoom_button_out_step":"2","zoom_button_in_step":"3","show_post_tag":"1","show_prev_next_post":"1","show_popup_post":"1","number_popup_post":"1","show_author_box":"1","show_post_related":"1","show_inline_post_related":"0"}],"override_image_size":"0","image_override":[{"single_post_thumbnail_size":"crop-500","single_post_gallery_size":"crop-500"}],"trending_post":"0","trending_post_position":"meta","trending_post_label":"Trending","sponsored_post":"0","sponsored_post_label":"Sponsored by","sponsored_post_name":"","sponsored_post_url":"","sponsored_post_logo_enable":"0","sponsored_post_logo":"","sponsored_post_desc":"","disable_ad":"0"},"jnews_primary_category":{"id":"","hide":""},"jnews_social_meta":{"fb_title":"","fb_description":"","fb_image":"","twitter_title":"","twitter_description":"","twitter_image":""},"jnews_review":[],"enable_review":"0","type":"percentage","name":"","summary":"","brand":"","sku":"","good":[{"good_text":""}],"bad":[{"bad_text":""}],"score_override":"","override_value":"","rating":[{"rating_text":"","rating_number":"10"}],"price":[{"shop":"","price":"","link":"","icon":""}],"jnews_override_counter":{"override_view_counter":"0","view_counter_number":"0","override_share_counter":"0","share_counter_number":"0","override_like_counter":"0","like_counter_number":"0","override_dislike_counter":"0","dislike_counter_number":"0"},"jnews_post_split":{"enable_post_split":"0","post_split":[{"template":"1","tag":"h2","numbering":"asc","mode":"normal","first":"0","enable_toc":"0","toc_type":"normal"}]},"footnotes":""},"categories":[88],"tags":[44,1158,1251,45,14694,4059],"class_list":["post-52223","post","type-post","status-publish","format-standard","has-post-thumbnail","hentry","category-internacionales","tag-argentina","tag-javier-milei","tag-milei","tag-noticias","tag-personas-mas-influyentes","tag-revista-time"],"amp_enabled":true,"_links":{"self":[{"href":"https:\/\/esreviral.com\/index.php?rest_route=\/wp\/v2\/posts\/52223"}],"collection":[{"href":"https:\/\/esreviral.com\/index.php?rest_route=\/wp\/v2\/posts"}],"about":[{"href":"https:\/\/esreviral.com\/index.php?rest_route=\/wp\/v2\/types\/post"}],"author":[{"embeddable":true,"href":"https:\/\/esreviral.com\/index.php?rest_route=\/wp\/v2\/users\/3"}],"replies":[{"embeddable":true,"href":"https:\/\/esreviral.com\/index.php?rest_route=%2Fwp%2Fv2%2Fcomments&post=52223"}],"version-history":[{"count":0,"href":"https:\/\/esreviral.com\/index.php?rest_route=\/wp\/v2\/posts\/52223\/revisions"}],"wp:featuredmedia":[{"embeddable":true,"href":"https:\/\/esreviral.com\/index.php?rest_route=\/wp\/v2\/media\/52225"}],"wp:attachment":[{"href":"https:\/\/esreviral.com\/index.php?rest_route=%2Fwp%2Fv2%2Fmedia&parent=52223"}],"wp:term":[{"taxonomy":"category","embeddable":true,"href":"https:\/\/esreviral.com\/index.php?rest_route=%2Fwp%2Fv2%2Fcategories&post=52223"},{"taxonomy":"post_tag","embeddable":true,"href":"https:\/\/esreviral.com\/index.php?rest_route=%2Fwp%2Fv2%2Ftags&post=52223"}],"curies":[{"name":"wp","href":"https:\/\/api.w.org\/{rel}","templated":true}]}}