{"id":52189,"date":"2024-04-16T17:08:33","date_gmt":"2024-04-16T22:08:33","guid":{"rendered":"https:\/\/esreviral.com\/?p=52189"},"modified":"2024-04-16T17:46:43","modified_gmt":"2024-04-16T22:46:43","slug":"menos-del-1-de-los-venezolanos-en-argentina-pudieron-inscribirse-en-el-registro-electoral-video","status":"publish","type":"post","link":"https:\/\/esreviral.com\/?p=52189","title":{"rendered":"Menos del 1 % de los venezolanos en Argentina pudieron inscribirse en el Registro Electoral (+VIDEO)"},"content":{"rendered":"\n<p><strong><em>CIS.-<\/em><\/strong> <strong>Casi 500 venezolanos de los m\u00e1s de 200 mil que residen en Argentina <\/strong>fueron los que pudieron inscribirse en el Registro Electoral, es decir <strong>el 0,3% aproximadamente<\/strong>, quienes podr\u00e1n ejercer su derecho al voto el pr\u00f3ximo 28 de julio en las elecciones presidenciales. <\/p>\n\n\n\n<p>Hasta 10 horas pasaron muchos de ellos en una larga fila para poder hacer el proceso, el cual calificaron de lento e injusto.<strong> \u00abPidieron requisitos que no est\u00e1n en la le ley del sufragio\u00bb,<\/strong> explic\u00f3 Charbel Najm, integrante de una ONG y dirigente de la oposici\u00f3n en Argentina. <\/p>\n\n\n\n<figure class=\"wp-block-image size-large\"><img fetchpriority=\"high\" decoding=\"async\" width=\"1024\" height=\"768\" src=\"https:\/\/esreviral.com\/wp-content\/uploads\/2024\/04\/img-6998-1024x768.webp\" alt=\"\" class=\"wp-image-52195\" srcset=\"https:\/\/esreviral.com\/wp-content\/uploads\/2024\/04\/img-6998-1024x768.webp 1024w, https:\/\/esreviral.com\/wp-content\/uploads\/2024\/04\/img-6998-300x225.webp 300w, https:\/\/esreviral.com\/wp-content\/uploads\/2024\/04\/img-6998-768x576.webp 768w, https:\/\/esreviral.com\/wp-content\/uploads\/2024\/04\/img-6998-1536x1152.webp 1536w, https:\/\/esreviral.com\/wp-content\/uploads\/2024\/04\/img-6998-2048x1536.webp 2048w, https:\/\/esreviral.com\/wp-content\/uploads\/2024\/04\/img-6998-750x563.webp 750w, https:\/\/esreviral.com\/wp-content\/uploads\/2024\/04\/img-6998-1140x855.webp 1140w\" sizes=\"(max-width: 1024px) 100vw, 1024px\" \/><figcaption class=\"wp-element-caption\">Largas horas con lluvia y bajas temperaturas debieron esperar para registrarse<\/figcaption><\/figure>\n\n\n\n<p>Pos su parte, Adriana Flores, coordinador del Vente, inform\u00f3 que se reunieron con el diputado Fernando Iglesia, presidente de la comisi\u00f3n de pol\u00edtica exterior del Congreso nacional a quien le entregaron un comunicado en rechazo a lo ocurrido en el proceso, <strong>\u00ablo que queremos es que se eleve el reclamo de manera internacional\u00bb. <\/strong><\/p>\n\n\n\n<p>Con pancartas y meg\u00e1fonos, los presentes gritaban y cantaban a manera de protesta pac\u00edfica para exigir que los inscribieran en el registro. <\/p>\n\n\n\n<p>Pasadas las 05:30 p.m., ingres\u00f3 la \u00faltima persona a completar su inscripci\u00f3n. <\/p>\n\n\n\n<figure class=\"wp-block-embed is-type-video is-provider-youtube wp-block-embed-youtube wp-embed-aspect-16-9 wp-has-aspect-ratio\"><div class=\"wp-block-embed__wrapper\">\n<div class=\"jeg_video_container jeg_video_content\"><iframe title=\"As\u00ed fue el cierre del Registro Electoral venezolano en Argentina\" width=\"500\" height=\"281\" src=\"https:\/\/www.youtube.com\/embed\/MApRDTLOjU8?feature=oembed\" frameborder=\"0\" allow=\"accelerometer; autoplay; clipboard-write; encrypted-media; gyroscope; picture-in-picture; web-share\" referrerpolicy=\"strict-origin-when-cross-origin\" allowfullscreen><\/iframe><\/div>\n<\/div><\/figure>\n","protected":false},"excerpt":{"rendered":"<p>CIS.- Casi 500 venezolanos de los m\u00e1s de 200 mil que residen en Argentina fueron los que pudieron inscribirse en el Registro Electoral, es decir el 0,3% aproximadamente, quienes podr\u00e1n ejercer su derecho al voto el pr\u00f3ximo 28 de julio en las elecciones presidenciales. Hasta 10 horas pasaron muchos de ellos en una larga fila [&hellip;]<\/p>\n","protected":false},"author":2,"featured_media":52194,"comment_status":"open","ping_status":"closed","sticky":false,"template":"","format":"standard","meta":{"jnews-multi-image_gallery":[],"jnews_single_post":{"subtitle":"","format":"standard","video":"","gallery":"","source_name":"","source_url":"","via_name":"","via_url":"","override_template":"0","override":[{"template":"4","single_blog_custom":"","parallax":"1","fullscreen":"1","layout":"right-sidebar","sidebar":"default-sidebar","second_sidebar":"default-sidebar","sticky_sidebar":"1","share_position":"top","share_float_style":"share-monocrhome","show_share_counter":"1","show_view_counter":"1","show_featured":"1","show_post_meta":"1","show_post_author":"1","show_post_author_image":"1","show_post_date":"1","post_date_format":"default","post_date_format_custom":"Y\/m\/d","show_post_category":"1","show_post_reading_time":"1","post_reading_time_wpm":"300","show_zoom_button":"1","zoom_button_out_step":"2","zoom_button_in_step":"3","show_post_tag":"1","show_prev_next_post":"1","show_popup_post":"1","number_popup_post":"1","show_author_box":"1","show_post_related":"1","show_inline_post_related":"0"}],"override_image_size":"0","image_override":[{"single_post_thumbnail_size":"crop-500","single_post_gallery_size":"crop-500"}],"trending_post":"0","trending_post_position":"meta","trending_post_label":"Trending","sponsored_post":"0","sponsored_post_label":"Sponsored by","sponsored_post_name":"","sponsored_post_url":"","sponsored_post_logo_enable":"0","sponsored_post_logo":"","sponsored_post_desc":"","disable_ad":"0"},"jnews_primary_category":{"id":"","hide":""},"jnews_social_meta":{"fb_title":"","fb_description":"","fb_image":"","twitter_title":"","twitter_description":"","twitter_image":""},"jnews_review":[],"enable_review":"0","type":"percentage","name":"","summary":"","brand":"","sku":"","good":[{"good_text":""}],"bad":[{"bad_text":""}],"score_override":"","override_value":"","rating":[{"rating_text":"","rating_number":"10"}],"price":[{"shop":"","price":"","link":"","icon":""}],"jnews_override_counter":{"override_view_counter":"0","view_counter_number":"0","override_share_counter":"0","share_counter_number":"0","override_like_counter":"0","like_counter_number":"0","override_dislike_counter":"0","dislike_counter_number":"0"},"jnews_post_split":{"enable_post_split":"0","post_split":[{"template":"1","tag":"h2","numbering":"asc","mode":"normal","first":"0","enable_toc":"0","toc_type":"normal"}]},"footnotes":""},"categories":[5892],"tags":[44,2333,45,67,56],"class_list":["post-52189","post","type-post","status-publish","format-standard","has-post-thumbnail","hentry","category-venezolanos-en-argentina","tag-argentina","tag-elecciones-presidenciales","tag-noticias","tag-venezolanos-en-argentina","tag-venezuela"],"_links":{"self":[{"href":"https:\/\/esreviral.com\/index.php?rest_route=\/wp\/v2\/posts\/52189","targetHints":{"allow":["GET"]}}],"collection":[{"href":"https:\/\/esreviral.com\/index.php?rest_route=\/wp\/v2\/posts"}],"about":[{"href":"https:\/\/esreviral.com\/index.php?rest_route=\/wp\/v2\/types\/post"}],"author":[{"embeddable":true,"href":"https:\/\/esreviral.com\/index.php?rest_route=\/wp\/v2\/users\/2"}],"replies":[{"embeddable":true,"href":"https:\/\/esreviral.com\/index.php?rest_route=%2Fwp%2Fv2%2Fcomments&post=52189"}],"version-history":[{"count":0,"href":"https:\/\/esreviral.com\/index.php?rest_route=\/wp\/v2\/posts\/52189\/revisions"}],"wp:featuredmedia":[{"embeddable":true,"href":"https:\/\/esreviral.com\/index.php?rest_route=\/wp\/v2\/media\/52194"}],"wp:attachment":[{"href":"https:\/\/esreviral.com\/index.php?rest_route=%2Fwp%2Fv2%2Fmedia&parent=52189"}],"wp:term":[{"taxonomy":"category","embeddable":true,"href":"https:\/\/esreviral.com\/index.php?rest_route=%2Fwp%2Fv2%2Fcategories&post=52189"},{"taxonomy":"post_tag","embeddable":true,"href":"https:\/\/esreviral.com\/index.php?rest_route=%2Fwp%2Fv2%2Ftags&post=52189"}],"curies":[{"name":"wp","href":"https:\/\/api.w.org\/{rel}","templated":true}]}}