{"id":52170,"date":"2024-04-16T10:26:59","date_gmt":"2024-04-16T15:26:59","guid":{"rendered":"https:\/\/esreviral.com\/?p=52170"},"modified":"2024-04-16T11:14:06","modified_gmt":"2024-04-16T16:14:06","slug":"milei-dejara-de-volar-en-aviones-de-linea-por-cuestiones-de-seguridad","status":"publish","type":"post","link":"https:\/\/esreviral.com\/?p=52170","title":{"rendered":"Milei dejar\u00e1 de volar en aviones de l\u00ednea por cuestiones de seguridad"},"content":{"rendered":"\n<p>El Gobierno anunci\u00f3 que&nbsp;<strong>Javier Milei dejar\u00e1 de volar en aviones<\/strong>&nbsp;de l\u00ednea por&nbsp;<strong>recomendaci\u00f3n del Ministerio de Seguridad<\/strong>. La decisi\u00f3n se tom\u00f3 en medio de la escalada del conflicto en Medio Oriente, tras el ataque de Ir\u00e1n contra Israel, por la que el presidente decidi\u00f3 acortar su gira internacional y anticipar su regreso al pa\u00eds para analizar la situaci\u00f3n con el comit\u00e9 de crisis.<\/p>\n\n\n\n<p>La medida se bas\u00f3 en&nbsp;<strong>una recomendaci\u00f3n de la ministra Patricia Bullrich<\/strong>&nbsp;y fue anunciada esta ma\u00f1ana por el vocero Manuel Adorni. \u00abEl Ministerio de Seguridad nos advirti\u00f3 sobre<strong>&nbsp;ciertos riesgos&nbsp;<\/strong>que existen de que el presidente siga volando en vuelos de l\u00ednea o comerciales comunes.&nbsp;<strong>El presidente no puede viajar m\u00e1s en vuelos comerciales<\/strong>\u00ab, explic\u00f3 en su habitual conferencia de prensa.<\/p>\n\n\n\n<p>El portavoz detall\u00f3 que la cartera de Seguridad elev\u00f3&nbsp;<strong>un \u00abinforme reservado\u00bb<\/strong>&nbsp;con esta sugerencia a todas las partes involucradas. \u00abEfectivamente el presidente dejar\u00e1 de utilizar aviones comerciales para viajar. Despu\u00e9s veremos (la forma de) implementar estas recomendaciones para que el presidente tenga&nbsp;<strong>todas las condiciones de seguridad que su investidura ameritan<\/strong>\u00ab, remarc\u00f3.<\/p>\n\n\n\n<p>Desde su llegada a la Casa Rosada, el libertario hab\u00eda decidido no utilizar el avi\u00f3n presidencial Tango 01 como un gesto de austeridad en medio del fuerte recorte de gastos que impulsa su gesti\u00f3n. Por eso motivo en todos sus viajes internacionales hab\u00eda tomado vuelos de l\u00ednea, por lo que cada vez que sal\u00eda del pa\u00eds se viralizaban videos saludando al resto de los pasajeros.<\/p>\n\n\n\n<p>A principios de marzo, incluso, se supo que el presidente Javier Milei le traspasar\u00e1 a la Fuerza A\u00e9rea el manejo de la flota de aviones presidenciales, incluyendo el llamado ARG-01, que compr\u00f3 Alberto Fern\u00e1ndez por 25 millones de d\u00f3lares para sus viajes y pr\u00e1cticamente no se utiliz\u00f3.<\/p>\n\n\n\n<p>La ministra Patricia Bullrich ya hab\u00eda dado algunas se\u00f1ales cuando en una entrevista en LN+ se mostr\u00f3 preocupada por los viajes del mandatario en vuelos comerciales. \u00ab<strong>No hay plata, pero hay que cuidar al presidente<\/strong>\u00ab, sostuvo.<\/p>\n\n\n\n<p>Eso marc\u00f3 un giro respecto de los dichos del vocero Adorni, quien en la conferencia del lunes hab\u00eda dicho que el Gobierno no consideraba que sus posiciones internacionales representaran un riesgo. \u00ab<strong>El presidente no ha recibido amenazas<\/strong>. No consideramos que ponernos de frente a un problema del mundo nos haga ser un blanco, o en tal caso cambie la situaci\u00f3n en un pa\u00eds que ya tuvo atentados\u00bb, dijo.<\/p>\n\n\n\n<p>El s\u00e1bado, tras el ataque de Ir\u00e1n a Israel, el Gobierno hab\u00eda<strong>\u00a0elevado a naranja<\/strong>\u00a0el nivel de alerta de seguridad en todo el pa\u00eds. Ayer, sin embargo, el ministerio de Seguridad lo baj\u00f3 a \u00abmoderado\u00bb en gran parte del pa\u00eds, pero mantuvo en nivel \u00abalto\u00bb la frontera norte. En la Ciudad, se activ\u00f3 un protocolo para reforzar la protecci\u00f3n de \u00abblancos sensibles\u00bb, como embajadas, y entidades diplom\u00e1ticas.<\/p>\n\n\n\n<p class=\"has-text-align-right\"><strong><em>Clarin.-<\/em><\/strong><\/p>\n","protected":false},"excerpt":{"rendered":"<p>As\u00ed lo confirm\u00f3 el vocero presidencial, Manuel Adorni; ayer Bullrich hab\u00eda planteado esta posibilidad al asegurar que un vuelo comercial \u201cno era lo mismo\u201d a una aeronave controlada \u201ctotal y absolutamente\u201d por la seguridad presidencial<\/p>\n","protected":false},"author":3,"featured_media":52171,"comment_status":"open","ping_status":"open","sticky":false,"template":"","format":"standard","meta":{"jnews-multi-image_gallery":[],"jnews_single_post":{"subtitle":"","format":"standard","video":"","gallery":"","source_name":"","source_url":"","via_name":"","via_url":"","override_template":"0","override":[{"template":"4","single_blog_custom":"","parallax":"1","fullscreen":"1","layout":"right-sidebar","sidebar":"default-sidebar","second_sidebar":"default-sidebar","sticky_sidebar":"1","share_position":"top","share_float_style":"share-monocrhome","show_share_counter":"1","show_view_counter":"1","show_featured":"1","show_post_meta":"1","show_post_author":"1","show_post_author_image":"1","show_post_date":"1","post_date_format":"default","post_date_format_custom":"Y\/m\/d","show_post_category":"1","show_post_reading_time":"1","post_reading_time_wpm":"300","show_zoom_button":"1","zoom_button_out_step":"2","zoom_button_in_step":"3","show_post_tag":"1","show_prev_next_post":"1","show_popup_post":"1","number_popup_post":"1","show_author_box":"1","show_post_related":"1","show_inline_post_related":"0"}],"override_image_size":"0","image_override":[{"single_post_thumbnail_size":"crop-500","single_post_gallery_size":"crop-500"}],"trending_post":"0","trending_post_position":"meta","trending_post_label":"Trending","sponsored_post":"0","sponsored_post_label":"Sponsored by","sponsored_post_name":"","sponsored_post_url":"","sponsored_post_logo_enable":"0","sponsored_post_logo":"","sponsored_post_desc":"","disable_ad":"0"},"jnews_primary_category":{"id":"","hide":""},"jnews_social_meta":{"fb_title":"","fb_description":"","fb_image":"","twitter_title":"","twitter_description":"","twitter_image":""},"jnews_review":[],"enable_review":"0","type":"percentage","name":"","summary":"","brand":"","sku":"","good":[{"good_text":""}],"bad":[{"bad_text":""}],"score_override":"","override_value":"","rating":[{"rating_text":"","rating_number":"10"}],"price":[{"shop":"","price":"","link":"","icon":""}],"jnews_override_counter":{"override_view_counter":"0","view_counter_number":"0","override_share_counter":"0","share_counter_number":"0","override_like_counter":"0","like_counter_number":"0","override_dislike_counter":"0","dislike_counter_number":"0"},"jnews_post_split":{"enable_post_split":"0","post_split":[{"template":"1","tag":"h2","numbering":"asc","mode":"normal","first":"0","enable_toc":"0","toc_type":"normal"}]},"footnotes":""},"categories":[58,59],"tags":[44,5467,14670,1158,2740,391,175],"class_list":["post-52170","post","type-post","status-publish","format-standard","has-post-thumbnail","hentry","category-argentina","category-politica","tag-argentina","tag-aviones","tag-aviones-de-linea","tag-javier-milei","tag-ministerio-de-seguridad","tag-patricia-bullrich","tag-seguridad"],"amp_enabled":true,"_links":{"self":[{"href":"https:\/\/esreviral.com\/index.php?rest_route=\/wp\/v2\/posts\/52170"}],"collection":[{"href":"https:\/\/esreviral.com\/index.php?rest_route=\/wp\/v2\/posts"}],"about":[{"href":"https:\/\/esreviral.com\/index.php?rest_route=\/wp\/v2\/types\/post"}],"author":[{"embeddable":true,"href":"https:\/\/esreviral.com\/index.php?rest_route=\/wp\/v2\/users\/3"}],"replies":[{"embeddable":true,"href":"https:\/\/esreviral.com\/index.php?rest_route=%2Fwp%2Fv2%2Fcomments&post=52170"}],"version-history":[{"count":0,"href":"https:\/\/esreviral.com\/index.php?rest_route=\/wp\/v2\/posts\/52170\/revisions"}],"wp:featuredmedia":[{"embeddable":true,"href":"https:\/\/esreviral.com\/index.php?rest_route=\/wp\/v2\/media\/52171"}],"wp:attachment":[{"href":"https:\/\/esreviral.com\/index.php?rest_route=%2Fwp%2Fv2%2Fmedia&parent=52170"}],"wp:term":[{"taxonomy":"category","embeddable":true,"href":"https:\/\/esreviral.com\/index.php?rest_route=%2Fwp%2Fv2%2Fcategories&post=52170"},{"taxonomy":"post_tag","embeddable":true,"href":"https:\/\/esreviral.com\/index.php?rest_route=%2Fwp%2Fv2%2Ftags&post=52170"}],"curies":[{"name":"wp","href":"https:\/\/api.w.org\/{rel}","templated":true}]}}