{"id":52135,"date":"2024-04-16T07:47:19","date_gmt":"2024-04-16T12:47:19","guid":{"rendered":"https:\/\/esreviral.com\/?p=52135"},"modified":"2024-04-16T07:47:20","modified_gmt":"2024-04-16T12:47:20","slug":"vuelve-a-aumentar-la-carne-costara-105-mas","status":"publish","type":"post","link":"https:\/\/esreviral.com\/?p=52135","title":{"rendered":"Vuelve a aumentar la carne: costar\u00e1 10,5% m\u00e1s"},"content":{"rendered":"\n<p>Los&nbsp;<strong>precios de la carne vacuna<\/strong>&nbsp;<strong>aumentaron 10,5% a nivel nacional y 11,5%<\/strong>&nbsp;en provincia de Buenos Aires en&nbsp;<strong>marzo de 2024<\/strong>, seg\u00fan el \u00cdndice de Precios al Consumidor (INDEC). Con esos datos&nbsp;<strong>acumularon un alza de 35% en el primer trimestre y de 283,2% en los \u00faltimos 12&nbsp;<\/strong>meses por debajo dato general (287,9% interanual)<\/p>\n\n\n\n<p>Seg\u00fan surge de las planillas del Indec, el kilogramo de\u00a0<strong>asado\u00a0<\/strong>tuvo una aumento en su precio del\u00a0<strong>22%<\/strong>, la paleta del\u00a0<strong>37%<\/strong>\u00a0y la nalga del\u00a0<strong>31%<\/strong>\u00a0en el primer trimestre del a\u00f1o.<\/p>\n\n\n\n<p>En tanto, un relevamiento realizado por el medio de <em>TN<\/em> en los distintos meses sobre precios de los cortes m\u00e1s elegidos en CABA da cuenta de que entre diciembre y abril, los precios saltaron entre 45% y 85% seg\u00fan el corte.<\/p>\n\n\n\n<p><strong><mark style=\"background-color:rgba(0, 0, 0, 0)\" class=\"has-inline-color has-vivid-red-color\">Cu\u00e1les fueron los cortes de carne que m\u00e1s aumentaron en marzo<\/mark><\/strong><\/p>\n\n\n\n<p>Los cortes de&nbsp;<strong>carne picada<\/strong>,&nbsp;<strong>osobuco&nbsp;<\/strong>y&nbsp;<strong>paleta&nbsp;<\/strong>fueron los que&nbsp;<strong>m\u00e1s aumentaron<\/strong>&nbsp;el mes pasado, con alzas de 16%, 13% y 13% respectivamente, seg\u00fan datos proporcionados por el IPCVA.<\/p>\n\n\n\n<p><strong><mark style=\"background-color:rgba(0, 0, 0, 0)\" class=\"has-inline-color has-vivid-red-color\">Qu\u00e9 va a pasar con el precio de la carne en abril<\/mark><\/strong><\/p>\n\n\n\n<p><strong>Miguel Schiariti<\/strong>, presidente de la CICCRA, indic\u00f3 que no espera una reactivaci\u00f3n de las ventas a corto plazo ante la ca\u00edda del consumo producto de la p\u00e9rdida de poder adquisitivo del salario.<\/p>\n\n\n\n<p>Esto podr\u00eda sugerir que los\u00a0<strong>precios de la carne vacuna\u00a0<\/strong>podr\u00edan mantenerse estables o seguir el ritmo de la inflaci\u00f3n general durante abril y los meses siguientes. Los valores de la carne est\u00e1n aun rezagados contra el IPC general.<\/p>\n\n\n\n<p><strong><mark style=\"background-color:rgba(0, 0, 0, 0)\" class=\"has-inline-color has-vivid-red-color\">Cu\u00e1nto cay\u00f3 el consumo de carne en marzo<\/mark><\/strong><\/p>\n\n\n\n<p>El informe de la C\u00e1mara de la Industria y el Comercio de Carnes y Derivados de la Rep\u00fablica Argentina (Ciccra) indica que&nbsp;<strong>en marzo<\/strong>, el&nbsp;<strong>consumo per c\u00e1pita de carne<\/strong>&nbsp;vacuna se&nbsp;<strong>situ\u00f3 en 42,6 kilos<\/strong>. Se trata del&nbsp;<strong>registro m\u00e1s bajo en tres d\u00e9cadas<\/strong>.<\/p>\n\n\n\n<p>La baja del consumo de carne vacuna fue de\u00a0<strong>18,5% interanual.<\/strong><\/p>\n\n\n\n<figure class=\"wp-block-image size-large\"><img fetchpriority=\"high\" decoding=\"async\" width=\"1024\" height=\"512\" src=\"https:\/\/esreviral.com\/wp-content\/uploads\/2024\/02\/AnyConv.com__20210905-carne-00-b4e3ba52-1024x512.webp\" alt=\"\" class=\"wp-image-49297\" srcset=\"https:\/\/esreviral.com\/wp-content\/uploads\/2024\/02\/AnyConv.com__20210905-carne-00-b4e3ba52-1024x512.webp 1024w, https:\/\/esreviral.com\/wp-content\/uploads\/2024\/02\/AnyConv.com__20210905-carne-00-b4e3ba52-300x150.webp 300w, https:\/\/esreviral.com\/wp-content\/uploads\/2024\/02\/AnyConv.com__20210905-carne-00-b4e3ba52-768x384.webp 768w, https:\/\/esreviral.com\/wp-content\/uploads\/2024\/02\/AnyConv.com__20210905-carne-00-b4e3ba52-360x180.webp 360w, https:\/\/esreviral.com\/wp-content\/uploads\/2024\/02\/AnyConv.com__20210905-carne-00-b4e3ba52-750x375.webp 750w, https:\/\/esreviral.com\/wp-content\/uploads\/2024\/02\/AnyConv.com__20210905-carne-00-b4e3ba52-1140x570.webp 1140w, https:\/\/esreviral.com\/wp-content\/uploads\/2024\/02\/AnyConv.com__20210905-carne-00-b4e3ba52.webp 1200w\" sizes=\"(max-width: 1024px) 100vw, 1024px\" \/><\/figure>\n\n\n\n<p><strong><mark style=\"background-color:rgba(0, 0, 0, 0)\" class=\"has-inline-color has-vivid-red-color\">Cu\u00e1nto cuestan los principales cortes de carne en abril de 2024<\/mark><\/strong><\/p>\n\n\n\n<p>Los&nbsp;<strong>precios de la carne<\/strong>&nbsp;por kilogramo van desde&nbsp;<strong>$5500&nbsp;<\/strong>hasta&nbsp;<strong>$11.995<\/strong>&nbsp;en los principales cortes que consumen los argentinos, con una variaci\u00f3n dependiendo del comercio, la calidad y la zona donde uno compre.<\/p>\n\n\n\n<p>Los&nbsp;<strong>precios de los principales cortes de carne<\/strong>&nbsp;por kg son los siguientes en promedio, tras un relevamiento de TN del mercado:<\/p>\n\n\n\n<ul class=\"wp-block-list\">\n<li><strong>Asado com\u00fan<\/strong>: $5500;<\/li>\n\n\n\n<li><strong>Asado del centro<\/strong>: $7819;<\/li>\n\n\n\n<li><strong>Vac\u00edo<\/strong>: entre $7400 y $9649;<\/li>\n\n\n\n<li><strong>Entra\u00f1a<\/strong>: entre $8100 y $11.995;<\/li>\n\n\n\n<li><strong>Tapa de asado<\/strong>: $6955;<\/li>\n\n\n\n<li><strong>Cuadril<\/strong>: $6499;<\/li>\n\n\n\n<li><strong>Nalga<\/strong>: $7559;<\/li>\n\n\n\n<li><strong>Peceto<\/strong>: $10900.<\/li>\n<\/ul>\n\n\n\n<p class=\"has-text-align-right\"><strong><em>TN.-<\/em><\/strong><\/p>\n","protected":false},"excerpt":{"rendered":"<p>El alza que registr\u00f3 el precio este producto clave en la mesa familiar deriv\u00f3 en una ca\u00edda hist\u00f3rica de las ventas.<\/p>\n","protected":false},"author":3,"featured_media":31230,"comment_status":"open","ping_status":"open","sticky":false,"template":"","format":"standard","meta":{"jnews-multi-image_gallery":[],"jnews_single_post":{"subtitle":"","format":"standard","video":"","gallery":"","source_name":"","source_url":"","via_name":"","via_url":"","override_template":"0","override":[{"template":"4","single_blog_custom":"","parallax":"1","fullscreen":"1","layout":"right-sidebar","sidebar":"default-sidebar","second_sidebar":"default-sidebar","sticky_sidebar":"1","share_position":"top","share_float_style":"share-monocrhome","show_share_counter":"1","show_view_counter":"1","show_featured":"1","show_post_meta":"1","show_post_author":"1","show_post_author_image":"1","show_post_date":"1","post_date_format":"default","post_date_format_custom":"Y\/m\/d","show_post_category":"1","show_post_reading_time":"1","post_reading_time_wpm":"300","show_zoom_button":"1","zoom_button_out_step":"2","zoom_button_in_step":"3","show_post_tag":"1","show_prev_next_post":"1","show_popup_post":"1","number_popup_post":"1","show_author_box":"1","show_post_related":"1","show_inline_post_related":"0"}],"override_image_size":"0","image_override":[{"single_post_thumbnail_size":"crop-500","single_post_gallery_size":"crop-500"}],"trending_post":"0","trending_post_position":"meta","trending_post_label":"Trending","sponsored_post":"0","sponsored_post_label":"Sponsored by","sponsored_post_name":"","sponsored_post_url":"","sponsored_post_logo_enable":"0","sponsored_post_logo":"","sponsored_post_desc":"","disable_ad":"0"},"jnews_primary_category":{"id":"","hide":""},"jnews_social_meta":{"fb_title":"","fb_description":"","fb_image":"","twitter_title":"","twitter_description":"","twitter_image":""},"jnews_review":[],"enable_review":"0","type":"percentage","name":"","summary":"","brand":"","sku":"","good":[{"good_text":""}],"bad":[{"bad_text":""}],"score_override":"","override_value":"","rating":[{"rating_text":"","rating_number":"10"}],"price":[{"shop":"","price":"","link":"","icon":""}],"jnews_override_counter":{"override_view_counter":"0","view_counter_number":"0","override_share_counter":"0","share_counter_number":"0","override_like_counter":"0","like_counter_number":"0","override_dislike_counter":"0","dislike_counter_number":"0"},"jnews_post_split":{"enable_post_split":"0","post_split":[{"template":"1","tag":"h2","numbering":"asc","mode":"normal","first":"0","enable_toc":"0","toc_type":"normal"}]},"footnotes":""},"categories":[58,61],"tags":[44,336,12823,1938,468,1382,6949,45,1997,6948],"class_list":["post-52135","post","type-post","status-publish","format-standard","has-post-thumbnail","hentry","category-argentina","category-economia","tag-argentina","tag-aumento","tag-aumento-de-la-carne","tag-aumentos","tag-caba","tag-carne","tag-carne-vacuna","tag-noticias","tag-precios","tag-precios-de-la-carne"],"amp_enabled":true,"_links":{"self":[{"href":"https:\/\/esreviral.com\/index.php?rest_route=\/wp\/v2\/posts\/52135"}],"collection":[{"href":"https:\/\/esreviral.com\/index.php?rest_route=\/wp\/v2\/posts"}],"about":[{"href":"https:\/\/esreviral.com\/index.php?rest_route=\/wp\/v2\/types\/post"}],"author":[{"embeddable":true,"href":"https:\/\/esreviral.com\/index.php?rest_route=\/wp\/v2\/users\/3"}],"replies":[{"embeddable":true,"href":"https:\/\/esreviral.com\/index.php?rest_route=%2Fwp%2Fv2%2Fcomments&post=52135"}],"version-history":[{"count":0,"href":"https:\/\/esreviral.com\/index.php?rest_route=\/wp\/v2\/posts\/52135\/revisions"}],"wp:featuredmedia":[{"embeddable":true,"href":"https:\/\/esreviral.com\/index.php?rest_route=\/wp\/v2\/media\/31230"}],"wp:attachment":[{"href":"https:\/\/esreviral.com\/index.php?rest_route=%2Fwp%2Fv2%2Fmedia&parent=52135"}],"wp:term":[{"taxonomy":"category","embeddable":true,"href":"https:\/\/esreviral.com\/index.php?rest_route=%2Fwp%2Fv2%2Fcategories&post=52135"},{"taxonomy":"post_tag","embeddable":true,"href":"https:\/\/esreviral.com\/index.php?rest_route=%2Fwp%2Fv2%2Ftags&post=52135"}],"curies":[{"name":"wp","href":"https:\/\/api.w.org\/{rel}","templated":true}]}}