{"id":52104,"date":"2024-04-15T16:48:36","date_gmt":"2024-04-15T21:48:36","guid":{"rendered":"https:\/\/esreviral.com\/?p=52104"},"modified":"2024-04-15T16:48:57","modified_gmt":"2024-04-15T21:48:57","slug":"requieren-ayuda-para-una-bebe-de-10-meses-que-sufre-una-deformacion-craneal","status":"publish","type":"post","link":"https:\/\/esreviral.com\/?p=52104","title":{"rendered":"Requieren ayuda para una beb\u00e9 de 10 meses que sufre una deformaci\u00f3n craneal"},"content":{"rendered":"\n<p><strong><em>Carlos Iv\u00e1n Su\u00e1rez.-<\/em><\/strong> Hace 10 meses la alegr\u00eda lleg\u00f3 a la casa de Richard Acevedo por el nacimiento de su hija Elaine pero tres meses despu\u00e9s \u00e9l y su esposa notaron que<strong> la beb\u00e9 ten\u00eda una deformaci\u00f3n craneal, <\/strong>por lo que decidieron pedir un turno con el especialista en un hospital de Buenos Aires, el cual tard\u00f3 dos meses, el d\u00eda de la cita, el m\u00e9dico no fue por lo que tuvieron que pedir un nuevo turno, mientras tanto iba avanzando la enfermedad. <\/p>\n\n\n\n<p>Hasta que llegaron con una neurocirujana quien le diagnostic\u00f3 una <strong>plagiocefalia posicional, p<\/strong>or lo que parte del tratamiento es colocarle una ortesis, una especie de casco ortop\u00e9dico para controlar la deformaci\u00f3n de la cabeza. <strong>\u00abEst\u00e1 dise\u00f1ado para mejorar la asimetr\u00eda craneal es decir para que las partes aplanadas de su cabeza queden liberadas y mediante su crecimiento puedan corregir y lograr la formaci\u00f3n normal\u00bb.<\/strong><\/p>\n\n\n\n<figure class=\"wp-block-image size-large\"><img fetchpriority=\"high\" decoding=\"async\" width=\"730\" height=\"1024\" src=\"https:\/\/esreviral.com\/wp-content\/uploads\/2024\/04\/atsapp-image-2024-04-15-at-10-26-09-730x1024.webp\" alt=\"\" class=\"wp-image-52107\" srcset=\"https:\/\/esreviral.com\/wp-content\/uploads\/2024\/04\/atsapp-image-2024-04-15-at-10-26-09-730x1024.webp 730w, https:\/\/esreviral.com\/wp-content\/uploads\/2024\/04\/atsapp-image-2024-04-15-at-10-26-09-214x300.webp 214w, https:\/\/esreviral.com\/wp-content\/uploads\/2024\/04\/atsapp-image-2024-04-15-at-10-26-09-768x1078.webp 768w, https:\/\/esreviral.com\/wp-content\/uploads\/2024\/04\/atsapp-image-2024-04-15-at-10-26-09-1095x1536.webp 1095w, https:\/\/esreviral.com\/wp-content\/uploads\/2024\/04\/atsapp-image-2024-04-15-at-10-26-09-1460x2048.webp 1460w, https:\/\/esreviral.com\/wp-content\/uploads\/2024\/04\/atsapp-image-2024-04-15-at-10-26-09-360x504.webp 360w, https:\/\/esreviral.com\/wp-content\/uploads\/2024\/04\/atsapp-image-2024-04-15-at-10-26-09-750x1052.webp 750w, https:\/\/esreviral.com\/wp-content\/uploads\/2024\/04\/atsapp-image-2024-04-15-at-10-26-09-1140x1599.webp 1140w, https:\/\/esreviral.com\/wp-content\/uploads\/2024\/04\/atsapp-image-2024-04-15-at-10-26-09-scaled.webp 1825w\" sizes=\"(max-width: 730px) 100vw, 730px\" \/><\/figure>\n\n\n\n<p>Richard, trabaja como delivery y es cabeza de familia, por lo que se le ha complicado reunir el dinero, \u00ab<strong>el 5 de abril se logr\u00f3 pagar 355.800 pesos para iniciar la elaboraci\u00f3n de la Ortesis ya que, demora entre una y dos semanas y al estar listo debo pagar la diferencia para completar un mill\u00f3n 186 mil pesos\u00bb. <\/strong><\/p>\n\n\n\n<p>Por ahora, no cuentan con los recursos por lo que piden a quienes puedan ayudarlos a que lo hagan a trav\u00e9s de la cuenta de Richard Acevedo: <\/p>\n\n\n\n<p><strong>MercadoPago<br>Alias:<\/strong> tengofequesi<br><strong>Cvu: <\/strong>0000003100023709474608<\/p>\n\n\n\n<figure class=\"wp-block-image size-large\"><img decoding=\"async\" width=\"765\" height=\"1024\" src=\"https:\/\/esreviral.com\/wp-content\/uploads\/2024\/04\/atsapp-image-2024-04-15-at-10-27-35-765x1024.webp\" alt=\"\" class=\"wp-image-52106\" srcset=\"https:\/\/esreviral.com\/wp-content\/uploads\/2024\/04\/atsapp-image-2024-04-15-at-10-27-35-765x1024.webp 765w, https:\/\/esreviral.com\/wp-content\/uploads\/2024\/04\/atsapp-image-2024-04-15-at-10-27-35-224x300.webp 224w, https:\/\/esreviral.com\/wp-content\/uploads\/2024\/04\/atsapp-image-2024-04-15-at-10-27-35-768x1027.webp 768w, https:\/\/esreviral.com\/wp-content\/uploads\/2024\/04\/atsapp-image-2024-04-15-at-10-27-35-1148x1536.webp 1148w, https:\/\/esreviral.com\/wp-content\/uploads\/2024\/04\/atsapp-image-2024-04-15-at-10-27-35-750x1003.webp 750w, https:\/\/esreviral.com\/wp-content\/uploads\/2024\/04\/atsapp-image-2024-04-15-at-10-27-35-1140x1525.webp 1140w, https:\/\/esreviral.com\/wp-content\/uploads\/2024\/04\/atsapp-image-2024-04-15-at-10-27-35.webp 1196w\" sizes=\"(max-width: 765px) 100vw, 765px\" \/><\/figure>\n","protected":false},"excerpt":{"rendered":"<p>Carlos Iv\u00e1n Su\u00e1rez.- Hace 10 meses la alegr\u00eda lleg\u00f3 a la casa de Richard Acevedo por el nacimiento de su hija Elaine pero tres meses despu\u00e9s \u00e9l y su esposa notaron que la beb\u00e9 ten\u00eda una deformaci\u00f3n craneal, por lo que decidieron pedir un turno con el especialista en un hospital de Buenos Aires, el [&hellip;]<\/p>\n","protected":false},"author":2,"featured_media":52105,"comment_status":"open","ping_status":"closed","sticky":false,"template":"","format":"standard","meta":{"jnews-multi-image_gallery":[],"jnews_single_post":{"subtitle":"","format":"standard","video":"","gallery":"","source_name":"","source_url":"","via_name":"","via_url":"","override_template":"0","override":[{"template":"4","single_blog_custom":"","parallax":"1","fullscreen":"1","layout":"right-sidebar","sidebar":"default-sidebar","second_sidebar":"default-sidebar","sticky_sidebar":"1","share_position":"top","share_float_style":"share-monocrhome","show_share_counter":"1","show_view_counter":"1","show_featured":"1","show_post_meta":"1","show_post_author":"1","show_post_author_image":"1","show_post_date":"1","post_date_format":"default","post_date_format_custom":"Y\/m\/d","show_post_category":"1","show_post_reading_time":"1","post_reading_time_wpm":"300","show_zoom_button":"1","zoom_button_out_step":"2","zoom_button_in_step":"3","show_post_tag":"1","show_prev_next_post":"1","show_popup_post":"1","number_popup_post":"1","show_author_box":"1","show_post_related":"1","show_inline_post_related":"0"}],"override_image_size":"0","image_override":[{"single_post_thumbnail_size":"crop-500","single_post_gallery_size":"crop-500"}],"trending_post":"0","trending_post_position":"meta","trending_post_label":"Trending","sponsored_post":"0","sponsored_post_label":"Sponsored by","sponsored_post_name":"","sponsored_post_url":"","sponsored_post_logo_enable":"0","sponsored_post_logo":"","sponsored_post_desc":"","disable_ad":"0"},"jnews_primary_category":{"id":"","hide":""},"jnews_social_meta":{"fb_title":"","fb_description":"","fb_image":"","twitter_title":"","twitter_description":"","twitter_image":""},"jnews_review":[],"enable_review":"0","type":"percentage","name":"","summary":"","brand":"","sku":"","good":[{"good_text":""}],"bad":[{"bad_text":""}],"score_override":"","override_value":"","rating":[{"rating_text":"","rating_number":"10"}],"price":[{"shop":"","price":"","link":"","icon":""}],"jnews_override_counter":{"override_view_counter":"0","view_counter_number":"0","override_share_counter":"0","share_counter_number":"0","override_like_counter":"0","like_counter_number":"0","override_dislike_counter":"0","dislike_counter_number":"0"},"jnews_post_split":{"enable_post_split":"0","post_split":[{"template":"1","tag":"h2","numbering":"asc","mode":"normal","first":"0","enable_toc":"0","toc_type":"normal"}]},"footnotes":""},"categories":[84,5892],"tags":[45,201,67],"class_list":["post-52104","post","type-post","status-publish","format-standard","has-post-thumbnail","hentry","category-salud","category-venezolanos-en-argentina","tag-noticias","tag-servicio-publico","tag-venezolanos-en-argentina"],"amp_enabled":true,"_links":{"self":[{"href":"https:\/\/esreviral.com\/index.php?rest_route=\/wp\/v2\/posts\/52104"}],"collection":[{"href":"https:\/\/esreviral.com\/index.php?rest_route=\/wp\/v2\/posts"}],"about":[{"href":"https:\/\/esreviral.com\/index.php?rest_route=\/wp\/v2\/types\/post"}],"author":[{"embeddable":true,"href":"https:\/\/esreviral.com\/index.php?rest_route=\/wp\/v2\/users\/2"}],"replies":[{"embeddable":true,"href":"https:\/\/esreviral.com\/index.php?rest_route=%2Fwp%2Fv2%2Fcomments&post=52104"}],"version-history":[{"count":0,"href":"https:\/\/esreviral.com\/index.php?rest_route=\/wp\/v2\/posts\/52104\/revisions"}],"wp:featuredmedia":[{"embeddable":true,"href":"https:\/\/esreviral.com\/index.php?rest_route=\/wp\/v2\/media\/52105"}],"wp:attachment":[{"href":"https:\/\/esreviral.com\/index.php?rest_route=%2Fwp%2Fv2%2Fmedia&parent=52104"}],"wp:term":[{"taxonomy":"category","embeddable":true,"href":"https:\/\/esreviral.com\/index.php?rest_route=%2Fwp%2Fv2%2Fcategories&post=52104"},{"taxonomy":"post_tag","embeddable":true,"href":"https:\/\/esreviral.com\/index.php?rest_route=%2Fwp%2Fv2%2Ftags&post=52104"}],"curies":[{"name":"wp","href":"https:\/\/api.w.org\/{rel}","templated":true}]}}