{"id":52077,"date":"2024-04-15T13:24:44","date_gmt":"2024-04-15T18:24:44","guid":{"rendered":"https:\/\/esreviral.com\/?p=52077"},"modified":"2024-04-15T13:24:44","modified_gmt":"2024-04-15T18:24:44","slug":"llega-la-noche-del-malbec-a-vicente-lopez-cuando-es-y-cuales-son-los-comercios-adheridos","status":"publish","type":"post","link":"https:\/\/esreviral.com\/?p=52077","title":{"rendered":"\u00a0Llega la Noche del Malbec a Vicente L\u00f3pez: cu\u00e1ndo es y cu\u00e1les son los comercios adheridos"},"content":{"rendered":"\n<p>Este viernes 19 de abril, los amantes del buen vino van a poder disfrutar en Vicente L\u00f3pez la tercera edici\u00f3n de la Noche del Malbec. La jornada ser\u00e1 desde las 18 hasta las 22 horas.<\/p>\n\n\n\n<p>El evento se realiza en el marco del D\u00eda Mundial del Malbec, el cual se celebra este 17 de abril. Durante esta experiencia, los vecinos podr\u00e1n sumarse a degustar de los mejores vinos y aprovechar promociones exclusivas. Adem\u00e1s, contar\u00e1 con shows en vivo.<\/p>\n\n\n\n<p>El vino es parte de la identidad argentina gracias a una vitivinicultura con m\u00e1s de cinco siglos de historia, comenzando su producci\u00f3n en Santiago del Estero, expandi\u00e9ndose a otras provincias y consolid\u00e1ndose en Mendoza y San Juan. En 2013, con la sanci\u00f3n de la Ley N\u00ba 26.870, el vino argentino fue declarado bebida nacional.&nbsp;<\/p>\n\n\n\n<p>La cepa Malbec fue introducida por Domingo Faustino Sarmiento desde Francia y logr\u00f3 aclimatarse de inmediato al suelo argentino. Hoy est\u00e1 posicionada como la cepa m\u00e1s emblem\u00e1tica de nuestro pa\u00eds.<\/p>\n\n\n\n<p>La Noche del Malbec no solo es una oportunidad para disfrutar de la oferta vin\u00edcola, sino que tambi\u00e9n tiene como objetivo principal impulsar a los comercios gastron\u00f3micos locales tal como se hizo con&nbsp; \u00abBurger VL\u00bb o \u00abVILO cervecero\u00bb hace unos meses atr\u00e1s.&nbsp;<\/p>\n\n\n\n<p>Quienes quieran conocer cu\u00e1les son los locales adheridos a este evento y planificar su recorrido, pueden acceder al siguiente enlace:<\/p>\n\n\n\n<p><a href=\"https:\/\/www.google.com\/maps\/d\/u\/0\/viewer?mid=1DLk1BIMeHGKLcXIw4hw8iOxbQYK_zpA&amp;femb=1&amp;ll=-34.51730425033952%2C-58.505467249999995&amp;z=13.\">https:\/\/www.google.com\/maps\/d\/u\/0\/viewer?mid=1DLk1BIMeHGKLcXIw4hw8iOxbQYK_zpA&amp;femb=1&amp;ll=-34.51730425033952%2C-58.505467249999995&amp;z=13.<\/a><\/p>\n\n\n\n<p>Haciendo clic en los locales que aparecen en el mapa los interesados van a poder enterarse de lo que ofrece cada uno. En el caso de \u201cHerencia Deli &amp; Wine\u201d, por ejemplo, el pr\u00f3ximo 19 habr\u00e1 una degustaci\u00f3n de bodega Jorge Rubio de Malbec Reserva, Gran Reserva y Gran Reserva Guarda.<\/p>\n\n\n\n<p class=\"has-text-align-right\"><em><strong>Prensa Vicente Lopez<\/strong>\u00a0.-<\/em><\/p>\n","protected":false},"excerpt":{"rendered":"<p>Este viernes 19 de abril, los amantes del buen vino van a poder disfrutar en Vicente L\u00f3pez la tercera edici\u00f3n de la Noche del Malbec. La jornada ser\u00e1 desde las 18 hasta las 22 horas.<\/p>\n","protected":false},"author":3,"featured_media":52078,"comment_status":"open","ping_status":"open","sticky":false,"template":"","format":"standard","meta":{"jnews-multi-image_gallery":[],"jnews_single_post":{"subtitle":"","format":"standard","video":"","gallery":"","source_name":"","source_url":"","via_name":"","via_url":"","override_template":"0","override":[{"template":"4","single_blog_custom":"","parallax":"1","fullscreen":"1","layout":"right-sidebar","sidebar":"default-sidebar","second_sidebar":"default-sidebar","sticky_sidebar":"1","share_position":"top","share_float_style":"share-monocrhome","show_share_counter":"1","show_view_counter":"1","show_featured":"1","show_post_meta":"1","show_post_author":"1","show_post_author_image":"1","show_post_date":"1","post_date_format":"default","post_date_format_custom":"Y\/m\/d","show_post_category":"1","show_post_reading_time":"1","post_reading_time_wpm":"300","show_zoom_button":"1","zoom_button_out_step":"2","zoom_button_in_step":"3","show_post_tag":"1","show_prev_next_post":"1","show_popup_post":"1","number_popup_post":"1","show_author_box":"1","show_post_related":"1","show_inline_post_related":"0"}],"override_image_size":"0","image_override":[{"single_post_thumbnail_size":"crop-500","single_post_gallery_size":"crop-500"}],"trending_post":"0","trending_post_position":"meta","trending_post_label":"Trending","sponsored_post":"0","sponsored_post_label":"Sponsored by","sponsored_post_name":"","sponsored_post_url":"","sponsored_post_logo_enable":"0","sponsored_post_logo":"","sponsored_post_desc":"","disable_ad":"0"},"jnews_primary_category":{"id":"","hide":""},"jnews_social_meta":{"fb_title":"","fb_description":"","fb_image":"","twitter_title":"","twitter_description":"","twitter_image":""},"jnews_review":[],"enable_review":"0","type":"percentage","name":"","summary":"","brand":"","sku":"","good":[{"good_text":""}],"bad":[{"bad_text":""}],"score_override":"","override_value":"","rating":[{"rating_text":"","rating_number":"10"}],"price":[{"shop":"","price":"","link":"","icon":""}],"jnews_override_counter":{"override_view_counter":"0","view_counter_number":"0","override_share_counter":"0","share_counter_number":"0","override_like_counter":"0","like_counter_number":"0","override_dislike_counter":"0","dislike_counter_number":"0"},"jnews_post_split":{"enable_post_split":"0","post_split":[{"template":"1","tag":"h2","numbering":"asc","mode":"normal","first":"0","enable_toc":"0","toc_type":"normal"}]},"footnotes":""},"categories":[43,58],"tags":[44,14637,14638,45,941],"class_list":["post-52077","post","type-post","status-publish","format-standard","has-post-thumbnail","hentry","category-actualidad","category-argentina","tag-argentina","tag-la-noche-del-malbec","tag-malbec","tag-noticias","tag-vicente-lopez"],"amp_enabled":true,"_links":{"self":[{"href":"https:\/\/esreviral.com\/index.php?rest_route=\/wp\/v2\/posts\/52077"}],"collection":[{"href":"https:\/\/esreviral.com\/index.php?rest_route=\/wp\/v2\/posts"}],"about":[{"href":"https:\/\/esreviral.com\/index.php?rest_route=\/wp\/v2\/types\/post"}],"author":[{"embeddable":true,"href":"https:\/\/esreviral.com\/index.php?rest_route=\/wp\/v2\/users\/3"}],"replies":[{"embeddable":true,"href":"https:\/\/esreviral.com\/index.php?rest_route=%2Fwp%2Fv2%2Fcomments&post=52077"}],"version-history":[{"count":0,"href":"https:\/\/esreviral.com\/index.php?rest_route=\/wp\/v2\/posts\/52077\/revisions"}],"wp:featuredmedia":[{"embeddable":true,"href":"https:\/\/esreviral.com\/index.php?rest_route=\/wp\/v2\/media\/52078"}],"wp:attachment":[{"href":"https:\/\/esreviral.com\/index.php?rest_route=%2Fwp%2Fv2%2Fmedia&parent=52077"}],"wp:term":[{"taxonomy":"category","embeddable":true,"href":"https:\/\/esreviral.com\/index.php?rest_route=%2Fwp%2Fv2%2Fcategories&post=52077"},{"taxonomy":"post_tag","embeddable":true,"href":"https:\/\/esreviral.com\/index.php?rest_route=%2Fwp%2Fv2%2Ftags&post=52077"}],"curies":[{"name":"wp","href":"https:\/\/api.w.org\/{rel}","templated":true}]}}