{"id":51974,"date":"2024-04-14T10:27:50","date_gmt":"2024-04-14T15:27:50","guid":{"rendered":"https:\/\/esreviral.com\/?p=51974"},"modified":"2024-04-14T10:27:51","modified_gmt":"2024-04-14T15:27:51","slug":"buenos-aires-activo-el-plan-de-contingencia-de-la-division-de-objetivos-sensibles-de-terrorismo","status":"publish","type":"post","link":"https:\/\/esreviral.com\/?p=51974","title":{"rendered":"Buenos Aires activ\u00f3 el plan de contingencia de la Divisi\u00f3n de Objetivos Sensibles de Terrorismo"},"content":{"rendered":"\n<p>La Divisi\u00f3n de Objetivos Sensibles de Terrorismo que depende del Ministerio de Seguridad de la Ciudad Aut\u00f3noma de Buenos Aires, es un \u00e1rea jurisdiccional recientemente reglamentada que tiene por objeto <strong>maximizar las medidas de seguridad en objetivos determinados,<\/strong> reforzar la instrucci\u00f3n permanente de todos los miembros de la fuerza en normas espec\u00edficas e interactuar con las fuerzas federales en esta materia.<\/p>\n\n\n\n<p>En funci\u00f3n del ataque de Ir\u00e1n a Israel, el Gobierno de la Ciudad de Buenos Aires informa que se encuentra en marcha el plan de contingencia correspondiente a fin de garantizar la seguridad en dichos objetivos considerados estrat\u00e9gicos.<\/p>\n\n\n\n<p>Al respecto del ataque de Ir\u00e1n, el Jefe de Gobierno porte\u00f1o se manifest\u00f3: \u00ab<strong>Condeno enf\u00e1ticamente el brutal ataque perpetrado por Ir\u00e1n contra el Estado de Israel, que atenta contra la paz, la democracia y la libertad. Toda mi solidaridad y apoyo para el pueblo israel\u00ed. La guerra, el terrorismo y la violencia nunca son el camino<\/strong>\u00ab<\/p>\n","protected":false},"excerpt":{"rendered":"<p>La Divisi\u00f3n de Objetivos Sensibles de Terrorismo que depende del Ministerio de Seguridad de la Ciudad Aut\u00f3noma de Buenos Aires, es un \u00e1rea jurisdiccional recientemente reglamentada que tiene por objeto maximizar las medidas de seguridad en objetivos determinados, reforzar la instrucci\u00f3n permanente de todos los miembros de la fuerza en normas espec\u00edficas e interactuar con [&hellip;]<\/p>\n","protected":false},"author":2,"featured_media":51975,"comment_status":"open","ping_status":"closed","sticky":false,"template":"","format":"standard","meta":{"jnews-multi-image_gallery":[],"jnews_single_post":{"subtitle":"","format":"standard","video":"","gallery":"","source_name":"","source_url":"","via_name":"","via_url":"","override_template":"0","override":[{"template":"4","single_blog_custom":"","parallax":"1","fullscreen":"1","layout":"right-sidebar","sidebar":"default-sidebar","second_sidebar":"default-sidebar","sticky_sidebar":"1","share_position":"top","share_float_style":"share-monocrhome","show_share_counter":"1","show_view_counter":"1","show_featured":"1","show_post_meta":"1","show_post_author":"1","show_post_author_image":"1","show_post_date":"1","post_date_format":"default","post_date_format_custom":"Y\/m\/d","show_post_category":"1","show_post_reading_time":"1","post_reading_time_wpm":"300","show_zoom_button":"1","zoom_button_out_step":"2","zoom_button_in_step":"3","show_post_tag":"1","show_prev_next_post":"1","show_popup_post":"1","number_popup_post":"1","show_author_box":"1","show_post_related":"1","show_inline_post_related":"0"}],"override_image_size":"0","image_override":[{"single_post_thumbnail_size":"crop-500","single_post_gallery_size":"crop-500"}],"trending_post":"0","trending_post_position":"meta","trending_post_label":"Trending","sponsored_post":"0","sponsored_post_label":"Sponsored by","sponsored_post_name":"","sponsored_post_url":"","sponsored_post_logo_enable":"0","sponsored_post_logo":"","sponsored_post_desc":"","disable_ad":"0"},"jnews_primary_category":{"id":"","hide":""},"jnews_social_meta":{"fb_title":"","fb_description":"","fb_image":"","twitter_title":"","twitter_description":"","twitter_image":""},"jnews_review":[],"enable_review":"0","type":"percentage","name":"","summary":"","brand":"","sku":"","good":[{"good_text":""}],"bad":[{"bad_text":""}],"score_override":"","override_value":"","rating":[{"rating_text":"","rating_number":"10"}],"price":[{"shop":"","price":"","link":"","icon":""}],"jnews_override_counter":{"override_view_counter":"0","view_counter_number":"0","override_share_counter":"0","share_counter_number":"0","override_like_counter":"0","like_counter_number":"0","override_dislike_counter":"0","dislike_counter_number":"0"},"jnews_post_split":{"enable_post_split":"0","post_split":[{"template":"1","tag":"h2","numbering":"asc","mode":"normal","first":"0","enable_toc":"0","toc_type":"normal"}]},"footnotes":""},"categories":[43,58],"tags":[44,894,837,2621,806,1327,45],"class_list":["post-51974","post","type-post","status-publish","format-standard","has-post-thumbnail","hentry","category-actualidad","category-argentina","tag-argentina","tag-ciudad-de-buenos-aires","tag-guerra","tag-iran","tag-israel","tag-jorge-macri","tag-noticias"],"_links":{"self":[{"href":"https:\/\/esreviral.com\/index.php?rest_route=\/wp\/v2\/posts\/51974","targetHints":{"allow":["GET"]}}],"collection":[{"href":"https:\/\/esreviral.com\/index.php?rest_route=\/wp\/v2\/posts"}],"about":[{"href":"https:\/\/esreviral.com\/index.php?rest_route=\/wp\/v2\/types\/post"}],"author":[{"embeddable":true,"href":"https:\/\/esreviral.com\/index.php?rest_route=\/wp\/v2\/users\/2"}],"replies":[{"embeddable":true,"href":"https:\/\/esreviral.com\/index.php?rest_route=%2Fwp%2Fv2%2Fcomments&post=51974"}],"version-history":[{"count":0,"href":"https:\/\/esreviral.com\/index.php?rest_route=\/wp\/v2\/posts\/51974\/revisions"}],"wp:featuredmedia":[{"embeddable":true,"href":"https:\/\/esreviral.com\/index.php?rest_route=\/wp\/v2\/media\/51975"}],"wp:attachment":[{"href":"https:\/\/esreviral.com\/index.php?rest_route=%2Fwp%2Fv2%2Fmedia&parent=51974"}],"wp:term":[{"taxonomy":"category","embeddable":true,"href":"https:\/\/esreviral.com\/index.php?rest_route=%2Fwp%2Fv2%2Fcategories&post=51974"},{"taxonomy":"post_tag","embeddable":true,"href":"https:\/\/esreviral.com\/index.php?rest_route=%2Fwp%2Fv2%2Ftags&post=51974"}],"curies":[{"name":"wp","href":"https:\/\/api.w.org\/{rel}","templated":true}]}}