{"id":51904,"date":"2024-04-12T12:46:36","date_gmt":"2024-04-12T17:46:36","guid":{"rendered":"https:\/\/esreviral.com\/?p=51904"},"modified":"2024-04-12T12:46:37","modified_gmt":"2024-04-12T17:46:37","slug":"el-presidente-milei-se-reunio-con-elon-musk-en-estados-unidos","status":"publish","type":"post","link":"https:\/\/esreviral.com\/?p=51904","title":{"rendered":"El Presidente Milei se reuni\u00f3 con Elon Musk en Estados Unidos"},"content":{"rendered":"\n<p>El <strong>Presidente Javier Milei<\/strong> mantuvo un encuentro hoy con el <strong>cofundador y director general de TESLA, Elon Musk<\/strong>, luego de realizar una visita a la planta industrial de la compa\u00f1\u00eda en <strong>Austin, capital del estado de Texas, Estados Unidos<\/strong>.<\/p>\n\n\n\n<p><strong>Javier Milei y Elon Musk <\/strong>coincidieron en la necesidad de liberar los mercados y defender las ideas de la libertad.<\/p>\n\n\n\n<p>El Presidente y el empresario hablaron en Texas sobre la importancia de eliminar trabas burocr\u00e1ticas que alejan a los inversores.<\/p>\n\n\n\n<p>Musk hizo hincapi\u00e9 en fomentar la tasa de natalidad en el mundo, haciendo \u00e9nfasis en que la falta de crecimiento de la poblaci\u00f3n puede ser terminal para nuestra civilizaci\u00f3n.<\/p>\n\n\n\n<figure class=\"wp-block-image size-full\"><img fetchpriority=\"high\" decoding=\"async\" width=\"1024\" height=\"576\" src=\"https:\/\/esreviral.com\/wp-content\/uploads\/2024\/04\/AnyConv.com__milei-con-elon-musk-02-1024x576-1.webp\" alt=\"\" class=\"wp-image-51907\" srcset=\"https:\/\/esreviral.com\/wp-content\/uploads\/2024\/04\/AnyConv.com__milei-con-elon-musk-02-1024x576-1.webp 1024w, https:\/\/esreviral.com\/wp-content\/uploads\/2024\/04\/AnyConv.com__milei-con-elon-musk-02-1024x576-1-300x169.webp 300w, https:\/\/esreviral.com\/wp-content\/uploads\/2024\/04\/AnyConv.com__milei-con-elon-musk-02-1024x576-1-768x432.webp 768w, https:\/\/esreviral.com\/wp-content\/uploads\/2024\/04\/AnyConv.com__milei-con-elon-musk-02-1024x576-1-750x422.webp 750w\" sizes=\"(max-width: 1024px) 100vw, 1024px\" \/><\/figure>\n\n\n\n<p>El Presidente argentino le ofreci\u00f3 colaboraci\u00f3n en el conflicto que mantiene la red social X en Brasil en el marco del conflicto judicial y pol\u00edtico en ese pa\u00eds.<\/p>\n\n\n\n<p>Ambos coincidieron en la importancia del desarrollo tecnol\u00f3gico para el progreso de la humanidad y en la necesidad de establecer reglas de juego claras y estables para poder traer empresas que fomenten este desarrollo.<\/p>\n\n\n\n<p>El Presidente ratific\u00f3 el rol de los emprendedores en la sociedad. El empresario, a su vez, se comprometi\u00f3 con las ideas de la libertad y los gobiernos pro-mercados que luchen en este sentido.<\/p>\n\n\n\n<p>Por \u00faltimo, el Presidente y el empresario estadounidense acordaron realizar pr\u00f3ximamente un gran evento en la Argentina para fomentar las ideas de la libertad.<\/p>\n","protected":false},"excerpt":{"rendered":"<p>El Presidente Javier Milei mantuvo un encuentro hoy con el cofundador y director general de TESLA, Elon Musk, luego de realizar una visita a la planta industrial de la compa\u00f1\u00eda en Austin, capital del estado de Texas, Estados Unidos. Javier Milei y Elon Musk coincidieron en la necesidad de liberar los mercados y defender las [&hellip;]<\/p>\n","protected":false},"author":3,"featured_media":51906,"comment_status":"open","ping_status":"open","sticky":false,"template":"","format":"standard","meta":{"jnews-multi-image_gallery":[],"jnews_single_post":{"subtitle":"","format":"standard","video":"","gallery":"","source_name":"","source_url":"","via_name":"","via_url":"","override_template":"0","override":[{"template":"4","single_blog_custom":"","parallax":"1","fullscreen":"1","layout":"right-sidebar","sidebar":"default-sidebar","second_sidebar":"default-sidebar","sticky_sidebar":"1","share_position":"top","share_float_style":"share-monocrhome","show_share_counter":"1","show_view_counter":"1","show_featured":"1","show_post_meta":"1","show_post_author":"1","show_post_author_image":"1","show_post_date":"1","post_date_format":"default","post_date_format_custom":"Y\/m\/d","show_post_category":"1","show_post_reading_time":"1","post_reading_time_wpm":"300","show_zoom_button":"1","zoom_button_out_step":"2","zoom_button_in_step":"3","show_post_tag":"1","show_prev_next_post":"1","show_popup_post":"1","number_popup_post":"1","show_author_box":"1","show_post_related":"1","show_inline_post_related":"0"}],"override_image_size":"0","image_override":[{"single_post_thumbnail_size":"crop-500","single_post_gallery_size":"crop-500"}],"trending_post":"0","trending_post_position":"meta","trending_post_label":"Trending","sponsored_post":"0","sponsored_post_label":"Sponsored by","sponsored_post_name":"","sponsored_post_url":"","sponsored_post_logo_enable":"0","sponsored_post_logo":"","sponsored_post_desc":"","disable_ad":"0"},"jnews_primary_category":{"id":"","hide":""},"jnews_social_meta":{"fb_title":"","fb_description":"","fb_image":"","twitter_title":"","twitter_description":"","twitter_image":""},"jnews_review":[],"enable_review":"0","type":"percentage","name":"","summary":"","brand":"","sku":"","good":[{"good_text":""}],"bad":[{"bad_text":""}],"score_override":"","override_value":"","rating":[{"rating_text":"","rating_number":"10"}],"price":[{"shop":"","price":"","link":"","icon":""}],"jnews_override_counter":{"override_view_counter":"0","view_counter_number":"0","override_share_counter":"0","share_counter_number":"0","override_like_counter":"0","like_counter_number":"0","override_dislike_counter":"0","dislike_counter_number":"0"},"jnews_post_split":{"enable_post_split":"0","post_split":[{"template":"1","tag":"h2","numbering":"asc","mode":"normal","first":"0","enable_toc":"0","toc_type":"normal"}]},"footnotes":""},"categories":[88],"tags":[44,14569,1889,136,45,14344,2253],"class_list":["post-51904","post","type-post","status-publish","format-standard","has-post-thumbnail","hentry","category-internacionales","tag-argentina","tag-austin","tag-elon-musk","tag-estados-unidos","tag-noticias","tag-presidente-javier-milei-2","tag-texas"],"_links":{"self":[{"href":"https:\/\/esreviral.com\/index.php?rest_route=\/wp\/v2\/posts\/51904","targetHints":{"allow":["GET"]}}],"collection":[{"href":"https:\/\/esreviral.com\/index.php?rest_route=\/wp\/v2\/posts"}],"about":[{"href":"https:\/\/esreviral.com\/index.php?rest_route=\/wp\/v2\/types\/post"}],"author":[{"embeddable":true,"href":"https:\/\/esreviral.com\/index.php?rest_route=\/wp\/v2\/users\/3"}],"replies":[{"embeddable":true,"href":"https:\/\/esreviral.com\/index.php?rest_route=%2Fwp%2Fv2%2Fcomments&post=51904"}],"version-history":[{"count":0,"href":"https:\/\/esreviral.com\/index.php?rest_route=\/wp\/v2\/posts\/51904\/revisions"}],"wp:featuredmedia":[{"embeddable":true,"href":"https:\/\/esreviral.com\/index.php?rest_route=\/wp\/v2\/media\/51906"}],"wp:attachment":[{"href":"https:\/\/esreviral.com\/index.php?rest_route=%2Fwp%2Fv2%2Fmedia&parent=51904"}],"wp:term":[{"taxonomy":"category","embeddable":true,"href":"https:\/\/esreviral.com\/index.php?rest_route=%2Fwp%2Fv2%2Fcategories&post=51904"},{"taxonomy":"post_tag","embeddable":true,"href":"https:\/\/esreviral.com\/index.php?rest_route=%2Fwp%2Fv2%2Ftags&post=51904"}],"curies":[{"name":"wp","href":"https:\/\/api.w.org\/{rel}","templated":true}]}}