{"id":51836,"date":"2024-04-11T10:27:45","date_gmt":"2024-04-11T15:27:45","guid":{"rendered":"https:\/\/esreviral.com\/?p=51836"},"modified":"2024-04-11T11:36:37","modified_gmt":"2024-04-11T16:36:37","slug":"gobierno-de-milei-volvio-a-pedirle-a-maduro-un-salvoconducto-para-asilados-en-su-embajada","status":"publish","type":"post","link":"https:\/\/esreviral.com\/?p=51836","title":{"rendered":"Gobierno de Milei volvi\u00f3 a pedirle a Maduro un salvoconducto\u00a0para asilados en su embajada"},"content":{"rendered":"\n<p>El gobierno de Argentina, liderado por Javier Milei, reiter\u00f3 su solicitud a Nicol\u00e1s Maduro para que otorgue un salvoconducto a los seis opositores que se encuentran asilados en su embajada en Caracas, Venezuela.<\/p>\n\n\n\n<p>La petici\u00f3n la hizo el embajador Mariano Vergara, secretario de Asuntos Americanos, en la reuni\u00f3n de cancilleres y representantes de la Comunidad de Estados Latinoamericanos y Caribe\u00f1os en Tegucigalpa el martes pasado.<\/p>\n\n\n\n<p>Fuentes diplom\u00e1ticas, que confirmaron a&nbsp;<em>Clar\u00edn&nbsp;<\/em>la informaci\u00f3n, se\u00f1alaron que ministros y delegados participaron en la reuni\u00f3n a trav\u00e9s de la plataforma Zoom.<\/p>\n\n\n\n<p>La convocatoria de la reuni\u00f3n la impuls\u00f3 la presidenta de Honduras, Xiomara Castro, con el objetivo de&nbsp;<strong>abordar la crisis generada por el violento asalto ordenado por el presidente ecuatoriano Daniel Noboa contra la embajada mexicana en Quito,<\/strong>&nbsp;durante el cual se arrest\u00f3 a Jorge Glas, ex vicepresidente de Rafael Correa, acusado de corrupci\u00f3n.<\/p>\n\n\n\n<p><strong><mark style=\"background-color:rgba(0, 0, 0, 0)\" class=\"has-inline-color has-vivid-red-color\">Argentina se compromete a dar refugio a los perseguidos<\/mark><\/strong><\/p>\n\n\n\n<p>El gobierno argentino expres\u00f3 su compromiso de&nbsp;<strong>brindar refugio a aquellos perseguidos por compartir ciertos valores,<\/strong>&nbsp;seg\u00fan lo destac\u00f3 la canciller Diana Mondino en un post reciente en X.<\/p>\n\n\n\n<p>Los seis venezolanos asilados desde hace casi tres semanas en la residencia argentina en Caracas son colaboradores de Mar\u00eda Corina Machado. Recibieron el asilo pol\u00edtico, pero su salida&nbsp;<strong>se ha visto obstaculizada por la negativa del r\u00e9gimen<\/strong>&nbsp;a otorgarles un salvoconducto.<\/p>\n\n\n\n<p>Los ciudadanos\u00a0enfrentan \u00f3rdenes de prisi\u00f3n por parte del gobierno venezolano.\u00a0Ellos son: Pedro Urruchurtu, Magalli Meda, Humberto Villalobos, Claudia Macero, Omar Gonz\u00e1lez y Fernando Mart\u00ednez Mottola.<\/p>\n\n\n\n<p><strong><em><mark style=\"background-color:rgba(0, 0, 0, 0)\" class=\"has-inline-color has-vivid-red-color\"><a href=\"https:\/\/esreviral.com\/nicolas-maduro-ayuda-a-argentina-para-combatir-el-dengue\/\" data-type=\"link\" data-id=\"https:\/\/esreviral.com\/nicolas-maduro-ayuda-a-argentina-para-combatir-el-dengue\/\">Lea Tambi\u00e9n: Maduro ofreci\u00f3 ayuda a la Argentina para combatir el dengue<\/a><\/mark><\/em><\/strong><\/p>\n\n\n\n<p class=\"has-text-align-right\"><strong><em>ElNacional.-<\/em><\/strong><\/p>\n","protected":false},"excerpt":{"rendered":"<p>El gobierno argentino de Javier Milei expres\u00f3 su compromiso de brindar refugio a aquellos perseguidos por compartir ciertos valores<\/p>\n","protected":false},"author":3,"featured_media":51837,"comment_status":"open","ping_status":"open","sticky":false,"template":"","format":"standard","meta":{"jnews-multi-image_gallery":[],"jnews_single_post":{"subtitle":"","format":"standard","video":"","gallery":"","source_name":"","source_url":"","via_name":"","via_url":"","override_template":"0","override":[{"template":"4","single_blog_custom":"","parallax":"1","fullscreen":"1","layout":"right-sidebar","sidebar":"default-sidebar","second_sidebar":"default-sidebar","sticky_sidebar":"1","share_position":"top","share_float_style":"share-monocrhome","show_share_counter":"1","show_view_counter":"1","show_featured":"1","show_post_meta":"1","show_post_author":"1","show_post_author_image":"1","show_post_date":"1","post_date_format":"default","post_date_format_custom":"Y\/m\/d","show_post_category":"1","show_post_reading_time":"1","post_reading_time_wpm":"300","show_zoom_button":"1","zoom_button_out_step":"2","zoom_button_in_step":"3","show_post_tag":"1","show_prev_next_post":"1","show_popup_post":"1","number_popup_post":"1","show_author_box":"1","show_post_related":"1","show_inline_post_related":"0"}],"override_image_size":"0","image_override":[{"single_post_thumbnail_size":"crop-500","single_post_gallery_size":"crop-500"}],"trending_post":"0","trending_post_position":"meta","trending_post_label":"Trending","sponsored_post":"0","sponsored_post_label":"Sponsored by","sponsored_post_name":"","sponsored_post_url":"","sponsored_post_logo_enable":"0","sponsored_post_logo":"","sponsored_post_desc":"","disable_ad":"0"},"jnews_primary_category":{"id":"","hide":""},"jnews_social_meta":{"fb_title":"","fb_description":"","fb_image":"","twitter_title":"","twitter_description":"","twitter_image":""},"jnews_review":[],"enable_review":"0","type":"percentage","name":"","summary":"","brand":"","sku":"","good":[{"good_text":""}],"bad":[{"bad_text":""}],"score_override":"","override_value":"","rating":[{"rating_text":"","rating_number":"10"}],"price":[{"shop":"","price":"","link":"","icon":""}],"jnews_override_counter":{"override_view_counter":"0","view_counter_number":"0","override_share_counter":"0","share_counter_number":"0","override_like_counter":"0","like_counter_number":"0","override_dislike_counter":"0","dislike_counter_number":"0"},"jnews_post_split":{"enable_post_split":"0","post_split":[{"template":"1","tag":"h2","numbering":"asc","mode":"normal","first":"0","enable_toc":"0","toc_type":"normal"}]},"footnotes":""},"categories":[88,59],"tags":[44,329,118,14547,1158,1068,45,12831,56],"class_list":["post-51836","post","type-post","status-publish","format-standard","has-post-thumbnail","hentry","category-internacionales","category-politica","tag-argentina","tag-caracas","tag-embajada","tag-gobierno-de-argentina","tag-javier-milei","tag-nicolas-maduro","tag-noticias","tag-salvoconducto","tag-venezuela"],"amp_enabled":true,"_links":{"self":[{"href":"https:\/\/esreviral.com\/index.php?rest_route=\/wp\/v2\/posts\/51836"}],"collection":[{"href":"https:\/\/esreviral.com\/index.php?rest_route=\/wp\/v2\/posts"}],"about":[{"href":"https:\/\/esreviral.com\/index.php?rest_route=\/wp\/v2\/types\/post"}],"author":[{"embeddable":true,"href":"https:\/\/esreviral.com\/index.php?rest_route=\/wp\/v2\/users\/3"}],"replies":[{"embeddable":true,"href":"https:\/\/esreviral.com\/index.php?rest_route=%2Fwp%2Fv2%2Fcomments&post=51836"}],"version-history":[{"count":0,"href":"https:\/\/esreviral.com\/index.php?rest_route=\/wp\/v2\/posts\/51836\/revisions"}],"wp:featuredmedia":[{"embeddable":true,"href":"https:\/\/esreviral.com\/index.php?rest_route=\/wp\/v2\/media\/51837"}],"wp:attachment":[{"href":"https:\/\/esreviral.com\/index.php?rest_route=%2Fwp%2Fv2%2Fmedia&parent=51836"}],"wp:term":[{"taxonomy":"category","embeddable":true,"href":"https:\/\/esreviral.com\/index.php?rest_route=%2Fwp%2Fv2%2Fcategories&post=51836"},{"taxonomy":"post_tag","embeddable":true,"href":"https:\/\/esreviral.com\/index.php?rest_route=%2Fwp%2Fv2%2Ftags&post=51836"}],"curies":[{"name":"wp","href":"https:\/\/api.w.org\/{rel}","templated":true}]}}