{"id":51785,"date":"2024-04-10T19:01:03","date_gmt":"2024-04-11T00:01:03","guid":{"rendered":"https:\/\/esreviral.com\/?p=51785"},"modified":"2024-04-10T19:01:03","modified_gmt":"2024-04-11T00:01:03","slug":"el-ultimo-adios-a-wilevis-brito","status":"publish","type":"post","link":"https:\/\/esreviral.com\/?p=51785","title":{"rendered":"El \u00faltimo adi\u00f3s a Wilevis Brito"},"content":{"rendered":"\n<p>Este mi\u00e9rcoles se le dio cristiana sepultura a <strong><a href=\"https:\/\/esreviral.com\/modelo-venezolana-fallecio-tras-graves-complicaciones-de-salud\/\">Wilevis Brito, de 24 a\u00f1os de edad, la modelo y periodista venezolana que muri\u00f3 tras someterse a una cirug\u00eda maxilofacial<\/a><\/strong> por salud y no por est\u00e9tica. Se presume que <strong>hubo negligencia m\u00e9dica, <\/strong>al parecer, porque le colocaron una dosis mayor de anestesia de la que necesitaba. <\/p>\n\n\n\n<p>La misa de despedida de la tambi\u00e9n Reina del Deporte en La Guaira, estuvo llena de mucha emotividad y tristeza, ya que a su corta edad, la periodista <strong>hab\u00eda hecho un gran trabajo profesional y social<\/strong>, ya que luego de obtener su t\u00edtulo de belleza estuvo trabajando en la Fundaci\u00f3n del Ni\u00f1o de la entidad. <\/p>\n\n\n\n<p>A los actos f\u00fanebres y del sepelio asisti\u00f3 <strong>el gobernador de La Guaira, Jos\u00e9 Alejandro Ter\u00e1n, quien destac\u00f3 que la joven \u00abser\u00eda recordada por su carisma, sonrisa y por su disposici\u00f3n de dar amor y ayudar a los m\u00e1s necesitados\u00bb. <\/strong><\/p>\n\n\n\n<p><strong><a href=\"https:\/\/chat.whatsapp.com\/KWkTmakY3I05kNdd2oZl6d\">\u00daNETE A NUESTRO GRUPO DE WHATSAPP PARA MANTENERTE INFORMADO<\/a><\/strong><\/p>\n\n\n\n<figure class=\"wp-block-image size-large\"><img fetchpriority=\"high\" decoding=\"async\" width=\"1024\" height=\"676\" src=\"https:\/\/esreviral.com\/wp-content\/uploads\/2024\/04\/WhatsApp-Image-2024-04-10-at-20.53.27-1024x676.webp\" alt=\"\" class=\"wp-image-51787\" srcset=\"https:\/\/esreviral.com\/wp-content\/uploads\/2024\/04\/WhatsApp-Image-2024-04-10-at-20.53.27-1024x676.webp 1024w, https:\/\/esreviral.com\/wp-content\/uploads\/2024\/04\/WhatsApp-Image-2024-04-10-at-20.53.27-300x198.webp 300w, https:\/\/esreviral.com\/wp-content\/uploads\/2024\/04\/WhatsApp-Image-2024-04-10-at-20.53.27-768x507.webp 768w, https:\/\/esreviral.com\/wp-content\/uploads\/2024\/04\/WhatsApp-Image-2024-04-10-at-20.53.27-750x495.webp 750w, https:\/\/esreviral.com\/wp-content\/uploads\/2024\/04\/WhatsApp-Image-2024-04-10-at-20.53.27-1140x753.webp 1140w, https:\/\/esreviral.com\/wp-content\/uploads\/2024\/04\/WhatsApp-Image-2024-04-10-at-20.53.27.webp 1290w\" sizes=\"(max-width: 1024px) 100vw, 1024px\" \/><figcaption class=\"wp-element-caption\"><strong>El gobernador de La Guaira, Jos\u00e9 Alejandro Ter\u00e1n<\/strong>, estuvo presente<\/figcaption><\/figure>\n\n\n\n<p>Se conoci\u00f3 que Wilevis hab\u00eda tenido hace tiempo un tumor en la boca, por lo cual le qued\u00f3 un hueco, el cual le iban a arreglar en la cirug\u00eda, incluso en un audio de whatsapp le explic\u00f3 el pasado viernes a un amigo que <strong>se trataba de una operaci\u00f3n sencilla. <\/strong><\/p>\n\n\n\n<p>Seg\u00fan fuentes allegadas a la familia, tras la intervenci\u00f3n quir\u00fargica, la joven fue dada de alta pero horas m\u00e1s tarde se descompens\u00f3. \u00abLuego la llevaron a un Hospital en Caracas porque <strong>la mam\u00e1 estuvo llamando a la cl\u00ednica donde la operaron y no la atendieron. <\/strong>Los m\u00e9dicos tratantes, r\u00e1pidamente actuaron y la intubaron pero los esfuerzos fueron en vano porque Brito sufri\u00f3 un paro respiratorio, presuntamente por exceso de anestesia\u00bb, revel\u00f3 la persona quien prefiri\u00f3 mantenerse en el anonimato. <\/p>\n\n\n\n<p>Por ahora, se desconoce si la madre de la v\u00edctima <strong>pondr\u00e1 una demanda contra los m\u00e9dicos que la operaron. <\/strong><\/p>\n\n\n\n<figure class=\"wp-block-image size-large is-resized\"><img decoding=\"async\" width=\"1024\" height=\"667\" src=\"https:\/\/esreviral.com\/wp-content\/uploads\/2024\/04\/WhatsApp-Image-2024-04-10-at-20.53.26-1024x667.webp\" alt=\"\" class=\"wp-image-51788\" style=\"aspect-ratio:1.535232383808096;width:1170px;height:auto\" srcset=\"https:\/\/esreviral.com\/wp-content\/uploads\/2024\/04\/WhatsApp-Image-2024-04-10-at-20.53.26-1024x667.webp 1024w, https:\/\/esreviral.com\/wp-content\/uploads\/2024\/04\/WhatsApp-Image-2024-04-10-at-20.53.26-300x195.webp 300w, https:\/\/esreviral.com\/wp-content\/uploads\/2024\/04\/WhatsApp-Image-2024-04-10-at-20.53.26-768x500.webp 768w, https:\/\/esreviral.com\/wp-content\/uploads\/2024\/04\/WhatsApp-Image-2024-04-10-at-20.53.26-750x488.webp 750w, https:\/\/esreviral.com\/wp-content\/uploads\/2024\/04\/WhatsApp-Image-2024-04-10-at-20.53.26-1140x742.webp 1140w, https:\/\/esreviral.com\/wp-content\/uploads\/2024\/04\/WhatsApp-Image-2024-04-10-at-20.53.26.webp 1290w\" sizes=\"(max-width: 1024px) 100vw, 1024px\" \/><figcaption class=\"wp-element-caption\">Familiares, amigos y compa\u00f1eros de trabajo le dieron el \u00faltimo adi\u00f3s<\/figcaption><\/figure>\n","protected":false},"excerpt":{"rendered":"<p>Este mi\u00e9rcoles se le dio cristiana sepultura a Wilevis Brito, de 24 a\u00f1os de edad, la modelo y periodista venezolana que muri\u00f3 tras someterse a una cirug\u00eda maxilofacial por salud y no por est\u00e9tica. Se presume que hubo negligencia m\u00e9dica, al parecer, porque le colocaron una dosis mayor de anestesia de la que necesitaba. La [&hellip;]<\/p>\n","protected":false},"author":2,"featured_media":51786,"comment_status":"open","ping_status":"closed","sticky":false,"template":"","format":"standard","meta":{"jnews-multi-image_gallery":[],"jnews_single_post":{"subtitle":"","format":"standard","video":"","gallery":"","source_name":"","source_url":"","via_name":"","via_url":"","override_template":"0","override":[{"template":"4","single_blog_custom":"","parallax":"1","fullscreen":"1","layout":"right-sidebar","sidebar":"default-sidebar","second_sidebar":"default-sidebar","sticky_sidebar":"1","share_position":"top","share_float_style":"share-monocrhome","show_share_counter":"1","show_view_counter":"1","show_featured":"1","show_post_meta":"1","show_post_author":"1","show_post_author_image":"1","show_post_date":"1","post_date_format":"default","post_date_format_custom":"Y\/m\/d","show_post_category":"1","show_post_reading_time":"1","post_reading_time_wpm":"300","show_zoom_button":"1","zoom_button_out_step":"2","zoom_button_in_step":"3","show_post_tag":"1","show_prev_next_post":"1","show_popup_post":"1","number_popup_post":"1","show_author_box":"1","show_post_related":"1","show_inline_post_related":"0"}],"override_image_size":"0","image_override":[{"single_post_thumbnail_size":"crop-500","single_post_gallery_size":"crop-500"}],"trending_post":"0","trending_post_position":"meta","trending_post_label":"Trending","sponsored_post":"0","sponsored_post_label":"Sponsored by","sponsored_post_name":"","sponsored_post_url":"","sponsored_post_logo_enable":"0","sponsored_post_logo":"","sponsored_post_desc":"","disable_ad":"0"},"jnews_primary_category":{"id":"","hide":""},"jnews_social_meta":{"fb_title":"","fb_description":"","fb_image":"","twitter_title":"","twitter_description":"","twitter_image":""},"jnews_review":[],"enable_review":"0","type":"percentage","name":"","summary":"","brand":"","sku":"","good":[{"good_text":""}],"bad":[{"bad_text":""}],"score_override":"","override_value":"","rating":[{"rating_text":"","rating_number":"10"}],"price":[{"shop":"","price":"","link":"","icon":""}],"jnews_override_counter":{"override_view_counter":"0","view_counter_number":"0","override_share_counter":"0","share_counter_number":"0","override_like_counter":"0","like_counter_number":"0","override_dislike_counter":"0","dislike_counter_number":"0"},"jnews_post_split":{"enable_post_split":"0","post_split":[{"template":"1","tag":"h2","numbering":"asc","mode":"normal","first":"0","enable_toc":"0","toc_type":"normal"}]},"footnotes":""},"categories":[5892],"tags":[44,9708,45,56,14500],"class_list":["post-51785","post","type-post","status-publish","format-standard","has-post-thumbnail","hentry","category-venezolanos-en-argentina","tag-argentina","tag-la-guaira","tag-noticias","tag-venezuela","tag-wilevis-brito"],"amp_enabled":true,"_links":{"self":[{"href":"https:\/\/esreviral.com\/index.php?rest_route=\/wp\/v2\/posts\/51785"}],"collection":[{"href":"https:\/\/esreviral.com\/index.php?rest_route=\/wp\/v2\/posts"}],"about":[{"href":"https:\/\/esreviral.com\/index.php?rest_route=\/wp\/v2\/types\/post"}],"author":[{"embeddable":true,"href":"https:\/\/esreviral.com\/index.php?rest_route=\/wp\/v2\/users\/2"}],"replies":[{"embeddable":true,"href":"https:\/\/esreviral.com\/index.php?rest_route=%2Fwp%2Fv2%2Fcomments&post=51785"}],"version-history":[{"count":0,"href":"https:\/\/esreviral.com\/index.php?rest_route=\/wp\/v2\/posts\/51785\/revisions"}],"wp:featuredmedia":[{"embeddable":true,"href":"https:\/\/esreviral.com\/index.php?rest_route=\/wp\/v2\/media\/51786"}],"wp:attachment":[{"href":"https:\/\/esreviral.com\/index.php?rest_route=%2Fwp%2Fv2%2Fmedia&parent=51785"}],"wp:term":[{"taxonomy":"category","embeddable":true,"href":"https:\/\/esreviral.com\/index.php?rest_route=%2Fwp%2Fv2%2Fcategories&post=51785"},{"taxonomy":"post_tag","embeddable":true,"href":"https:\/\/esreviral.com\/index.php?rest_route=%2Fwp%2Fv2%2Ftags&post=51785"}],"curies":[{"name":"wp","href":"https:\/\/api.w.org\/{rel}","templated":true}]}}