{"id":51779,"date":"2024-04-10T16:58:30","date_gmt":"2024-04-10T21:58:30","guid":{"rendered":"https:\/\/esreviral.com\/?p=51779"},"modified":"2024-04-10T16:58:30","modified_gmt":"2024-04-10T21:58:30","slug":"el-sistema-presenta-un-repertorio-de-obras-musicales","status":"publish","type":"post","link":"https:\/\/esreviral.com\/?p=51779","title":{"rendered":"El Sistema presenta un repertorio de obras musicales"},"content":{"rendered":"\n<p><strong>El Sistema<\/strong> presenta un magn\u00edfico abanico de opciones con ejecuciones inigualables para el disfrute del p\u00fablico que esta semana incluye la presentaci\u00f3n del percusionista, compositor y productor Gerardo Rosales, junto a la agrupaci\u00f3n <strong>Sim\u00f3n Bol\u00edvar Big Band Jazz, en la Sala Fedora Alem\u00e1n<\/strong>, el jueves 11 de abril, a las 4:00 p.m. Para el viernes 12 de abril, a las 5:00 p.m., ser\u00e1 el turno de la<strong> Orquesta de C\u00e1mara Sim\u00f3n Bol\u00edvar a cargo del director Joshua Dos Santos, y el domingo 14 de abril, a las 11:00 a.m., se presenta la Orquesta Sinf\u00f3nica Juan Jos\u00e9 Landaeta, bajo la batuta del maestro internacional Diego Naser, ambas presentaciones se ejecutar\u00e1n en la Sala Sim\u00f3n Bol\u00edvar.<\/strong><\/p>\n\n\n\n<p>El maestro venezolano Rosales, residenciado en Pa\u00edses Bajos, quien cuenta con gran presencia internacional y nacional, ha participado en proyectos junto a grandes m\u00fasicos como Alfredo Naranjo, Paquito D\u00b4Rivera, Me\u00f1ique, Bebo Vald\u00e9s y otros grandes artistas, ejecutar\u00e1 junto a la SBBBJ un repertorio que abarca la fusi\u00f3n de la percusi\u00f3n afrolatina y el lat\u00edn jazz, con adaptaciones de destacados temas como\u00a0<em>Oye como va<\/em>,\u00a0<em>Manteca<\/em>,\u00a0<em>Alna\u00b4s Mambo<\/em>, algunas obras venezolanas, cuentan con los arreglos del director y saxofonista Javier Josu\u00e9 Pinto, y una de las obras fue arreglada por el maestro Paquito D\u00b4Rivera, para esta\u00a0presentaci\u00f3n con entrada libre y capacidad limitada, en la Sala Fedora Alem\u00e1n.<\/p>\n\n\n\n<figure class=\"wp-block-image size-large\"><img fetchpriority=\"high\" decoding=\"async\" width=\"1024\" height=\"682\" src=\"https:\/\/esreviral.com\/wp-content\/uploads\/2024\/04\/AnyConv.com__unnamed-73-1024x682.webp\" alt=\"\" class=\"wp-image-51783\" srcset=\"https:\/\/esreviral.com\/wp-content\/uploads\/2024\/04\/AnyConv.com__unnamed-73-1024x682.webp 1024w, https:\/\/esreviral.com\/wp-content\/uploads\/2024\/04\/AnyConv.com__unnamed-73-300x200.webp 300w, https:\/\/esreviral.com\/wp-content\/uploads\/2024\/04\/AnyConv.com__unnamed-73-768x512.webp 768w, https:\/\/esreviral.com\/wp-content\/uploads\/2024\/04\/AnyConv.com__unnamed-73-1536x1023.webp 1536w, https:\/\/esreviral.com\/wp-content\/uploads\/2024\/04\/AnyConv.com__unnamed-73-750x500.webp 750w, https:\/\/esreviral.com\/wp-content\/uploads\/2024\/04\/AnyConv.com__unnamed-73-1140x760.webp 1140w, https:\/\/esreviral.com\/wp-content\/uploads\/2024\/04\/AnyConv.com__unnamed-73.webp 1600w\" sizes=\"(max-width: 1024px) 100vw, 1024px\" \/><\/figure>\n\n\n\n<p>Seguidamente, este viernes la Sala Sim\u00f3n Bol\u00edvar brillar\u00e1 bajo la interpretaci\u00f3n de las majestuosas obras compuestas por Rossini; M\u00e1rquez y Beethoven, ejecutadas por la Orquesta de C\u00e1mara Sim\u00f3n Bol\u00edvar (OCSB) a cargo del maestro Joshua Dos Santos. El repertorio iniciar\u00e1 con la\u00a0<em>Obertura \u201cLa Italiana en Argel\u201d<\/em>, obra compuesta por el escritor de \u00f3peras italiano, Gioachino Rossini, destacada por iniciar con gentiles y silenciosos pizzicatos hasta alcanzar una gran explosi\u00f3n sonora;\u00a0<em>Danz\u00f3n No. 2<\/em>\u00a0en versi\u00f3n para orquesta de c\u00e1mara del compositor Arturo M\u00e1rquez, en ella resalta el tradicional danz\u00f3n mexicano espec\u00edficamente de Veracruz y Ciudad de M\u00e9xico; y la\u00a0<em>Sinfon\u00eda No. 7 en La Mayor, Op. 92<\/em>\u00a0escrita por el alem\u00e1n Ludwig van Beethoven.<\/p>\n\n\n\n<p>La Orquesta Sinf\u00f3nica Juan Jos\u00e9 Landaeta (OSJJL) finaliza el fin de semana con un reencuentro, luego de 2 a\u00f1os, con el maestro uruguayo Diego Naser. Bajo su batuta y en compa\u00f1\u00eda del violinista franc\u00e9s Thibault Vieux, ejecutar\u00e1n el\u00a0<em>Concierto para Viol\u00edn y Orquesta No. 3 en Si menor, Op. 61\u00a0<\/em>del compositor franc\u00e9s Charles Camille Saint-Sa\u00ebns. Posteriormente, la\u00a0<em>Sinfon\u00eda No. 4 en Mi Bemol Mayor \u201cSinfon\u00eda Rom\u00e1ntica\u201d\u00a0<\/em>de Anton Bruckner llenar\u00e1 la atm\u00f3sfera musical, esta es una de las obras m\u00e1s populares del compositor y organista austr\u00edaco.<\/p>\n\n\n\n<p><em>\u201cEs la primera obra de Bruckner que interpreta la Orquesta Sinf\u00f3nica Juan Jos\u00e9 Landaeta, para m\u00ed es un honor contribuir y ser parte del crecimiento de la orquesta. La Sinfon\u00eda No. 4 es muy parecida a la construcci\u00f3n de una catedral, la meta es obtener un sonido redondo; puro y majestuoso, ese es el que queremos presentar este domingo en la espectacular Sala Sim\u00f3n Bol\u00edvar\u201d<\/em>, expres\u00f3 el maestro uruguayo quien visita El Sistema gracias al apoyo del Conservatorio Itinerante Inocente Carre\u00f1o y otras organizaciones.<\/p>\n\n\n\n<figure class=\"wp-block-image size-large\"><img decoding=\"async\" width=\"1024\" height=\"682\" src=\"https:\/\/esreviral.com\/wp-content\/uploads\/2024\/04\/AnyConv.com__unnamed-72-1024x682.webp\" alt=\"\" class=\"wp-image-51782\" srcset=\"https:\/\/esreviral.com\/wp-content\/uploads\/2024\/04\/AnyConv.com__unnamed-72-1024x682.webp 1024w, https:\/\/esreviral.com\/wp-content\/uploads\/2024\/04\/AnyConv.com__unnamed-72-300x200.webp 300w, https:\/\/esreviral.com\/wp-content\/uploads\/2024\/04\/AnyConv.com__unnamed-72-768x512.webp 768w, https:\/\/esreviral.com\/wp-content\/uploads\/2024\/04\/AnyConv.com__unnamed-72-1536x1023.webp 1536w, https:\/\/esreviral.com\/wp-content\/uploads\/2024\/04\/AnyConv.com__unnamed-72-750x500.webp 750w, https:\/\/esreviral.com\/wp-content\/uploads\/2024\/04\/AnyConv.com__unnamed-72-1140x760.webp 1140w, https:\/\/esreviral.com\/wp-content\/uploads\/2024\/04\/AnyConv.com__unnamed-72.webp 1600w\" sizes=\"(max-width: 1024px) 100vw, 1024px\" \/><\/figure>\n\n\n\n<p>Las entradas para los conciertos de los d\u00edas viernes y domingo, est\u00e1n disponibles en las taquillas del Centro Nacional de Acci\u00f3n Social por la M\u00fasica y a trav\u00e9s de la plataforma de Goliiive.<\/p>\n\n\n\n<p>La constante visita de maestros nacionales e internacionales nutren la preparaci\u00f3n y fomentan la impecable ejecuci\u00f3n por los m\u00fasicos que integran las agrupaciones del Sistema Nacional de Orquestas y Coros Juveniles e Infantiles de Venezuela.<\/p>\n\n\n\n<figure class=\"wp-block-image size-large\"><img decoding=\"async\" width=\"1024\" height=\"622\" src=\"https:\/\/esreviral.com\/wp-content\/uploads\/2024\/04\/AnyConv.com__unnamed-68-1024x622.webp\" alt=\"\" class=\"wp-image-51781\" srcset=\"https:\/\/esreviral.com\/wp-content\/uploads\/2024\/04\/AnyConv.com__unnamed-68-1024x622.webp 1024w, https:\/\/esreviral.com\/wp-content\/uploads\/2024\/04\/AnyConv.com__unnamed-68-300x182.webp 300w, https:\/\/esreviral.com\/wp-content\/uploads\/2024\/04\/AnyConv.com__unnamed-68-768x466.webp 768w, https:\/\/esreviral.com\/wp-content\/uploads\/2024\/04\/AnyConv.com__unnamed-68-750x456.webp 750w, https:\/\/esreviral.com\/wp-content\/uploads\/2024\/04\/AnyConv.com__unnamed-68.webp 1080w\" sizes=\"(max-width: 1024px) 100vw, 1024px\" \/><\/figure>\n\n\n\n<p class=\"has-text-align-right\"><strong><em>Prensa El Sistema.-<\/em><\/strong><\/p>\n","protected":false},"excerpt":{"rendered":"<p>La Sim\u00f3n Bol\u00edvar Big Band Jazz, la Orquesta de C\u00e1mara Sim\u00f3n Bol\u00edvar y la Orquesta Sinf\u00f3nica Juan Jos\u00e9 Landaeta ofrecer\u00e1n conciertos de gran nivel este 11, 12 y 14 de abril, en las salas del Centro Nacional de Acci\u00f3n Social por la M\u00fasica <\/p>\n","protected":false},"author":3,"featured_media":51780,"comment_status":"open","ping_status":"open","sticky":false,"template":"","format":"standard","meta":{"jnews-multi-image_gallery":[],"jnews_single_post":{"subtitle":"","format":"standard","video":"","gallery":"","source_name":"","source_url":"","via_name":"","via_url":"","override_template":"0","override":[{"template":"4","single_blog_custom":"","parallax":"1","fullscreen":"1","layout":"right-sidebar","sidebar":"default-sidebar","second_sidebar":"default-sidebar","sticky_sidebar":"1","share_position":"top","share_float_style":"share-monocrhome","show_share_counter":"1","show_view_counter":"1","show_featured":"1","show_post_meta":"1","show_post_author":"1","show_post_author_image":"1","show_post_date":"1","post_date_format":"default","post_date_format_custom":"Y\/m\/d","show_post_category":"1","show_post_reading_time":"1","post_reading_time_wpm":"300","show_zoom_button":"1","zoom_button_out_step":"2","zoom_button_in_step":"3","show_post_tag":"1","show_prev_next_post":"1","show_popup_post":"1","number_popup_post":"1","show_author_box":"1","show_post_related":"1","show_inline_post_related":"0"}],"override_image_size":"0","image_override":[{"single_post_thumbnail_size":"crop-500","single_post_gallery_size":"crop-500"}],"trending_post":"0","trending_post_position":"meta","trending_post_label":"Trending","sponsored_post":"0","sponsored_post_label":"Sponsored by","sponsored_post_name":"","sponsored_post_url":"","sponsored_post_logo_enable":"0","sponsored_post_logo":"","sponsored_post_desc":"","disable_ad":"0"},"jnews_primary_category":{"id":"","hide":""},"jnews_social_meta":{"fb_title":"","fb_description":"","fb_image":"","twitter_title":"","twitter_description":"","twitter_image":""},"jnews_review":[],"enable_review":"0","type":"percentage","name":"","summary":"","brand":"","sku":"","good":[{"good_text":""}],"bad":[{"bad_text":""}],"score_override":"","override_value":"","rating":[{"rating_text":"","rating_number":"10"}],"price":[{"shop":"","price":"","link":"","icon":""}],"jnews_override_counter":{"override_view_counter":"0","view_counter_number":"0","override_share_counter":"0","share_counter_number":"0","override_like_counter":"0","like_counter_number":"0","override_dislike_counter":"0","dislike_counter_number":"0"},"jnews_post_split":{"enable_post_split":"0","post_split":[{"template":"1","tag":"h2","numbering":"asc","mode":"normal","first":"0","enable_toc":"0","toc_type":"normal"}]},"footnotes":""},"categories":[1142,66],"tags":[14533,5565,45,14532,12846,56],"class_list":["post-51779","post","type-post","status-publish","format-standard","has-post-thumbnail","hentry","category-musica","category-venezuela","tag-cnaspm","tag-el-sistema","tag-noticias","tag-obras-musicales","tag-sala-simon-bolivar","tag-venezuela"],"amp_enabled":true,"_links":{"self":[{"href":"https:\/\/esreviral.com\/index.php?rest_route=\/wp\/v2\/posts\/51779"}],"collection":[{"href":"https:\/\/esreviral.com\/index.php?rest_route=\/wp\/v2\/posts"}],"about":[{"href":"https:\/\/esreviral.com\/index.php?rest_route=\/wp\/v2\/types\/post"}],"author":[{"embeddable":true,"href":"https:\/\/esreviral.com\/index.php?rest_route=\/wp\/v2\/users\/3"}],"replies":[{"embeddable":true,"href":"https:\/\/esreviral.com\/index.php?rest_route=%2Fwp%2Fv2%2Fcomments&post=51779"}],"version-history":[{"count":0,"href":"https:\/\/esreviral.com\/index.php?rest_route=\/wp\/v2\/posts\/51779\/revisions"}],"wp:featuredmedia":[{"embeddable":true,"href":"https:\/\/esreviral.com\/index.php?rest_route=\/wp\/v2\/media\/51780"}],"wp:attachment":[{"href":"https:\/\/esreviral.com\/index.php?rest_route=%2Fwp%2Fv2%2Fmedia&parent=51779"}],"wp:term":[{"taxonomy":"category","embeddable":true,"href":"https:\/\/esreviral.com\/index.php?rest_route=%2Fwp%2Fv2%2Fcategories&post=51779"},{"taxonomy":"post_tag","embeddable":true,"href":"https:\/\/esreviral.com\/index.php?rest_route=%2Fwp%2Fv2%2Ftags&post=51779"}],"curies":[{"name":"wp","href":"https:\/\/api.w.org\/{rel}","templated":true}]}}