{"id":51759,"date":"2024-04-10T09:54:48","date_gmt":"2024-04-10T14:54:48","guid":{"rendered":"https:\/\/esreviral.com\/?p=51759"},"modified":"2024-04-10T11:40:37","modified_gmt":"2024-04-10T16:40:37","slug":"intervencion-de-la-infanteria-para-aliviar-el-caos-de-transito-en-la-9-de-julio","status":"publish","type":"post","link":"https:\/\/esreviral.com\/?p=51759","title":{"rendered":"Intervenci\u00f3n de la infanter\u00eda para aliviar el caos de tr\u00e1nsito en la 9 de Julio"},"content":{"rendered":"\n<p>La infanter\u00eda logr\u00f3\u00a0<strong>desalojar a los piqueteros<\/strong>\u00a0que cortaron desde temprano la Avenida 9 de Julio. Se trata de manifestantes de la Uni\u00f3n de los Trabajadores y Trabajadoras de la Econom\u00eda Popular (UTEP), que\u00a0<strong>reclamaban frente al ex Ministerio de Desarrollo Social<\/strong>\u00a0contra el recorte de alimentos y los despidos en el Estado.<\/p>\n\n\n\n<p>Cerca del mediod\u00eda, el avance de la infanter\u00eda ocasion\u00f3 que los manifestantes avanzaran por la 9 de Julio para liberar la zona. Las organizaciones sociales comenzaron a agredirlos con piedras y&nbsp;<strong>una polic\u00eda result\u00f3 herida.&nbsp;<\/strong>Por el momento,&nbsp;<strong>ocho<\/strong>&nbsp;<strong>personas fueron detenidas.<\/strong><\/p>\n\n\n\n<p><em><strong><a href=\"https:\/\/chat.whatsapp.com\/KWkTmakY3I05kNdd2oZl6d\">\u00daNETE A NUESTRO GRUPO DE WHATSAPP PARA ESTAR INFORMADO<\/a><\/strong><\/em><\/p>\n\n\n\n<p>El&nbsp;<strong>corte total se concentr\u00f3 en la intersecci\u00f3n de las calles Moreno y Lima.<\/strong>&nbsp;A\u00fan hay una importante aglomeraci\u00f3n de personas en la zona, pero un grupo de ellos planea trasladarse hacia las oficinas de ANSES para continuar el reclamo all\u00ed.<\/p>\n\n\n\n<p>Los manifestantes aguardaban en los alrededores del edificio a ser recibidos por la ministra de Capital Humano,&nbsp;<strong>Sandra Pettovello.<\/strong>&nbsp;Si bien se mantuvieron sobre las plazoletas durante las primeras horas de la ma\u00f1ana como hab\u00edan acordado con el Gobierno de la Ciudad,&nbsp;<strong>al no tener respuestas comenzaron a cortar la avenida.<\/strong><\/p>\n\n\n\n<figure class=\"wp-block-image size-large\"><img fetchpriority=\"high\" decoding=\"async\" width=\"1024\" height=\"684\" src=\"https:\/\/esreviral.com\/wp-content\/uploads\/2024\/04\/5NVBUZZOWVDZDBCUYSHXTUCZMI-1024x684.webp\" alt=\"\" class=\"wp-image-51763\" srcset=\"https:\/\/esreviral.com\/wp-content\/uploads\/2024\/04\/5NVBUZZOWVDZDBCUYSHXTUCZMI-1024x684.webp 1024w, https:\/\/esreviral.com\/wp-content\/uploads\/2024\/04\/5NVBUZZOWVDZDBCUYSHXTUCZMI-300x200.webp 300w, https:\/\/esreviral.com\/wp-content\/uploads\/2024\/04\/5NVBUZZOWVDZDBCUYSHXTUCZMI-768x513.webp 768w, https:\/\/esreviral.com\/wp-content\/uploads\/2024\/04\/5NVBUZZOWVDZDBCUYSHXTUCZMI-750x501.webp 750w, https:\/\/esreviral.com\/wp-content\/uploads\/2024\/04\/5NVBUZZOWVDZDBCUYSHXTUCZMI-1140x762.webp 1140w, https:\/\/esreviral.com\/wp-content\/uploads\/2024\/04\/5NVBUZZOWVDZDBCUYSHXTUCZMI.webp 1440w\" sizes=\"(max-width: 1024px) 100vw, 1024px\" \/><\/figure>\n\n\n\n<p>En la zona hay<strong>&nbsp;300 efectivos de gendarmer\u00eda,<\/strong>&nbsp;adem\u00e1s est\u00e1 trabajando el&nbsp;<strong>comando unificado&nbsp;<\/strong>y el minutos comienza el operativo de la Polic\u00eda Federal para despejar la avenida 9 de Julio frente al ex Ministerio de Desarrollo Social.<\/p>\n\n\n\n<p>En la zona hay un cami\u00f3n hidrante que la polic\u00eda utiliza para correr a los protestantes. Tambi\u00e9n se form\u00f3&nbsp;<strong>un cord\u00f3n policial que bloquea la avenida e impide el avance de la gente.<\/strong>&nbsp;Los manifestantes planean mantener el corte porque no tuvieron ninguna respuesta por parte de las autoridades.&nbsp;<strong>La Infanter\u00eda, por su parte, comenz\u00f3 a avanzar sobre la traza para liberar los carriles cortados.<\/strong><\/p>\n\n\n\n<p>Los colectivos no circulan por el Metrob\u00fas. La 9 de Julio permanece intransitable entre las calles Belgrano y Avenida de Mayo.<\/p>\n\n\n\n<p>Desde el Gobierno de la Ciudad informaron desde temprano que intensificaron el operativo con motos hidrantes y personal de Infanter\u00eda. Aclararon que los refuerzos no llegaron antes porque lo acordado era que Pettovello reciba a los manifestantes para evitar que bajen a la calle.<\/p>\n\n\n\n<p class=\"has-text-align-right\"><strong><em>TN.-<\/em><\/strong><\/p>\n","protected":false},"excerpt":{"rendered":"<p>Los manifestantes de la UTEP se encuentran frente al ex Ministerio de Desarrollo Social para protestar contra las medidas del Gobierno.<\/p>\n","protected":false},"author":3,"featured_media":51760,"comment_status":"open","ping_status":"open","sticky":false,"template":"","format":"standard","meta":{"jnews-multi-image_gallery":[],"jnews_single_post":{"subtitle":"","format":"standard","video":"","gallery":"","source_name":"","source_url":"","via_name":"","via_url":"","override_template":"0","override":[{"template":"4","single_blog_custom":"","parallax":"1","fullscreen":"1","layout":"right-sidebar","sidebar":"default-sidebar","second_sidebar":"default-sidebar","sticky_sidebar":"1","share_position":"top","share_float_style":"share-monocrhome","show_share_counter":"1","show_view_counter":"1","show_featured":"1","show_post_meta":"1","show_post_author":"1","show_post_author_image":"1","show_post_date":"1","post_date_format":"default","post_date_format_custom":"Y\/m\/d","show_post_category":"1","show_post_reading_time":"1","post_reading_time_wpm":"300","show_zoom_button":"1","zoom_button_out_step":"2","zoom_button_in_step":"3","show_post_tag":"1","show_prev_next_post":"1","show_popup_post":"1","number_popup_post":"1","show_author_box":"1","show_post_related":"1","show_inline_post_related":"0"}],"override_image_size":"0","image_override":[{"single_post_thumbnail_size":"crop-500","single_post_gallery_size":"crop-500"}],"trending_post":"0","trending_post_position":"meta","trending_post_label":"Trending","sponsored_post":"0","sponsored_post_label":"Sponsored by","sponsored_post_name":"","sponsored_post_url":"","sponsored_post_logo_enable":"0","sponsored_post_logo":"","sponsored_post_desc":"","disable_ad":"0"},"jnews_primary_category":{"id":"","hide":""},"jnews_social_meta":{"fb_title":"","fb_description":"","fb_image":"","twitter_title":"","twitter_description":"","twitter_image":""},"jnews_review":[],"enable_review":"0","type":"percentage","name":"","summary":"","brand":"","sku":"","good":[{"good_text":""}],"bad":[{"bad_text":""}],"score_override":"","override_value":"","rating":[{"rating_text":"","rating_number":"10"}],"price":[{"shop":"","price":"","link":"","icon":""}],"jnews_override_counter":{"override_view_counter":"0","view_counter_number":"0","override_share_counter":"0","share_counter_number":"0","override_like_counter":"0","like_counter_number":"0","override_dislike_counter":"0","dislike_counter_number":"0"},"jnews_post_split":{"enable_post_split":"0","post_split":[{"template":"1","tag":"h2","numbering":"asc","mode":"normal","first":"0","enable_toc":"0","toc_type":"normal"}]},"footnotes":""},"categories":[58,59],"tags":[44,2652,14531,2674,102,14530,45,1746],"class_list":["post-51759","post","type-post","status-publish","format-standard","has-post-thumbnail","hentry","category-argentina","category-politica","tag-argentina","tag-calles","tag-corte","tag-manifestantes","tag-marcha","tag-marcha-en-la-9-de-julio","tag-noticias","tag-transito-2"],"amp_enabled":true,"_links":{"self":[{"href":"https:\/\/esreviral.com\/index.php?rest_route=\/wp\/v2\/posts\/51759"}],"collection":[{"href":"https:\/\/esreviral.com\/index.php?rest_route=\/wp\/v2\/posts"}],"about":[{"href":"https:\/\/esreviral.com\/index.php?rest_route=\/wp\/v2\/types\/post"}],"author":[{"embeddable":true,"href":"https:\/\/esreviral.com\/index.php?rest_route=\/wp\/v2\/users\/3"}],"replies":[{"embeddable":true,"href":"https:\/\/esreviral.com\/index.php?rest_route=%2Fwp%2Fv2%2Fcomments&post=51759"}],"version-history":[{"count":0,"href":"https:\/\/esreviral.com\/index.php?rest_route=\/wp\/v2\/posts\/51759\/revisions"}],"wp:featuredmedia":[{"embeddable":true,"href":"https:\/\/esreviral.com\/index.php?rest_route=\/wp\/v2\/media\/51760"}],"wp:attachment":[{"href":"https:\/\/esreviral.com\/index.php?rest_route=%2Fwp%2Fv2%2Fmedia&parent=51759"}],"wp:term":[{"taxonomy":"category","embeddable":true,"href":"https:\/\/esreviral.com\/index.php?rest_route=%2Fwp%2Fv2%2Fcategories&post=51759"},{"taxonomy":"post_tag","embeddable":true,"href":"https:\/\/esreviral.com\/index.php?rest_route=%2Fwp%2Fv2%2Ftags&post=51759"}],"curies":[{"name":"wp","href":"https:\/\/api.w.org\/{rel}","templated":true}]}}