{"id":51755,"date":"2024-04-10T09:28:07","date_gmt":"2024-04-10T14:28:07","guid":{"rendered":"https:\/\/esreviral.com\/?p=51755"},"modified":"2024-04-10T09:28:08","modified_gmt":"2024-04-10T14:28:08","slug":"en-un-intento-de-robo-delincuentes-mataron-a-un-abogado-delante-de-su-hijo","status":"publish","type":"post","link":"https:\/\/esreviral.com\/?p=51755","title":{"rendered":"En un intento de robo, delincuentes mataron a un abogado delante de su hijo"},"content":{"rendered":"\n<p><strong>Gustavo Fern\u00e1ndez ten\u00eda 45 a\u00f1os de edad y era abogado<\/strong>. Anteanoche, cuando cerraba el port\u00f3n de su casa de Monte Grande, en Esteban Echeverr\u00eda,\u00a0<strong>fue interceptado por dos delincuentes que intentaron robarle. \u00c9l se resisti\u00f3 y forceje\u00f3 con uno de los<\/strong> <strong>malhechores<\/strong>. Le dispararon a sangre fr\u00eda delante de su hijo de cinco a\u00f1os y, como la ambulancia tard\u00f3 demasiado, fue trasladado por sus vecinos a un hospital, donde muri\u00f3. Por el homicidio,\u00a0<strong>la polic\u00eda bonaerense detuvo a dos sospechosos de 16 y 17 a\u00f1os por su presunta participaci\u00f3n en el crimen.<\/strong><\/p>\n\n\n\n<p>As\u00ed lo informaron al medio informativo de <em>La Naci\u00f3n<\/em>\u00a0fuentes policiales. En el allanamiento donde fueron detenidos los dos sospechosos,<strong>\u00a0los detectives policiales secuestraron una pistola nueve mil\u00edmetros con cartucho en la rec\u00e1mara y tres proyectiles en el cargador<\/strong>, que podr\u00eda haber sido el arma utilizada en el homicidio.<\/p>\n\n\n\n<figure class=\"wp-block-image size-large\"><img fetchpriority=\"high\" decoding=\"async\" width=\"685\" height=\"1024\" src=\"https:\/\/esreviral.com\/wp-content\/uploads\/2024\/04\/la-moto-secuestrada-por-la-policia-bonaerense-y-575RTEMWVBDUVPQ6YTOZNP2VXE-685x1024.webp\" alt=\"\" class=\"wp-image-51756\" srcset=\"https:\/\/esreviral.com\/wp-content\/uploads\/2024\/04\/la-moto-secuestrada-por-la-policia-bonaerense-y-575RTEMWVBDUVPQ6YTOZNP2VXE-685x1024.webp 685w, https:\/\/esreviral.com\/wp-content\/uploads\/2024\/04\/la-moto-secuestrada-por-la-policia-bonaerense-y-575RTEMWVBDUVPQ6YTOZNP2VXE-201x300.webp 201w, https:\/\/esreviral.com\/wp-content\/uploads\/2024\/04\/la-moto-secuestrada-por-la-policia-bonaerense-y-575RTEMWVBDUVPQ6YTOZNP2VXE-768x1148.webp 768w, https:\/\/esreviral.com\/wp-content\/uploads\/2024\/04\/la-moto-secuestrada-por-la-policia-bonaerense-y-575RTEMWVBDUVPQ6YTOZNP2VXE-750x1121.webp 750w, https:\/\/esreviral.com\/wp-content\/uploads\/2024\/04\/la-moto-secuestrada-por-la-policia-bonaerense-y-575RTEMWVBDUVPQ6YTOZNP2VXE.webp 780w\" sizes=\"(max-width: 685px) 100vw, 685px\" \/><\/figure>\n\n\n\n<p>Todo sucedi\u00f3 anteanoche, cerca de las 20, en Origone entre Liniers y Reconquista, cuando Fern\u00e1ndez cerraba el port\u00f3n con rejas de su casa.<\/p>\n\n\n\n<p>Pedro, un vecino que fue testigo del ataque, le cont\u00f3 a la polic\u00eda que como escuch\u00f3 ruidos se asom\u00f3 por una de las ventanas y observo c\u00f3mo un ladr\u00f3n hac\u00eda fuerza para ingresar en la casa de Fern\u00e1ndez, quien hac\u00eda fuerza contra la reja.<\/p>\n\n\n\n<p>\u201cEl delincuente, al no poder ingresar, sac\u00f3 un arma y efectu\u00f3 un disparo para despu\u00e9s salir corriendo y subirse a una moto negra y naranja conducida por un c\u00f3mplice\u201d, dijo, palabras m\u00e1s, palabras menos, el testigo ante personal policial.<\/p>\n\n\n\n<p>La moto, a toda velocidad, se fue de la escena del ataque por Origone en sentido a la calle Reconquista. Pedro sali\u00f3 a la vereda y se encontr\u00f3 con Fern\u00e1ndez, malherido, que era asistido por otros vecinos.<\/p>\n\n\n\n<p>\u201cComo la ambulancia demoraba, la v\u00edctima fue trasladada al Hospital Municipal Santamarina en el auto de un vecino. Seg\u00fan los testigos, a simple vista, ten\u00eda una herida de arma de fuego a la altura del gl\u00fateo derecho\u201d, informaron fuentes policiales.<\/p>\n\n\n\n<p><em><strong><a href=\"https:\/\/chat.whatsapp.com\/KWkTmakY3I05kNdd2oZl6d\">\u00daNETE A NUESTRO GRUPO DE WHATSAPP PARA ESTAR INFORMADO<\/a><\/strong><\/em><\/p>\n\n\n\n<p><em><strong>Noticia en desarrollo<\/strong><\/em><\/p>\n\n\n\n<p class=\"has-text-align-right\"><em><strong>LA NACION.-<\/strong><\/em><\/p>\n","protected":false},"excerpt":{"rendered":"<p>La v\u00edctima, Gustavo Fern\u00e1ndez, fue interceptada por los delincuentes cuando llegaba a su casa de Monte Grande, en el partido de Esteban Echeverr\u00eda; la polic\u00eda bonaerense detuvo a dos adolescentes<\/p>\n","protected":false},"author":3,"featured_media":51757,"comment_status":"open","ping_status":"open","sticky":false,"template":"","format":"standard","meta":{"jnews-multi-image_gallery":[],"jnews_single_post":{"subtitle":"","format":"standard","video":"","gallery":"","source_name":"","source_url":"","via_name":"","via_url":"","override_template":"0","override":[{"template":"4","single_blog_custom":"","parallax":"1","fullscreen":"1","layout":"right-sidebar","sidebar":"default-sidebar","second_sidebar":"default-sidebar","sticky_sidebar":"1","share_position":"top","share_float_style":"share-monocrhome","show_share_counter":"1","show_view_counter":"1","show_featured":"1","show_post_meta":"1","show_post_author":"1","show_post_author_image":"1","show_post_date":"1","post_date_format":"default","post_date_format_custom":"Y\/m\/d","show_post_category":"1","show_post_reading_time":"1","post_reading_time_wpm":"300","show_zoom_button":"1","zoom_button_out_step":"2","zoom_button_in_step":"3","show_post_tag":"1","show_prev_next_post":"1","show_popup_post":"1","number_popup_post":"1","show_author_box":"1","show_post_related":"1","show_inline_post_related":"0"}],"override_image_size":"0","image_override":[{"single_post_thumbnail_size":"crop-500","single_post_gallery_size":"crop-500"}],"trending_post":"0","trending_post_position":"meta","trending_post_label":"Trending","sponsored_post":"0","sponsored_post_label":"Sponsored by","sponsored_post_name":"","sponsored_post_url":"","sponsored_post_logo_enable":"0","sponsored_post_logo":"","sponsored_post_desc":"","disable_ad":"0"},"jnews_primary_category":{"id":"","hide":""},"jnews_social_meta":{"fb_title":"","fb_description":"","fb_image":"","twitter_title":"","twitter_description":"","twitter_image":""},"jnews_review":[],"enable_review":"0","type":"percentage","name":"","summary":"","brand":"","sku":"","good":[{"good_text":""}],"bad":[{"bad_text":""}],"score_override":"","override_value":"","rating":[{"rating_text":"","rating_number":"10"}],"price":[{"shop":"","price":"","link":"","icon":""}],"jnews_override_counter":{"override_view_counter":"0","view_counter_number":"0","override_share_counter":"0","share_counter_number":"0","override_like_counter":"0","like_counter_number":"0","override_dislike_counter":"0","dislike_counter_number":"0"},"jnews_post_split":{"enable_post_split":"0","post_split":[{"template":"1","tag":"h2","numbering":"asc","mode":"normal","first":"0","enable_toc":"0","toc_type":"normal"}]},"footnotes":""},"categories":[58,64],"tags":[573,44,2241,14529,282,5240,45],"class_list":["post-51755","post","type-post","status-publish","format-standard","has-post-thumbnail","hentry","category-argentina","category-sucesos","tag-abogado","tag-argentina","tag-delincuentes","tag-gustavo-fernandez","tag-homicidio","tag-motochorros","tag-noticias"],"amp_enabled":true,"_links":{"self":[{"href":"https:\/\/esreviral.com\/index.php?rest_route=\/wp\/v2\/posts\/51755"}],"collection":[{"href":"https:\/\/esreviral.com\/index.php?rest_route=\/wp\/v2\/posts"}],"about":[{"href":"https:\/\/esreviral.com\/index.php?rest_route=\/wp\/v2\/types\/post"}],"author":[{"embeddable":true,"href":"https:\/\/esreviral.com\/index.php?rest_route=\/wp\/v2\/users\/3"}],"replies":[{"embeddable":true,"href":"https:\/\/esreviral.com\/index.php?rest_route=%2Fwp%2Fv2%2Fcomments&post=51755"}],"version-history":[{"count":0,"href":"https:\/\/esreviral.com\/index.php?rest_route=\/wp\/v2\/posts\/51755\/revisions"}],"wp:featuredmedia":[{"embeddable":true,"href":"https:\/\/esreviral.com\/index.php?rest_route=\/wp\/v2\/media\/51757"}],"wp:attachment":[{"href":"https:\/\/esreviral.com\/index.php?rest_route=%2Fwp%2Fv2%2Fmedia&parent=51755"}],"wp:term":[{"taxonomy":"category","embeddable":true,"href":"https:\/\/esreviral.com\/index.php?rest_route=%2Fwp%2Fv2%2Fcategories&post=51755"},{"taxonomy":"post_tag","embeddable":true,"href":"https:\/\/esreviral.com\/index.php?rest_route=%2Fwp%2Fv2%2Ftags&post=51755"}],"curies":[{"name":"wp","href":"https:\/\/api.w.org\/{rel}","templated":true}]}}