{"id":51590,"date":"2024-04-06T10:32:27","date_gmt":"2024-04-06T15:32:27","guid":{"rendered":"https:\/\/esreviral.com\/?p=51590"},"modified":"2024-04-06T10:32:27","modified_gmt":"2024-04-06T15:32:27","slug":"cuatro-presuntos-miembros-del-tren-de-aragua-detenidos-en-bolivia","status":"publish","type":"post","link":"https:\/\/esreviral.com\/?p=51590","title":{"rendered":"Cuatro presuntos miembros del Tren de Aragua detenidos en Bolivia"},"content":{"rendered":"\n<p>La Polic\u00eda Boliviana detuvo este viernes en el oeste del pa\u00eds a cuatro venezolanos, incluido un menor de 16 a\u00f1os de a\u00f1os, que aseguraron pertenecer a la organizaci\u00f3n criminal Tren de Aragua. Los procesar\u00e1n por el delito de terrorismo al haberles hallado armas y municiones \u00abde guerra\u00bb, seg\u00fan las autoridades.<\/p>\n\n\n\n<p>El ministro de gobierno (Interior), Eduardo del Castillo, present\u00f3 ante los medios en La Paz a tres de los arrestados cuyas edades oscilan entre los 22 y 30 a\u00f1os, mientras que la identidad del menor deben corroborarla.<\/p>\n\n\n\n<p>Seg\u00fan el ministro, cuando detuvieron a los hombres \u00abse atrevieron a amenazar a la Polic\u00eda Boliviana manifestando que no sab\u00edan con qui\u00e9nes se met\u00edan, que ellos formaban parte del Tren de Aragua\u00bb.<\/p>\n\n\n\n<p>La autoridad explic\u00f3 que recibieron \u00abinformes de inteligencia\u00bb de pa\u00edses de la regi\u00f3n que alertaron sobre el ingreso a Bolivia esta semana de presuntos integrantes del Tren de Aragua.<\/p>\n\n\n\n<p><strong><mark style=\"background-color:rgba(0, 0, 0, 0)\" class=\"has-inline-color has-vivid-red-color\">Cuatro presuntos miembros del Tren de Aragua detenidos en Bolivia<\/mark><\/strong><\/p>\n\n\n\n<p>A partir de esta informaci\u00f3n, la Polic\u00eda Boliviana se moviliz\u00f3 y esta madrugada detuvo a los tres hombres y al adolescente en una operaci\u00f3n en la ciudad andina de Oruro.<\/p>\n\n\n\n<p>Ninguno de los detenidos ingres\u00f3 al pa\u00eds por un paso migratorio autorizado, seg\u00fan Del Castillo.<\/p>\n\n\n\n<p>Los cuatro fueron trasladados posteriormente a La Paz \u00abpor cuestiones de seguridad interna\u00bb y ser\u00e1n procesados en la sede del gobierno boliviano por terrorismo y otros delitos como porte de armas, narcotr\u00e1fico, trata de personas y tr\u00e1fico de migrantes, precis\u00f3.<\/p>\n\n\n\n<p><strong><mark style=\"background-color:rgba(0, 0, 0, 0)\" class=\"has-inline-color has-vivid-red-color\">\u00bfQu\u00e9 le encontraron a los venezolanos?<\/mark><\/strong><\/p>\n\n\n\n<p>La Polic\u00eda de Bolivia les decomis\u00f3 dos chalecos antibalas, seis \u00abgranadas de guerra\u00bb, nueve cajas de munici\u00f3n de distintos calibres y dos \u00absubametralladoras\u00bb, entre otros, adem\u00e1s de unas pastillas que se confirmar\u00e1 mediante pruebas de campo si son drogas sint\u00e9ticas, indic\u00f3.<\/p>\n\n\n\n<p>El ministro sostuvo que las investigaciones contin\u00faan para determinar si hay m\u00e1s miembros del Tren de Aragua en territorio boliviano.<\/p>\n\n\n\n<p>Los detenidos deber\u00e1n comparecer ante un juez cautelar y el gobierno boliviano espera que sean encarcelados preventivamente.<\/p>\n\n\n\n<p>El Tren de Aragua es una organizaci\u00f3n criminal transnacional originaria de Venezuela, considerada la banda m\u00e1s poderosa del pa\u00eds, y ejecuta asesinatos, extorsiones, secuestros, tr\u00e1fico y trata de personas, entre otros delitos.<\/p>\n\n\n\n<p>Se considera que tuvo su g\u00e9nesis en el sindicato de obreros que trabajaban en la construcci\u00f3n del tramo del Ferrocarril de Venezuela que recorr\u00eda los estados de Aragua y Carabobo.<\/p>\n\n\n\n<p>Tras el inicio del proyecto en 2005, el sindicato cobraba por la asignaci\u00f3n de puestos de trabajo y extorsionaba a los contratistas.<\/p>\n\n\n\n<p>Luego fue ampliando sus actividades il\u00edcitas y cuando la construcci\u00f3n se paraliz\u00f3 en 2011, ya actuaba como una banda criminal.<\/p>\n\n\n\n<p>La organizaci\u00f3n se consolid\u00f3 en 2013, cuando&nbsp;H\u00e9ctor Rustherford Guerrero Flores, alias Ni\u00f1o Guerrero,&nbsp;fue encarcelado en la c\u00e1rcel de Tocor\u00f3n y estableci\u00f3 alianzas con miembros del sindicato.<\/p>\n\n\n\n<p>Desde 2018, el grupo se expandi\u00f3 r\u00e1pidamente por el continente americano a lo largo de la ruta que recorren los migrantes venezolanos y se sabe que opera en ciudades de Colombia, Per\u00fa, Chile y otros pa\u00edses.<\/p>\n\n\n\n<p class=\"has-text-align-right\"><strong><em>ElNacional.-<\/em><\/strong><\/p>\n","protected":false},"excerpt":{"rendered":"<p>La Polic\u00eda les decomis\u00f3 dos chalecos antibalas, seis \u00abgranadas de guerra\u00bb, nueve cajas de munici\u00f3n de distintos calibres y dos \u00absubametralladoras\u00bb, entre otros, adem\u00e1s de unas pastillas que se confirmar\u00e1 mediante pruebas de campo si son drogas sint\u00e9ticas<\/p>\n","protected":false},"author":3,"featured_media":51592,"comment_status":"open","ping_status":"open","sticky":false,"template":"","format":"standard","meta":{"jnews-multi-image_gallery":[],"jnews_single_post":{"subtitle":"","format":"standard","video":"","gallery":"","source_name":"","source_url":"","via_name":"","via_url":"","override_template":"0","override":[{"template":"4","single_blog_custom":"","parallax":"1","fullscreen":"1","layout":"right-sidebar","sidebar":"default-sidebar","second_sidebar":"default-sidebar","sticky_sidebar":"1","share_position":"top","share_float_style":"share-monocrhome","show_share_counter":"1","show_view_counter":"1","show_featured":"1","show_post_meta":"1","show_post_author":"1","show_post_author_image":"1","show_post_date":"1","post_date_format":"default","post_date_format_custom":"Y\/m\/d","show_post_category":"1","show_post_reading_time":"1","post_reading_time_wpm":"300","show_zoom_button":"1","zoom_button_out_step":"2","zoom_button_in_step":"3","show_post_tag":"1","show_prev_next_post":"1","show_popup_post":"1","number_popup_post":"1","show_author_box":"1","show_post_related":"1","show_inline_post_related":"0"}],"override_image_size":"0","image_override":[{"single_post_thumbnail_size":"crop-500","single_post_gallery_size":"crop-500"}],"trending_post":"0","trending_post_position":"meta","trending_post_label":"Trending","sponsored_post":"0","sponsored_post_label":"Sponsored by","sponsored_post_name":"","sponsored_post_url":"","sponsored_post_logo_enable":"0","sponsored_post_logo":"","sponsored_post_desc":"","disable_ad":"0"},"jnews_primary_category":{"id":"","hide":""},"jnews_social_meta":{"fb_title":"","fb_description":"","fb_image":"","twitter_title":"","twitter_description":"","twitter_image":""},"jnews_review":[],"enable_review":"0","type":"percentage","name":"","summary":"","brand":"","sku":"","good":[{"good_text":""}],"bad":[{"bad_text":""}],"score_override":"","override_value":"","rating":[{"rating_text":"","rating_number":"10"}],"price":[{"shop":"","price":"","link":"","icon":""}],"jnews_override_counter":{"override_view_counter":"0","view_counter_number":"0","override_share_counter":"0","share_counter_number":"0","override_like_counter":"0","like_counter_number":"0","override_dislike_counter":"0","dislike_counter_number":"0"},"jnews_post_split":{"enable_post_split":"0","post_split":[{"template":"1","tag":"h2","numbering":"asc","mode":"normal","first":"0","enable_toc":"0","toc_type":"normal"}]},"footnotes":""},"categories":[88,64],"tags":[109,14472,45,14471,2638],"class_list":["post-51590","post","type-post","status-publish","format-standard","has-post-thumbnail","hentry","category-internacionales","category-sucesos","tag-bolivia","tag-miembros-del-tren-de-aragua","tag-noticias","tag-policia-boliviana","tag-tren-de-aragua"],"_links":{"self":[{"href":"https:\/\/esreviral.com\/index.php?rest_route=\/wp\/v2\/posts\/51590","targetHints":{"allow":["GET"]}}],"collection":[{"href":"https:\/\/esreviral.com\/index.php?rest_route=\/wp\/v2\/posts"}],"about":[{"href":"https:\/\/esreviral.com\/index.php?rest_route=\/wp\/v2\/types\/post"}],"author":[{"embeddable":true,"href":"https:\/\/esreviral.com\/index.php?rest_route=\/wp\/v2\/users\/3"}],"replies":[{"embeddable":true,"href":"https:\/\/esreviral.com\/index.php?rest_route=%2Fwp%2Fv2%2Fcomments&post=51590"}],"version-history":[{"count":0,"href":"https:\/\/esreviral.com\/index.php?rest_route=\/wp\/v2\/posts\/51590\/revisions"}],"wp:featuredmedia":[{"embeddable":true,"href":"https:\/\/esreviral.com\/index.php?rest_route=\/wp\/v2\/media\/51592"}],"wp:attachment":[{"href":"https:\/\/esreviral.com\/index.php?rest_route=%2Fwp%2Fv2%2Fmedia&parent=51590"}],"wp:term":[{"taxonomy":"category","embeddable":true,"href":"https:\/\/esreviral.com\/index.php?rest_route=%2Fwp%2Fv2%2Fcategories&post=51590"},{"taxonomy":"post_tag","embeddable":true,"href":"https:\/\/esreviral.com\/index.php?rest_route=%2Fwp%2Fv2%2Ftags&post=51590"}],"curies":[{"name":"wp","href":"https:\/\/api.w.org\/{rel}","templated":true}]}}