{"id":51519,"date":"2024-04-04T14:36:51","date_gmt":"2024-04-04T19:36:51","guid":{"rendered":"https:\/\/esreviral.com\/?p=51519"},"modified":"2024-04-04T14:36:52","modified_gmt":"2024-04-04T19:36:52","slug":"hombre-en-venezuela-fue-condenado-a-25-anos-de-prision-por-abusar-de-su-hija","status":"publish","type":"post","link":"https:\/\/esreviral.com\/?p=51519","title":{"rendered":"Hombre en Venezuela fue condenado a 25 a\u00f1os de prisi\u00f3n por abusar de su hija"},"content":{"rendered":"\n<p>Un hombre del\u00a0estado\u00a0<strong>Bol\u00edvar,<\/strong> en Venezuela identificado como Jes\u00fas Alberto Silveira, de 38 a\u00f1os de edad, fue condenado a<strong> cumplir 25 a\u00f1os de prisi\u00f3n por abusar sexualmente de su hija de 17 a\u00f1os de edad.<\/strong><\/p>\n\n\n\n<p>Silveira fue detenido la noche del 19 de abril de 2023 en la poblaci\u00f3n de Caicara del Orinoco, estado Bol\u00edvar, luego de que la v\u00edctima denunci\u00f3 el abuso ante funcionarios de la Polic\u00eda estatal.<\/p>\n\n\n\n<p>La joven dijo a las autoridades que su padre abusaba sexualmente de ella desde que ten\u00eda 15 a\u00f1os de edad, lo que llev\u00f3 a la polic\u00eda a conformar una comisi\u00f3n para detener a Silveira en las adyacencias del lugar.<\/p>\n\n\n\n<p>Tras labores de investigaci\u00f3n coordinadas por el Ministerio P\u00fablico, las autoridades descubrieron que el agresor entraba al cuarto de la adolescente por las noches y abusaba sexualmente de ella.<\/p>\n\n\n\n<p>Durante el juicio, representantes de la Fiscal\u00eda 10\u00aa de Ciudad Bol\u00edvar ratificaron la acusaci\u00f3n contra Silveira por la comisi\u00f3n de violencia sexual en grado de continuidad, de acuerdo con una\u00a0nota de prensa\u00a0publicada en la p\u00e1gina web del Ministerio P\u00fablico.<\/p>\n\n\n\n<p>Una vez evacuados los elementos de prueba por parte de la representaci\u00f3n fiscal, el Tribunal 3\u00ba de Juicio en la jurisdicci\u00f3n dict\u00f3 la referida condena contra el acusado.<\/p>\n\n\n\n<p>Silveira seguir\u00e1 recluido en la sede de la Polic\u00eda regional en Guaiparo, ubicada en San F\u00e9lix.<\/p>\n\n\n\n<p class=\"has-text-align-right\"><strong><em>ElNacional.-<\/em><\/strong><\/p>\n","protected":false},"excerpt":{"rendered":"<p>La joven dijo a las autoridades que su padre abusaba sexualmente de ella desde que ten\u00eda 15 a\u00f1os de edad, lo que llev\u00f3 a la polic\u00eda a conformar una comisi\u00f3n para detenerlo<\/p>\n","protected":false},"author":3,"featured_media":51520,"comment_status":"open","ping_status":"open","sticky":false,"template":"","format":"standard","meta":{"jnews-multi-image_gallery":[],"jnews_single_post":{"subtitle":"","format":"standard","video":"","gallery":"","source_name":"","source_url":"","via_name":"","via_url":"","override_template":"0","override":[{"template":"4","single_blog_custom":"","parallax":"1","fullscreen":"1","layout":"right-sidebar","sidebar":"default-sidebar","second_sidebar":"default-sidebar","sticky_sidebar":"1","share_position":"top","share_float_style":"share-monocrhome","show_share_counter":"1","show_view_counter":"1","show_featured":"1","show_post_meta":"1","show_post_author":"1","show_post_author_image":"1","show_post_date":"1","post_date_format":"default","post_date_format_custom":"Y\/m\/d","show_post_category":"1","show_post_reading_time":"1","post_reading_time_wpm":"300","show_zoom_button":"1","zoom_button_out_step":"2","zoom_button_in_step":"3","show_post_tag":"1","show_prev_next_post":"1","show_popup_post":"1","number_popup_post":"1","show_author_box":"1","show_post_related":"1","show_inline_post_related":"0"}],"override_image_size":"0","image_override":[{"single_post_thumbnail_size":"crop-500","single_post_gallery_size":"crop-500"}],"trending_post":"0","trending_post_position":"meta","trending_post_label":"Trending","sponsored_post":"0","sponsored_post_label":"Sponsored by","sponsored_post_name":"","sponsored_post_url":"","sponsored_post_logo_enable":"0","sponsored_post_logo":"","sponsored_post_desc":"","disable_ad":"0"},"jnews_primary_category":{"id":"","hide":""},"jnews_social_meta":{"fb_title":"","fb_description":"","fb_image":"","twitter_title":"","twitter_description":"","twitter_image":""},"jnews_review":[],"enable_review":"0","type":"percentage","name":"","summary":"","brand":"","sku":"","good":[{"good_text":""}],"bad":[{"bad_text":""}],"score_override":"","override_value":"","rating":[{"rating_text":"","rating_number":"10"}],"price":[{"shop":"","price":"","link":"","icon":""}],"jnews_override_counter":{"override_view_counter":"0","view_counter_number":"0","override_share_counter":"0","share_counter_number":"0","override_like_counter":"0","like_counter_number":"0","override_dislike_counter":"0","dislike_counter_number":"0"},"jnews_post_split":{"enable_post_split":"0","post_split":[{"template":"1","tag":"h2","numbering":"asc","mode":"normal","first":"0","enable_toc":"0","toc_type":"normal"}]},"footnotes":""},"categories":[64,66],"tags":[2222,398,1035,45,2945,56],"class_list":["post-51519","post","type-post","status-publish","format-standard","has-post-thumbnail","hentry","category-sucesos","category-venezuela","tag-abuso-de-menores","tag-abuso-sexual","tag-bolivar","tag-noticias","tag-prision","tag-venezuela"],"_links":{"self":[{"href":"https:\/\/esreviral.com\/index.php?rest_route=\/wp\/v2\/posts\/51519","targetHints":{"allow":["GET"]}}],"collection":[{"href":"https:\/\/esreviral.com\/index.php?rest_route=\/wp\/v2\/posts"}],"about":[{"href":"https:\/\/esreviral.com\/index.php?rest_route=\/wp\/v2\/types\/post"}],"author":[{"embeddable":true,"href":"https:\/\/esreviral.com\/index.php?rest_route=\/wp\/v2\/users\/3"}],"replies":[{"embeddable":true,"href":"https:\/\/esreviral.com\/index.php?rest_route=%2Fwp%2Fv2%2Fcomments&post=51519"}],"version-history":[{"count":0,"href":"https:\/\/esreviral.com\/index.php?rest_route=\/wp\/v2\/posts\/51519\/revisions"}],"wp:featuredmedia":[{"embeddable":true,"href":"https:\/\/esreviral.com\/index.php?rest_route=\/wp\/v2\/media\/51520"}],"wp:attachment":[{"href":"https:\/\/esreviral.com\/index.php?rest_route=%2Fwp%2Fv2%2Fmedia&parent=51519"}],"wp:term":[{"taxonomy":"category","embeddable":true,"href":"https:\/\/esreviral.com\/index.php?rest_route=%2Fwp%2Fv2%2Fcategories&post=51519"},{"taxonomy":"post_tag","embeddable":true,"href":"https:\/\/esreviral.com\/index.php?rest_route=%2Fwp%2Fv2%2Ftags&post=51519"}],"curies":[{"name":"wp","href":"https:\/\/api.w.org\/{rel}","templated":true}]}}