{"id":51321,"date":"2024-03-30T18:49:52","date_gmt":"2024-03-30T23:49:52","guid":{"rendered":"https:\/\/esreviral.com\/?p=51321"},"modified":"2024-03-30T18:49:53","modified_gmt":"2024-03-30T23:49:53","slug":"muere-un-actor-del-mundo-oculto-de-sabrina","status":"publish","type":"post","link":"https:\/\/esreviral.com\/?p=51321","title":{"rendered":"Muere un actor del mundo oculto\u00a0de Sabrina"},"content":{"rendered":"\n<p><strong>Chance Perdomo<\/strong>, actor de series como<em>\u00a0Gen V<\/em>\u00a0y<em>\u00a0El mundo oculto de Sabrina<\/em>, muri\u00f3 a los 27 a\u00f1os de edad tras sufrir un accidente en su moto. La noticia fue confirmada por el representante del artista al medio estadounidense\u00a0<em>Variety<\/em>.<\/p>\n\n\n\n<p>\u201cCon gran pesar compartimos la noticia del prematuro fallecimiento de Chance Perdomo<strong>\u00a0como resultado de un accidente de motocicleta<\/strong>. Las autoridades han informado que<strong>\u00a0no hubo otras personas involucradas<\/strong>\u201d, dice el comunicado compartido por ese medio.<\/p>\n\n\n\n<p>Adem\u00e1s, el documento destac\u00f3 el gran talento de Chance: \u201d<strong>Su pasi\u00f3n por las artes y su insaciable apetito por la vida<\/strong>\u00a0fueron sentidos por todos los que lo conocieron, y su calidez transmitir\u00e1 a quienes m\u00e1s amaba. Pedimos que se respete el deseo de privacidad de la familia mientras lloran la p\u00e9rdida de su querido hijo y hermano\u201d.<\/p>\n\n\n\n<figure class=\"wp-block-image size-large\"><img fetchpriority=\"high\" decoding=\"async\" width=\"1024\" height=\"576\" src=\"https:\/\/esreviral.com\/wp-content\/uploads\/2024\/03\/ChancePerdomo-1024x576.webp\" alt=\"\" class=\"wp-image-51324\" srcset=\"https:\/\/esreviral.com\/wp-content\/uploads\/2024\/03\/ChancePerdomo-1024x576.webp 1024w, https:\/\/esreviral.com\/wp-content\/uploads\/2024\/03\/ChancePerdomo-300x169.webp 300w, https:\/\/esreviral.com\/wp-content\/uploads\/2024\/03\/ChancePerdomo-768x432.webp 768w, https:\/\/esreviral.com\/wp-content\/uploads\/2024\/03\/ChancePerdomo-750x422.webp 750w, https:\/\/esreviral.com\/wp-content\/uploads\/2024\/03\/ChancePerdomo-1140x641.webp 1140w, https:\/\/esreviral.com\/wp-content\/uploads\/2024\/03\/ChancePerdomo.webp 1280w\" sizes=\"(max-width: 1024px) 100vw, 1024px\" \/><\/figure>\n\n\n\n<p><strong><mark style=\"background-color:rgba(0, 0, 0, 0)\" class=\"has-inline-color has-vivid-red-color\">Qui\u00e9n era Chance Perdomo<\/mark><\/strong><\/p>\n\n\n\n<p>Perdomo era conocido por interpretar a Ambrose Spellman en&nbsp;<em>Las escalofriantes aventuras de Sabrina<\/em>, de Netflix<em>,<\/em>&nbsp;y a Andre Anderson en&nbsp;<em>Gen V<\/em>, el spin-off de&nbsp;<em>The Boys<\/em>.<\/p>\n\n\n\n<p>\u201c<strong>No podemos entender esto del todo.<\/strong>\u00a0Para aquellos de nosotros que lo conocimos y trabajamos con \u00e9l, Chance siempre fue encantador y sonriente, una fuerza entusiasta de la naturaleza, un int\u00e9rprete incre\u00edblemente talentoso y, m\u00e1s que nada, una persona muy amable y encantadora\u201d, aseguraron desde la producci\u00f3n de\u00a0<em>Gen V\u00a0<\/em>a<em>\u00a0Variety.<\/em><\/p>\n\n\n\n<figure class=\"wp-block-image size-full\"><img decoding=\"async\" width=\"950\" height=\"534\" src=\"https:\/\/esreviral.com\/wp-content\/uploads\/2024\/03\/AnyConv.com__chance-perdomo-1778269.webp\" alt=\"\" class=\"wp-image-51323\" srcset=\"https:\/\/esreviral.com\/wp-content\/uploads\/2024\/03\/AnyConv.com__chance-perdomo-1778269.webp 950w, https:\/\/esreviral.com\/wp-content\/uploads\/2024\/03\/AnyConv.com__chance-perdomo-1778269-300x169.webp 300w, https:\/\/esreviral.com\/wp-content\/uploads\/2024\/03\/AnyConv.com__chance-perdomo-1778269-768x432.webp 768w, https:\/\/esreviral.com\/wp-content\/uploads\/2024\/03\/AnyConv.com__chance-perdomo-1778269-750x422.webp 750w\" sizes=\"(max-width: 950px) 100vw, 950px\" \/><\/figure>\n\n\n\n<p>Claramente conmocionados por la noticia, sumaron: \u201cIncluso escribir sobre \u00e9l en tiempo pasado no tiene sentido. Lo sentimos mucho por la familia de Chance y lamentamos la p\u00e9rdida de nuestro amigo y colega. Abraza a tus seres queridos esta noche\u201d.<\/p>\n\n\n\n<p class=\"has-text-align-right\"><strong><em>TN.-<\/em><\/strong><\/p>\n","protected":false},"excerpt":{"rendered":"<p>La triste noticia fue confirmada por su representante. \u201cSu pasi\u00f3n por las artes y su insaciable apetito por la vida fueron sentidos por todos los que lo conocieron\u201d, dijo en di\u00e1logo con \u201cVariety\u201d.<\/p>\n","protected":false},"author":3,"featured_media":51322,"comment_status":"open","ping_status":"open","sticky":false,"template":"","format":"standard","meta":{"jnews-multi-image_gallery":[],"jnews_single_post":{"subtitle":"","format":"standard","video":"","gallery":"","source_name":"","source_url":"","via_name":"","via_url":"","override_template":"0","override":[{"template":"4","single_blog_custom":"","parallax":"1","fullscreen":"1","layout":"right-sidebar","sidebar":"default-sidebar","second_sidebar":"default-sidebar","sticky_sidebar":"1","share_position":"top","share_float_style":"share-monocrhome","show_share_counter":"1","show_view_counter":"1","show_featured":"1","show_post_meta":"1","show_post_author":"1","show_post_author_image":"1","show_post_date":"1","post_date_format":"default","post_date_format_custom":"Y\/m\/d","show_post_category":"1","show_post_reading_time":"1","post_reading_time_wpm":"300","show_zoom_button":"1","zoom_button_out_step":"2","zoom_button_in_step":"3","show_post_tag":"1","show_prev_next_post":"1","show_popup_post":"1","number_popup_post":"1","show_author_box":"1","show_post_related":"1","show_inline_post_related":"0"}],"override_image_size":"0","image_override":[{"single_post_thumbnail_size":"crop-500","single_post_gallery_size":"crop-500"}],"trending_post":"0","trending_post_position":"meta","trending_post_label":"Trending","sponsored_post":"0","sponsored_post_label":"Sponsored by","sponsored_post_name":"","sponsored_post_url":"","sponsored_post_logo_enable":"0","sponsored_post_logo":"","sponsored_post_desc":"","disable_ad":"0"},"jnews_primary_category":{"id":"","hide":""},"jnews_social_meta":{"fb_title":"","fb_description":"","fb_image":"","twitter_title":"","twitter_description":"","twitter_image":""},"jnews_review":[],"enable_review":"0","type":"percentage","name":"","summary":"","brand":"","sku":"","good":[{"good_text":""}],"bad":[{"bad_text":""}],"score_override":"","override_value":"","rating":[{"rating_text":"","rating_number":"10"}],"price":[{"shop":"","price":"","link":"","icon":""}],"jnews_override_counter":{"override_view_counter":"0","view_counter_number":"0","override_share_counter":"0","share_counter_number":"0","override_like_counter":"0","like_counter_number":"0","override_dislike_counter":"0","dislike_counter_number":"0"},"jnews_post_split":{"enable_post_split":"0","post_split":[{"template":"1","tag":"h2","numbering":"asc","mode":"normal","first":"0","enable_toc":"0","toc_type":"normal"}]},"footnotes":""},"categories":[88,64],"tags":[12702,14389,136,14390,45],"class_list":["post-51321","post","type-post","status-publish","format-standard","has-post-thumbnail","hentry","category-internacionales","category-sucesos","tag-accidente-de-moto","tag-chance-perdomo","tag-estados-unidos","tag-muerte-de-famosos","tag-noticias"],"amp_enabled":true,"_links":{"self":[{"href":"https:\/\/esreviral.com\/index.php?rest_route=\/wp\/v2\/posts\/51321"}],"collection":[{"href":"https:\/\/esreviral.com\/index.php?rest_route=\/wp\/v2\/posts"}],"about":[{"href":"https:\/\/esreviral.com\/index.php?rest_route=\/wp\/v2\/types\/post"}],"author":[{"embeddable":true,"href":"https:\/\/esreviral.com\/index.php?rest_route=\/wp\/v2\/users\/3"}],"replies":[{"embeddable":true,"href":"https:\/\/esreviral.com\/index.php?rest_route=%2Fwp%2Fv2%2Fcomments&post=51321"}],"version-history":[{"count":0,"href":"https:\/\/esreviral.com\/index.php?rest_route=\/wp\/v2\/posts\/51321\/revisions"}],"wp:featuredmedia":[{"embeddable":true,"href":"https:\/\/esreviral.com\/index.php?rest_route=\/wp\/v2\/media\/51322"}],"wp:attachment":[{"href":"https:\/\/esreviral.com\/index.php?rest_route=%2Fwp%2Fv2%2Fmedia&parent=51321"}],"wp:term":[{"taxonomy":"category","embeddable":true,"href":"https:\/\/esreviral.com\/index.php?rest_route=%2Fwp%2Fv2%2Fcategories&post=51321"},{"taxonomy":"post_tag","embeddable":true,"href":"https:\/\/esreviral.com\/index.php?rest_route=%2Fwp%2Fv2%2Ftags&post=51321"}],"curies":[{"name":"wp","href":"https:\/\/api.w.org\/{rel}","templated":true}]}}