{"id":51317,"date":"2024-03-30T16:19:24","date_gmt":"2024-03-30T21:19:24","guid":{"rendered":"https:\/\/esreviral.com\/?p=51317"},"modified":"2024-03-30T17:54:42","modified_gmt":"2024-03-30T22:54:42","slug":"maduro-impide-el-ingreso-de-efectivos-argentinos-para-proteger-la-embajada-de-argentina-en-venezuela","status":"publish","type":"post","link":"https:\/\/esreviral.com\/?p=51317","title":{"rendered":"Maduro impide el ingreso de efectivos argentinos para proteger la embajada de Argentina en Venezuela"},"content":{"rendered":"\n<p>La tensi\u00f3n diplom\u00e1tica entre Javier Milei y Nicol\u00e1s Maduro va&nbsp;<em>in crescendo<\/em>&nbsp;y tiene final abierto: el r\u00e9gimen caribe\u00f1o inform\u00f3 al Ministerio de Relaciones Exteriores que&nbsp;<strong>prohib\u00eda el ingreso de los gendarmes<\/strong>&nbsp;que ten\u00edan previsto volar anoche desde Buenos Aires a Caracas para proteger a la embajada de Argentina en Venezuela,&nbsp;<strong>el \u00faltimo refugio posible<\/strong>&nbsp;de los seis opositores perseguidos por los servicios de inteligencia y la justicia del gobierno populista.<\/p>\n\n\n\n<p><strong>\u201cLa Gendarmer\u00eda no viaj\u00f3 porque el gobierno de Maduro decidi\u00f3 que no los iba a dejar entrar\u201d<\/strong>, dijo Patricia Bullrich, Ministra de Seguridad, al medio informativo de<em> Infobae<\/em>.<\/p>\n\n\n\n<p>-\u00bfY que aleg\u00f3 el Gobierno de Maduro?<\/p>\n\n\n\n<p>&#8211;<strong>Le dijeron a la Canciller\u00eda que no estaban de acuerdo con unas declaraciones que se hicieron ac\u00e1, en la Argentina.<\/strong><\/p>\n\n\n\n<p>-Entonces, \u00bfqui\u00e9n cuida la embajada de Argentina?<\/p>\n\n\n\n<p>-Es un tema serio que no dejen entrar a una fuerza argentina para proteger a la embajada. Ahora, l<strong>a responsabilidad total y absoluta est\u00e1 en manos de las fuerzas policiales de Venezuela.<\/strong>&nbsp;<strong>Espero que nada suceda, pero si sucede, ellos ser\u00e1n responsables.<\/strong><\/p>\n\n\n\n<p><strong>Maduro busca perpetuarse en el poder<\/strong>&nbsp;a trav\u00e9s de elecciones ama\u00f1adas y persigue a todos los opositores al r\u00e9gimen. En ese contexto,&nbsp;<strong>Pedro Urruchurtu, Magall\u00ed Meda,<\/strong>&nbsp;<strong>Humberto Villalobos,<\/strong>&nbsp;<strong>Claudia Macero,<\/strong>&nbsp;<strong>Omar Gonz\u00e1lez&nbsp;<\/strong>y un sexto dirigente cuyo nombre a\u00fan no trascendi\u00f3, ingresaron a la embajada argentina en Caracas. Todos pertenecen a la coalici\u00f3n opositora Plataforma Unitaria Democr\u00e1tica (PUD), que es liderada por&nbsp;<strong>Mar\u00eda Corina Machado.<\/strong><\/p>\n\n\n\n<p>Cuando el gobierno populista comprob\u00f3 que los opositores eran hospedados por la Argentina, un grupo de tareas de Maduro&nbsp;<strong>arranc\u00f3 los cables de electricidad de la residencia diplom\u00e1tica<\/strong>&nbsp;para presionar al Gobierno y a los dirigentes que trabajan junto a Mar\u00eda Corina Machado.<\/p>\n\n\n\n<p>Milei emiti\u00f3 un comunicado ratificando su condena al r\u00e9gimen de Maduro y&nbsp;<strong>orden\u00f3 que se protegiera la seguridad de los seis opositores refugiados en la embajada argentina<\/strong>. En este contexto, Patricia Bullrich decidi\u00f3 enviar 8 gendarmes que ten\u00edan que salir ayer hacia Caracas en dos tandas distintas antes que concluyera el fin de Semana Santa.<\/p>\n\n\n\n<p><strong><em><mark style=\"background-color:rgba(0, 0, 0, 0)\" class=\"has-inline-color has-vivid-red-color\"><a href=\"https:\/\/esreviral.com\/javier-milei-lanzo-fuertes-advertencias-contra-maduro\/\" data-type=\"link\" data-id=\"https:\/\/esreviral.com\/javier-milei-lanzo-fuertes-advertencias-contra-maduro\/\">Lea Tambi\u00e9n: Javier Milei lanz\u00f3 fuertes advertencias contra Maduro<\/a><\/mark><\/em><\/strong><\/p>\n\n\n\n<figure class=\"wp-block-image size-full\"><img fetchpriority=\"high\" decoding=\"async\" width=\"640\" height=\"360\" src=\"https:\/\/esreviral.com\/wp-content\/uploads\/2024\/03\/cloudfront-us-east-1.images.arcpublishing_c77798.webp\" alt=\"\" class=\"wp-image-51125\" srcset=\"https:\/\/esreviral.com\/wp-content\/uploads\/2024\/03\/cloudfront-us-east-1.images.arcpublishing_c77798.webp 640w, https:\/\/esreviral.com\/wp-content\/uploads\/2024\/03\/cloudfront-us-east-1.images.arcpublishing_c77798-300x169.webp 300w\" sizes=\"(max-width: 640px) 100vw, 640px\" \/><\/figure>\n\n\n\n<p><\/p>\n\n\n\n<p>El fracasado viaje a Caracas ya hab\u00eda iniciado con un enfrentamiento burocr\u00e1tico entre Argentina y Venezuela.&nbsp;<strong>El gobierno de Caracas demoraba la autorizaci\u00f3n para el ingreso de las armas de los gendarmes<\/strong>, que al final hab\u00edan decidido volar desarmados para proteger a seis opositores a Maduro. Y como ya no hay lugar en la embajada, los oficiales y suboficiales de la Gendarmer\u00eda iban a dormir en un hotel ubicado en las cercan\u00edas.<\/p>\n\n\n\n<p>Pero ayer a la tarde, la misi\u00f3n a Caracas fue cancelada. Diana Mondino chate\u00f3 con Bullrich para comentarle que&nbsp;<strong>Maduro no permit\u00eda el ingreso de los gendarmes<\/strong>&nbsp;alegando la posici\u00f3n pol\u00edtica del Gobierno respecto al r\u00e9gimen populista aliado de Ir\u00e1n, China y Rusia. Esa postura de Maduro viola &#8211;<em>in totum<\/em>&#8211; todo el articulo 22 de la Convenci\u00f3n de Viena.<\/p>\n\n\n\n<p>La ministra de Seguridad contest\u00f3 a la canciller que hab\u00eda que forzar el ingreso de los gendarmes amparados en la convenciones internacionales. Se trataba de la seguridad de la embajada y de los opositores al gobierno populista. Mondino tuvo en cuenta las razones de Bullrich,&nbsp;<strong>pero opt\u00f3 por la v\u00eda diplom\u00e1tica<\/strong>&nbsp;para evitar un nuevo conflicto pol\u00edtico entre Milei y Maduro.<\/p>\n\n\n\n<p>Bullrich acept\u00f3 la perspectiva de Mondino y&nbsp;<strong>los gendarmes se quedaron en Buenos Aires hasta nueva orden.<\/strong><\/p>\n\n\n\n<p>Ahora queda por resolver si los seis opositores&nbsp;<strong>piden asilo a la Argentina para obtener un salvoconducto<\/strong>&nbsp;y escapar de Venezuela, o por el contrario, definen permanecer como hu\u00e9spedes en la residencia diplom\u00e1tica para participar -de alguna manera- de la campa\u00f1a presidencia el contra de Maduro.<\/p>\n\n\n\n<p>Esta ambig\u00fcedad politica coloca&nbsp;<strong>en una situaci\u00f3n incomoda a la Casa Rosada:<\/strong>&nbsp;MIlei quiere proteger a los seis opositores, pero no puede permitir que hagan campa\u00f1a electoral desde la embajada Argentina en Caracas.<\/p>\n\n\n\n<p>Hasta el momento,&nbsp;<strong>el gobierno mantiene el status quo a la espera de una salida pol\u00edtica<\/strong>&nbsp;que evite una eventual ruptura de relaciones diplom\u00e1ticas con Venezuela.<\/p>\n\n\n\n<p><strong><em><mark style=\"background-color:rgba(0, 0, 0, 0)\" class=\"has-inline-color has-vivid-red-color\"><a href=\"https:\/\/esreviral.com\/la-embajada-argentina-en-venezuela-refugia-a-seis-opositores-politicos-de-maduro\/\" data-type=\"link\" data-id=\"https:\/\/esreviral.com\/la-embajada-argentina-en-venezuela-refugia-a-seis-opositores-politicos-de-maduro\/\">Lea Tambi\u00e9n: La embajada Argentina en Venezuela refugia a seis opositores pol\u00edticos<\/a><\/mark><\/em><\/strong><\/p>\n\n\n\n<p class=\"has-text-align-right\"><em><strong>Infobae.-<\/strong><\/em><\/p>\n","protected":false},"excerpt":{"rendered":"<p>La ministra Patricia Bullrich hab\u00eda decidido enviar gendarmes a Caracas para resguardar a los seis opositores refugiados en la sede diplom\u00e1tica, pero el r\u00e9gimen caribe\u00f1o inform\u00f3 a la Canciller\u00eda que no aceptar\u00eda su ingreso por la posici\u00f3n geopol\u00edtica del Gobierno<\/p>\n","protected":false},"author":3,"featured_media":51318,"comment_status":"open","ping_status":"open","sticky":false,"template":"","format":"standard","meta":{"jnews-multi-image_gallery":[],"jnews_single_post":{"subtitle":"","format":"standard","video":"","gallery":"","source_name":"","source_url":"","via_name":"","via_url":"","override_template":"0","override":[{"template":"4","single_blog_custom":"","parallax":"1","fullscreen":"1","layout":"right-sidebar","sidebar":"default-sidebar","second_sidebar":"default-sidebar","sticky_sidebar":"1","share_position":"top","share_float_style":"share-monocrhome","show_share_counter":"1","show_view_counter":"1","show_featured":"1","show_post_meta":"1","show_post_author":"1","show_post_author_image":"1","show_post_date":"1","post_date_format":"default","post_date_format_custom":"Y\/m\/d","show_post_category":"1","show_post_reading_time":"1","post_reading_time_wpm":"300","show_zoom_button":"1","zoom_button_out_step":"2","zoom_button_in_step":"3","show_post_tag":"1","show_prev_next_post":"1","show_popup_post":"1","number_popup_post":"1","show_author_box":"1","show_post_related":"1","show_inline_post_related":"0"}],"override_image_size":"0","image_override":[{"single_post_thumbnail_size":"crop-500","single_post_gallery_size":"crop-500"}],"trending_post":"0","trending_post_position":"meta","trending_post_label":"Trending","sponsored_post":"0","sponsored_post_label":"Sponsored by","sponsored_post_name":"","sponsored_post_url":"","sponsored_post_logo_enable":"0","sponsored_post_logo":"","sponsored_post_desc":"","disable_ad":"0"},"jnews_primary_category":{"id":"","hide":""},"jnews_social_meta":{"fb_title":"","fb_description":"","fb_image":"","twitter_title":"","twitter_description":"","twitter_image":""},"jnews_review":[],"enable_review":"0","type":"percentage","name":"","summary":"","brand":"","sku":"","good":[{"good_text":""}],"bad":[{"bad_text":""}],"score_override":"","override_value":"","rating":[{"rating_text":"","rating_number":"10"}],"price":[{"shop":"","price":"","link":"","icon":""}],"jnews_override_counter":{"override_view_counter":"0","view_counter_number":"0","override_share_counter":"0","share_counter_number":"0","override_like_counter":"0","like_counter_number":"0","override_dislike_counter":"0","dislike_counter_number":"0"},"jnews_post_split":{"enable_post_split":"0","post_split":[{"template":"1","tag":"h2","numbering":"asc","mode":"normal","first":"0","enable_toc":"0","toc_type":"normal"}]},"footnotes":""},"categories":[58,59,66],"tags":[44,13049,118,14359,1158,3265,1068,45,391,56],"class_list":["post-51317","post","type-post","status-publish","format-standard","has-post-thumbnail","hentry","category-argentina","category-politica","category-venezuela","tag-argentina","tag-diana-mondino","tag-embajada","tag-embajada-argentina-en-venezuela","tag-javier-milei","tag-maria-corina-machado-2","tag-nicolas-maduro","tag-noticias","tag-patricia-bullrich","tag-venezuela"],"_links":{"self":[{"href":"https:\/\/esreviral.com\/index.php?rest_route=\/wp\/v2\/posts\/51317","targetHints":{"allow":["GET"]}}],"collection":[{"href":"https:\/\/esreviral.com\/index.php?rest_route=\/wp\/v2\/posts"}],"about":[{"href":"https:\/\/esreviral.com\/index.php?rest_route=\/wp\/v2\/types\/post"}],"author":[{"embeddable":true,"href":"https:\/\/esreviral.com\/index.php?rest_route=\/wp\/v2\/users\/3"}],"replies":[{"embeddable":true,"href":"https:\/\/esreviral.com\/index.php?rest_route=%2Fwp%2Fv2%2Fcomments&post=51317"}],"version-history":[{"count":0,"href":"https:\/\/esreviral.com\/index.php?rest_route=\/wp\/v2\/posts\/51317\/revisions"}],"wp:featuredmedia":[{"embeddable":true,"href":"https:\/\/esreviral.com\/index.php?rest_route=\/wp\/v2\/media\/51318"}],"wp:attachment":[{"href":"https:\/\/esreviral.com\/index.php?rest_route=%2Fwp%2Fv2%2Fmedia&parent=51317"}],"wp:term":[{"taxonomy":"category","embeddable":true,"href":"https:\/\/esreviral.com\/index.php?rest_route=%2Fwp%2Fv2%2Fcategories&post=51317"},{"taxonomy":"post_tag","embeddable":true,"href":"https:\/\/esreviral.com\/index.php?rest_route=%2Fwp%2Fv2%2Ftags&post=51317"}],"curies":[{"name":"wp","href":"https:\/\/api.w.org\/{rel}","templated":true}]}}