{"id":51238,"date":"2024-03-27T12:32:13","date_gmt":"2024-03-27T17:32:13","guid":{"rendered":"https:\/\/esreviral.com\/?p=51238"},"modified":"2024-03-27T12:41:11","modified_gmt":"2024-03-27T17:41:11","slug":"un-hombre-mato-a-punaladas-a-su-hijo-con-discapacidad-y-luego-pidio-perdon-en-un-video","status":"publish","type":"post","link":"https:\/\/esreviral.com\/?p=51238","title":{"rendered":"Un hombre mat\u00f3 a pu\u00f1aladas a su hijo con discapacidad y luego pidi\u00f3 perd\u00f3n en un video"},"content":{"rendered":"\n<p>Un hombre&nbsp;<strong>asesin\u00f3 a pu\u00f1aladas a su hijo con discapacidad motriz<\/strong>, grab\u00f3 un video pidiendo disculpas y luego intent\u00f3 quitarse la vida. Ahora est\u00e1 internado en grave estado en un hospital de Formosa.<\/p>\n\n\n\n<p>El crimen ocurri\u00f3 este mi\u00e9rcoles por la madrugada en una vivienda ubicada en el<strong>\u00a0barrio San Roque, en la ciudad de Ibarreta<\/strong>, dondeZamir (8) fue hallado con heridas de arma blanca.<\/p>\n\n\n\n<p>\u201cLas primeras pericias suponen que falleci\u00f3 desangrado,\u00a0<strong>ten\u00eda cortes profundos en el brazo y el cuerpo\u201d<\/strong>, inform\u00f3\u00a0<em>NA\u00a0<\/em>sobre las pericias preliminares.<\/p>\n\n\n\n<figure class=\"wp-block-image size-large\"><img fetchpriority=\"high\" decoding=\"async\" width=\"1024\" height=\"1024\" src=\"https:\/\/esreviral.com\/wp-content\/uploads\/2024\/03\/AnyConv.com__VT6JEFIQNVH7FJALRNOT576K64-1024x1024.webp\" alt=\"\" class=\"wp-image-51243\" srcset=\"https:\/\/esreviral.com\/wp-content\/uploads\/2024\/03\/AnyConv.com__VT6JEFIQNVH7FJALRNOT576K64-1024x1024.webp 1024w, https:\/\/esreviral.com\/wp-content\/uploads\/2024\/03\/AnyConv.com__VT6JEFIQNVH7FJALRNOT576K64-300x300.webp 300w, https:\/\/esreviral.com\/wp-content\/uploads\/2024\/03\/AnyConv.com__VT6JEFIQNVH7FJALRNOT576K64-150x150.webp 150w, https:\/\/esreviral.com\/wp-content\/uploads\/2024\/03\/AnyConv.com__VT6JEFIQNVH7FJALRNOT576K64-768x768.webp 768w, https:\/\/esreviral.com\/wp-content\/uploads\/2024\/03\/AnyConv.com__VT6JEFIQNVH7FJALRNOT576K64-75x75.webp 75w, https:\/\/esreviral.com\/wp-content\/uploads\/2024\/03\/AnyConv.com__VT6JEFIQNVH7FJALRNOT576K64-350x350.webp 350w, https:\/\/esreviral.com\/wp-content\/uploads\/2024\/03\/AnyConv.com__VT6JEFIQNVH7FJALRNOT576K64-750x750.webp 750w, https:\/\/esreviral.com\/wp-content\/uploads\/2024\/03\/AnyConv.com__VT6JEFIQNVH7FJALRNOT576K64-1140x1140.webp 1140w, https:\/\/esreviral.com\/wp-content\/uploads\/2024\/03\/AnyConv.com__VT6JEFIQNVH7FJALRNOT576K64.webp 1440w\" sizes=\"(max-width: 1024px) 100vw, 1024px\" \/><\/figure>\n\n\n\n<p>Luego del ataque feroz,&nbsp;<strong>el padre intent\u00f3 suicidarse con una escopeta<\/strong>, pero no lo logr\u00f3. Al cierre de esta nota,&nbsp;<strong>est\u00e1 internado en grave estado.<\/strong><\/p>\n\n\n\n<p>En la investigaci\u00f3n se corrobor\u00f3 que, previo al asesinato, el hombre&nbsp;<strong>le mand\u00f3 un video a su exmujer y mam\u00e1 del menor donde le \u201cped\u00eda perd\u00f3n\u201d&nbsp;<\/strong>por lo que iba a hacer.<\/p>\n\n\n\n<p>\u201cSoy joven todav\u00eda, pero ya no voy a seguir m\u00e1s.&nbsp;<strong>Yo no quiero que nadie me llore, ni que nadie me lamente.&nbsp;<\/strong>Solo que me entierren y nada m\u00e1s. Creo que esta es la mejor alternativa, si no mucho sufrimiento, tantos a\u00f1os\u201d, manifest\u00f3.<\/p>\n\n\n\n<p><\/p>\n\n\n\n<p class=\"has-text-align-right\"><em><strong>TN.-<\/strong><\/em><\/p>\n","protected":false},"excerpt":{"rendered":"<p>El asesino intent\u00f3 quitarse la vida luego de matar al nene de ocho a\u00f1os. Est\u00e1 internado en grave estado en un centro de salud de Formosa.<\/p>\n","protected":false},"author":3,"featured_media":51240,"comment_status":"open","ping_status":"open","sticky":false,"template":"","format":"standard","meta":{"jnews-multi-image_gallery":[],"jnews_single_post":{"subtitle":"","format":"standard","video":"","gallery":"","source_name":"","source_url":"","via_name":"","via_url":"","override_template":"0","override":[{"template":"4","single_blog_custom":"","parallax":"1","fullscreen":"1","layout":"right-sidebar","sidebar":"default-sidebar","second_sidebar":"default-sidebar","sticky_sidebar":"1","share_position":"top","share_float_style":"share-monocrhome","show_share_counter":"1","show_view_counter":"1","show_featured":"1","show_post_meta":"1","show_post_author":"1","show_post_author_image":"1","show_post_date":"1","post_date_format":"default","post_date_format_custom":"Y\/m\/d","show_post_category":"1","show_post_reading_time":"1","post_reading_time_wpm":"300","show_zoom_button":"1","zoom_button_out_step":"2","zoom_button_in_step":"3","show_post_tag":"1","show_prev_next_post":"1","show_popup_post":"1","number_popup_post":"1","show_author_box":"1","show_post_related":"1","show_inline_post_related":"0"}],"override_image_size":"0","image_override":[{"single_post_thumbnail_size":"crop-500","single_post_gallery_size":"crop-500"}],"trending_post":"0","trending_post_position":"meta","trending_post_label":"Trending","sponsored_post":"0","sponsored_post_label":"Sponsored by","sponsored_post_name":"","sponsored_post_url":"","sponsored_post_logo_enable":"0","sponsored_post_logo":"","sponsored_post_desc":"","disable_ad":"0"},"jnews_primary_category":{"id":"","hide":""},"jnews_social_meta":{"fb_title":"","fb_description":"","fb_image":"","twitter_title":"","twitter_description":"","twitter_image":""},"jnews_review":[],"enable_review":"0","type":"percentage","name":"","summary":"","brand":"","sku":"","good":[{"good_text":""}],"bad":[{"bad_text":""}],"score_override":"","override_value":"","rating":[{"rating_text":"","rating_number":"10"}],"price":[{"shop":"","price":"","link":"","icon":""}],"jnews_override_counter":{"override_view_counter":"0","view_counter_number":"0","override_share_counter":"0","share_counter_number":"0","override_like_counter":"0","like_counter_number":"0","override_dislike_counter":"0","dislike_counter_number":"0"},"jnews_post_split":{"enable_post_split":"0","post_split":[{"template":"1","tag":"h2","numbering":"asc","mode":"normal","first":"0","enable_toc":"0","toc_type":"normal"}]},"footnotes":""},"categories":[58,64],"tags":[44,10776,2517,3556,14363,45],"class_list":["post-51238","post","type-post","status-publish","format-standard","has-post-thumbnail","hentry","category-argentina","category-sucesos","tag-argentina","tag-arma-blanca","tag-crimen-2","tag-formosa","tag-hijo-con-discapacidad","tag-noticias"],"amp_enabled":true,"_links":{"self":[{"href":"https:\/\/esreviral.com\/index.php?rest_route=\/wp\/v2\/posts\/51238"}],"collection":[{"href":"https:\/\/esreviral.com\/index.php?rest_route=\/wp\/v2\/posts"}],"about":[{"href":"https:\/\/esreviral.com\/index.php?rest_route=\/wp\/v2\/types\/post"}],"author":[{"embeddable":true,"href":"https:\/\/esreviral.com\/index.php?rest_route=\/wp\/v2\/users\/3"}],"replies":[{"embeddable":true,"href":"https:\/\/esreviral.com\/index.php?rest_route=%2Fwp%2Fv2%2Fcomments&post=51238"}],"version-history":[{"count":0,"href":"https:\/\/esreviral.com\/index.php?rest_route=\/wp\/v2\/posts\/51238\/revisions"}],"wp:featuredmedia":[{"embeddable":true,"href":"https:\/\/esreviral.com\/index.php?rest_route=\/wp\/v2\/media\/51240"}],"wp:attachment":[{"href":"https:\/\/esreviral.com\/index.php?rest_route=%2Fwp%2Fv2%2Fmedia&parent=51238"}],"wp:term":[{"taxonomy":"category","embeddable":true,"href":"https:\/\/esreviral.com\/index.php?rest_route=%2Fwp%2Fv2%2Fcategories&post=51238"},{"taxonomy":"post_tag","embeddable":true,"href":"https:\/\/esreviral.com\/index.php?rest_route=%2Fwp%2Fv2%2Ftags&post=51238"}],"curies":[{"name":"wp","href":"https:\/\/api.w.org\/{rel}","templated":true}]}}