{"id":51175,"date":"2024-03-26T18:09:15","date_gmt":"2024-03-26T23:09:15","guid":{"rendered":"https:\/\/esreviral.com\/?p=51175"},"modified":"2024-03-26T18:09:15","modified_gmt":"2024-03-26T23:09:15","slug":"javier-milei-confirma-la-cancelacion-de-contratos-para-70-mil-empleados-publicos","status":"publish","type":"post","link":"https:\/\/esreviral.com\/?p=51175","title":{"rendered":"Javier Milei confirma la cancelaci\u00f3n de contratos para 70 mil empleados p\u00fablicos"},"content":{"rendered":"\n<p>El presidente\u00a0<strong>Javier Milei\u00a0<\/strong>destac\u00f3 los<strong>\u00a0avances en materia econ\u00f3mica del Gobierno\u00a0<\/strong>en sus primeros tres meses de gesti\u00f3n, con eje en la\u00a0<strong>desaceleraci\u00f3n de la inflaci\u00f3n\u00a0<\/strong>y el<strong>\u00a0super\u00e1vit fiscal,<\/strong>\u00a0y\u00a0<strong>confirm\u00f3 que se dar\u00e1n de baja 70.000 contratos m\u00e1s de empleados estatales en el corto plazo.<\/strong><\/p>\n\n\n\n<p>\u201c<strong>Echamos 50.000 empleados p\u00fablicos y se dieron de baja contratos\u00a0<\/strong>y ahora est\u00e1n cayendo m\u00e1s contratos y van a caer 70.000 contratos m\u00e1s\u201d, dijo el Presidente al cerrar la\u00a0<strong>segunda edici\u00f3n del International Economic Forum of the Americas (IEFA).<\/strong><\/p>\n\n\n\n<p>Milei tambi\u00e9n volvi\u00f3 a apuntar&nbsp;<strong>contra los diputados y senadores que no acompa\u00f1aron la Ley \u00d3mnibus y el DNU<\/strong>, porque -dijo- \u201cquieren seguir manteniendo sus privilegios de&nbsp;<strong>casta<\/strong>\u201d.<\/p>\n\n\n\n<p>\u201cDespu\u00e9s de lo que pas\u00f3 con la Ley de Bases y con el DNU&nbsp;<strong>dejaron todos los dedos sucios.<\/strong>&nbsp;Est\u00e1n, por un lado, los&nbsp;<strong>orcos; la gente que quiere el cambio&nbsp;<\/strong>y l<strong>os farsantes delincuentes que se disfrazaron de dar el cambio&nbsp;<\/strong>y que les da verg\u00fcenza estar cerca los orcos y guardan las formas\u201d, afirm\u00f3, con referencia a los senadores que rechazaron el megadecreto.<\/p>\n\n\n\n<p>Sin embargo, se mostr\u00f3 optimista respecto del futuro. \u201c<strong>En tres meses terminamos sac\u00e1ndole la careta a esos delincuentes<\/strong>&nbsp;y no les va a ser gratis en las<strong>&nbsp;elecciones de medio t\u00e9rmino,<\/strong>&nbsp;porque&nbsp;<strong>se van a quedar afuera<\/strong>&nbsp;y eso nos va a permitir que en las elecciones de medio t\u00e9rmino hagamos una elecci\u00f3n much\u00edsimo mejor que la que hicimos el \u00faltimo a\u00f1o y ah\u00ed vamos a tener<strong>&nbsp;otra composici\u00f3n en el Congreso\u201d.<\/strong><\/p>\n\n\n\n<p>\u201c<strong>A partir del 11 de diciembre les vamos a meter todas las reformas que no pudimos&nbsp;<\/strong>y adem\u00e1s les vamos a meter las 3000 reformas que est\u00e1n pendientes y que no podemos sacar por este conjunto de delincuentes\u201d, advirti\u00f3.<\/p>\n\n\n\n<p>De acuerdo con los datos que comparti\u00f3,<strong>&nbsp;La Libertad Avanza ganar\u00eda en primera vuelta por m\u00e1s del 48% de los votos<\/strong>&nbsp;y que si el escenario fuera de balotaje, superar\u00eda el 58%<\/p>\n\n\n\n<p>\u201cPese a que estamos peor en el presente,&nbsp;<strong>el 50% de los argentinos est\u00e1 convencido que de ac\u00e1 para adelante vamos a estar mejor<\/strong>&nbsp;y el 70% que vamos a derrotar a la inflaci\u00f3n. La gente tiene esperanza,&nbsp;<strong>est\u00e1 viendo que vamos a salir a pesar de que hoy la est\u00e1 pasando mal.&nbsp;<\/strong>Por eso, si hoy fueran las elecciones en el balotaje estar\u00edamos sacando 58%, y 48% en primera vuelta. Mejoramos el caudal de voto en un 60%\u201d, dijo.<\/p>\n\n\n\n<p><strong><mark style=\"background-color:rgba(0, 0, 0, 0)\" class=\"has-inline-color has-vivid-red-color\">Qu\u00e9 dijo Milei sobre la econom\u00eda<\/mark><\/strong><\/p>\n\n\n\n<p>Tras hacer un repaso de la herencia recibida, con una \u201cuna&nbsp;<strong>macro&nbsp;<\/strong>profundamente&nbsp;<strong>desequilibrada<\/strong>\u201d, Milei reconoci\u00f3 que \u201ccuando se lleva adelante la&nbsp;<strong>correcci\u00f3n<\/strong>, lo que se genera es una&nbsp;<strong>retracci\u00f3n&nbsp;<\/strong>de la actividad y el empleo\u201d y admiti\u00f3 que \u201ccuanto m\u00e1s violento y acelerado el proceso m\u00e1s fuerte la retracci\u00f3n\u201d.<\/p>\n\n\n\n<p><em><strong><a href=\"https:\/\/esreviral.com\/javier-milei-lanzo-fuertes-advertencias-contra-maduro\/\" data-type=\"link\" data-id=\"https:\/\/esreviral.com\/javier-milei-lanzo-fuertes-advertencias-contra-maduro\/\">Le\u00e9 tambi\u00e9n:\u00a0Javier Milei lanz\u00f3 fuertes advertencias contra Maduro<\/a><\/strong><\/em><\/p>\n\n\n\n<p>\u201cSi hubo siempre algo que nos qued\u00f3 claro con el jefe (se refiri\u00f3 as\u00ed a su hermana Karina Milei) es que si lleg\u00e1bamos a ganar es porque esto estaba en una realidad realmente desastrosa, porque que un liberal libertario, y que abiertamente lo dice, llegue al poder es porque realmente la&nbsp;<strong>situaci\u00f3n no es f\u00e1cil.&nbsp;<\/strong>Nos iban a dejar una situaci\u00f3n muy muy dif\u00edcil\u201d, dijo el Presidente.<\/p>\n\n\n\n<p>No obstante, asegur\u00f3: \u201c<strong>siempre estuvimos preparados para recibir esta papa caliente<\/strong>\u201d. \u201c<strong>Si no hubi\u00e9ramos tomado medidas r\u00e1pidas ya hubi\u00e9ramos volado por los aires varias veces<\/strong>\u201d, agreg\u00f3.<\/p>\n\n\n\n<p>Luego de dar detalles sobre el d\u00e9ficit, el desbalance del Banco Central y la hiperinflaci\u00f3n en puerta, Milei remarc\u00f3 que para corregir todo eso \u201cera&nbsp;<strong>prioritario un programa de estabilizaci\u00f3n bien duro<\/strong>\u201d, con tres ejes: \u201cAjuste fiscal, correcci\u00f3n cambiaria y la definici\u00f3n de una nueva pol\u00edtica monetaria\u201d.<\/p>\n\n\n\n<p>\u201cEst\u00e1bamos convencidos de llevar adelante<strong>\u00a0un ajuste fiscal, que tiene mucho de motosierra y mucho de licuadora<\/strong>. Hay mucho de licuadora y mucho m\u00e1s de motosierra.\u00a0<strong>Eliminamos la obra p\u00fablica de cuajo<\/strong>, algo de lo que estoy profundamente orgulloso, porque es una gran fuente de corrupci\u00f3n y de robo;\u00a0<strong>eliminamos tambi\u00e9n de cuajo las transferencias discrecionales a las provincias<\/strong>; tambi\u00e9<strong>n echamos 50.000 empleados p\u00fablicos\u00a0<\/strong>y se dieron de baja contratos y ahora est\u00e1n cayendo m\u00e1s contratos y van a caer<strong>\u00a070.000 contratos m\u00e1s<\/strong>\u201d, precis\u00f3.<\/p>\n\n\n\n<figure class=\"wp-block-image size-large\"><img fetchpriority=\"high\" decoding=\"async\" width=\"1024\" height=\"683\" src=\"https:\/\/esreviral.com\/wp-content\/uploads\/2024\/03\/YFRBIMU4IVBOJNB7C4B3HZZLHE-1024x683.webp\" alt=\"\" class=\"wp-image-51177\" srcset=\"https:\/\/esreviral.com\/wp-content\/uploads\/2024\/03\/YFRBIMU4IVBOJNB7C4B3HZZLHE-1024x683.webp 1024w, https:\/\/esreviral.com\/wp-content\/uploads\/2024\/03\/YFRBIMU4IVBOJNB7C4B3HZZLHE-300x200.webp 300w, https:\/\/esreviral.com\/wp-content\/uploads\/2024\/03\/YFRBIMU4IVBOJNB7C4B3HZZLHE-768x512.webp 768w, https:\/\/esreviral.com\/wp-content\/uploads\/2024\/03\/YFRBIMU4IVBOJNB7C4B3HZZLHE-750x500.webp 750w, https:\/\/esreviral.com\/wp-content\/uploads\/2024\/03\/YFRBIMU4IVBOJNB7C4B3HZZLHE-1140x760.webp 1140w, https:\/\/esreviral.com\/wp-content\/uploads\/2024\/03\/YFRBIMU4IVBOJNB7C4B3HZZLHE.webp 1440w\" sizes=\"(max-width: 1024px) 100vw, 1024px\" \/><\/figure>\n\n\n\n<p>Tambi\u00e9n mencion\u00f3 que<strong>&nbsp;se eliminaron \u201c200.000 programas sociales<\/strong>&nbsp;entregados de manera irregular\u201d. Todo, dijo, sin descuidar la contenci\u00f3n social y eliminando los intermediarios, lo que \u201cimplic\u00f3 duplicar la asistencia\u201d.<\/p>\n\n\n\n<p>\u201cLos Belliboni de la vida se quedaban con la mitad de los ingresos de la gente y ten\u00edan que validar que iban a las marchas<strong>. Ustedes estaban financiando a delincuentes que arruinaban la circulaci\u00f3n en la calle<\/strong>\u201d, les dijo a los presentes<\/p>\n\n\n\n<p><strong><mark style=\"background-color:rgba(0, 0, 0, 0)\" class=\"has-inline-color has-vivid-red-color\">Las proyecciones econ\u00f3micas de Milei<\/mark><\/strong><\/p>\n\n\n\n<p>El Presidente se refiri\u00f3 tambi\u00e9n a la inflaci\u00f3n y dijo que \u201ccuando se limpian los efectos del arrastre estad\u00edstico,&nbsp;<strong>la verdadera inflaci\u00f3n de febrero fue del 7%<\/strong>\u201d. \u201c<strong>Estamos metiendo la inflaci\u00f3n adentro de un d\u00edgito<\/strong>\u201d, asegur\u00f3.<\/p>\n\n\n\n<p>Adem\u00e1s, insisti\u00f3 con la idea que viene planteando el ministro de Econom\u00eda,&nbsp;<strong>Luis Caputo,<\/strong>&nbsp;sobre la<strong>&nbsp;imposibilidad de medir las promociones<\/strong>&nbsp;de los comercios, cuando no son por unidad.<\/p>\n\n\n\n<p>\u201c<strong>En la tercera semana de marzo se fren\u00f3 la suba de precios. Estamos caminando por el lado correcto en materia de pol\u00edtica antiinflacionaria<\/strong>\u201d, afirm\u00f3 y destac\u00f3 que \u201cla velocidad de la ca\u00edda a la que est\u00e1 ocurriendo es m\u00e1s fuerte que la que se dio en la convertibilidad\u201d.<\/p>\n\n\n\n<p>Tambi\u00e9n sostuvo que \u201c<strong>cambiar el tipo de la tasa de devaluaci\u00f3n es rid\u00edculo<\/strong>\u00a0porque el tipo de cambio libre no muestra brecha\u201d y confirm\u00f3 que \u201ccuando tengamos la reforma podamos levantar el cepo y mandar la ley de no emisi\u00f3n monetaria\u201d a la que anticip\u00f3 se le dar\u00e1 \u201ccategor\u00eda de imprescriptible, como si fuera un delito de lesa humanidad\u201d.<\/p>\n\n\n\n<p>\u201cConforme podamos ir avanzando a ese<strong>&nbsp;sistema de banca libre y hayamos frenado la emisi\u00f3n<\/strong>,<strong>&nbsp;la monetizaci\u00f3n la van a ir dando los propios individuos&nbsp;<\/strong>con las monedas que quieran tranzar. Cada uno va a tener su propia moneda, que el equivalente a tener una canasta de monedas. Una vez que logremos eso vamos a poder abrir el cepo\u201d, ratific\u00f3 Milei.<\/p>\n\n\n\n<p>\u201c<strong>A pesar de las instituciones inmundas que tenemos, podemos crecer y generar crecimiento econ\u00f3mico genuino<\/strong>\u00a0y sin inflaci\u00f3n. Lo podemos hacer a pesar de la pol\u00edtica y de los palos en las ruedas\u201d, argument\u00f3.<\/p>\n\n\n\n<p class=\"has-text-align-right\"><strong><em>TN.-<\/em><\/strong><\/p>\n","protected":false},"excerpt":{"rendered":"<p>El Presidente agreg\u00f3 que est\u00e1 orgulloso de haber eliminado la obra p\u00fablica: \u201cAlgo a lo que toda la gente de bien deber\u00eda oponerse\u201d. Fue en el foro de IEFA Latam. Por la ma\u00f1ana, el director del Departamento del Hemisferio Occidental del FMI reclam\u00f3 revisar el plan de ajuste.<\/p>\n","protected":false},"author":3,"featured_media":51176,"comment_status":"open","ping_status":"open","sticky":false,"template":"","format":"standard","meta":{"jnews-multi-image_gallery":[],"jnews_single_post":{"subtitle":"","format":"standard","video":"","gallery":"","source_name":"","source_url":"","via_name":"","via_url":"","override_template":"0","override":[{"template":"4","single_blog_custom":"","parallax":"1","fullscreen":"1","layout":"right-sidebar","sidebar":"default-sidebar","second_sidebar":"default-sidebar","sticky_sidebar":"1","share_position":"top","share_float_style":"share-monocrhome","show_share_counter":"1","show_view_counter":"1","show_featured":"1","show_post_meta":"1","show_post_author":"1","show_post_author_image":"1","show_post_date":"1","post_date_format":"default","post_date_format_custom":"Y\/m\/d","show_post_category":"1","show_post_reading_time":"1","post_reading_time_wpm":"300","show_zoom_button":"1","zoom_button_out_step":"2","zoom_button_in_step":"3","show_post_tag":"1","show_prev_next_post":"1","show_popup_post":"1","number_popup_post":"1","show_author_box":"1","show_post_related":"1","show_inline_post_related":"0"}],"override_image_size":"0","image_override":[{"single_post_thumbnail_size":"crop-500","single_post_gallery_size":"crop-500"}],"trending_post":"0","trending_post_position":"meta","trending_post_label":"Trending","sponsored_post":"0","sponsored_post_label":"Sponsored by","sponsored_post_name":"","sponsored_post_url":"","sponsored_post_logo_enable":"0","sponsored_post_logo":"","sponsored_post_desc":"","disable_ad":"0"},"jnews_primary_category":{"id":"","hide":""},"jnews_social_meta":{"fb_title":"","fb_description":"","fb_image":"","twitter_title":"","twitter_description":"","twitter_image":""},"jnews_review":[],"enable_review":"0","type":"percentage","name":"","summary":"","brand":"","sku":"","good":[{"good_text":""}],"bad":[{"bad_text":""}],"score_override":"","override_value":"","rating":[{"rating_text":"","rating_number":"10"}],"price":[{"shop":"","price":"","link":"","icon":""}],"jnews_override_counter":{"override_view_counter":"0","view_counter_number":"0","override_share_counter":"0","share_counter_number":"0","override_like_counter":"0","like_counter_number":"0","override_dislike_counter":"0","dislike_counter_number":"0"},"jnews_post_split":{"enable_post_split":"0","post_split":[{"template":"1","tag":"h2","numbering":"asc","mode":"normal","first":"0","enable_toc":"0","toc_type":"normal"}]},"footnotes":""},"categories":[58,59],"tags":[44,14340,1251,45,14339,14338],"class_list":["post-51175","post","type-post","status-publish","format-standard","has-post-thumbnail","hentry","category-argentina","category-politica","tag-argentina","tag-empleados-publicos","tag-milei","tag-noticias","tag-presidente-javier-milei","tag-proyecciones-economicas"],"amp_enabled":true,"_links":{"self":[{"href":"https:\/\/esreviral.com\/index.php?rest_route=\/wp\/v2\/posts\/51175"}],"collection":[{"href":"https:\/\/esreviral.com\/index.php?rest_route=\/wp\/v2\/posts"}],"about":[{"href":"https:\/\/esreviral.com\/index.php?rest_route=\/wp\/v2\/types\/post"}],"author":[{"embeddable":true,"href":"https:\/\/esreviral.com\/index.php?rest_route=\/wp\/v2\/users\/3"}],"replies":[{"embeddable":true,"href":"https:\/\/esreviral.com\/index.php?rest_route=%2Fwp%2Fv2%2Fcomments&post=51175"}],"version-history":[{"count":0,"href":"https:\/\/esreviral.com\/index.php?rest_route=\/wp\/v2\/posts\/51175\/revisions"}],"wp:featuredmedia":[{"embeddable":true,"href":"https:\/\/esreviral.com\/index.php?rest_route=\/wp\/v2\/media\/51176"}],"wp:attachment":[{"href":"https:\/\/esreviral.com\/index.php?rest_route=%2Fwp%2Fv2%2Fmedia&parent=51175"}],"wp:term":[{"taxonomy":"category","embeddable":true,"href":"https:\/\/esreviral.com\/index.php?rest_route=%2Fwp%2Fv2%2Fcategories&post=51175"},{"taxonomy":"post_tag","embeddable":true,"href":"https:\/\/esreviral.com\/index.php?rest_route=%2Fwp%2Fv2%2Ftags&post=51175"}],"curies":[{"name":"wp","href":"https:\/\/api.w.org\/{rel}","templated":true}]}}