{"id":51165,"date":"2024-03-26T17:26:53","date_gmt":"2024-03-26T22:26:53","guid":{"rendered":"https:\/\/esreviral.com\/?p=51165"},"modified":"2024-03-26T17:26:54","modified_gmt":"2024-03-26T22:26:54","slug":"coral-nacional-simon-bolivar-se-presento-en-cuatro-ciudades-espana","status":"publish","type":"post","link":"https:\/\/esreviral.com\/?p=51165","title":{"rendered":"Coral Nacional Sim\u00f3n Bol\u00edvar se present\u00f3 en cuatro ciudades Espa\u00f1a"},"content":{"rendered":"\n<p>Guiada por la batuta de la maestra Lourdes S\u00e1nchez y el acompa\u00f1amiento del pianista espa\u00f1ol y organizador de la gira, Calio Alonso, la Coral Nacional Sim\u00f3n Bol\u00edvar (CNSB) inici\u00f3 su tourn\u00e9e en Espa\u00f1a, el lunes 18 de marzo, en la ciudad de Madrid con la visita a Radio Nacional de Espa\u00f1a (RNE) donde se recibi\u00f3 a la delegaci\u00f3n venezolana, con una din\u00e1mica de entrevista y un espacio musical, a trav\u00e9s Radio Cl\u00e1sica.<\/p>\n\n\n\n<p>Previo a la entrevista de Mart\u00edn Llade con el director ejecutivo Eduardo M\u00e9ndez, la maestra Lourdes S\u00e1nchez y maestro espa\u00f1ol Calio Alonso, la agrupaci\u00f3n coral venezolana grab\u00f3 las obras que se transformar\u00e1n en el disco art\u00edstico\u00a0<em>Aires de Venezuela,<\/em>\u00a0con el apoyo de la RNE:\u00a0<em>Laudate dominum de Josep Vila; Dies Irae de Zden\u00eak Luk\u00e1s; Ave Maris Stella de Trond Kverno; Flight Song, Poes\u00eda: Euan Tait. M\u00fasica: Kim Andr\u00e9 Arnesen; Amor de mi alma, Poes\u00eda: Garcilaso de la Vega. M\u00fasica: Z. Randall Stroope; Aires de golpe tuyero. Gilberto Rebolledo. Joropo central; Tshotsholoza. Jeffery Ames y Nocturnos de la Ventana. Poes\u00eda: Federico Garc\u00eda Lorca. M\u00fasica: Francesc Vila<\/em>.<\/p>\n\n\n\n<p>Como parte de las actividades programadas para la Gira Espa\u00f1a 2024, una delegaci\u00f3n venezolana encabezada por el director ejecutivo de El Sistema Eduardo M\u00e9ndez en compa\u00f1\u00eda de un equipo disciplinario de directores e integrantes de la CNSB, visit\u00f3 el martes 19 de marzo, el colegio p\u00fablico Jaime Vera, donde funciona uno de los 8 centros acad\u00e9micos -inspirados en la metodolog\u00eda de El Sistema- de la Fundaci\u00f3n Acci\u00f3n por la M\u00fasica (FAM) en Madrid, con su presidenta Mar\u00eda Guerrero y su personal para abordar un encuentro estrat\u00e9gico ejecutivo, educativo y art\u00edstico.<\/p>\n\n\n\n<figure class=\"wp-block-image size-large\"><img fetchpriority=\"high\" decoding=\"async\" width=\"1024\" height=\"575\" src=\"https:\/\/esreviral.com\/wp-content\/uploads\/2024\/03\/AnyConv.com__unnamed-48-1024x575.webp\" alt=\"\" class=\"wp-image-51167\" srcset=\"https:\/\/esreviral.com\/wp-content\/uploads\/2024\/03\/AnyConv.com__unnamed-48-1024x575.webp 1024w, https:\/\/esreviral.com\/wp-content\/uploads\/2024\/03\/AnyConv.com__unnamed-48-300x169.webp 300w, https:\/\/esreviral.com\/wp-content\/uploads\/2024\/03\/AnyConv.com__unnamed-48-768x432.webp 768w, https:\/\/esreviral.com\/wp-content\/uploads\/2024\/03\/AnyConv.com__unnamed-48-1536x863.webp 1536w, https:\/\/esreviral.com\/wp-content\/uploads\/2024\/03\/AnyConv.com__unnamed-48-750x421.webp 750w, https:\/\/esreviral.com\/wp-content\/uploads\/2024\/03\/AnyConv.com__unnamed-48-1140x641.webp 1140w, https:\/\/esreviral.com\/wp-content\/uploads\/2024\/03\/AnyConv.com__unnamed-48.webp 1600w\" sizes=\"(max-width: 1024px) 100vw, 1024px\" \/><\/figure>\n\n\n\n<p>Enmarcada en la celebraci\u00f3n de la Semana Santa y a solicitud de los escenarios anfitriones, la maestra Lourdes S\u00e1nchez prepar\u00f3 un amplio repertorio musical para esta festividad religiosa. En el Palacio de Congresos Manuel Rojas de Badajoz -seleccionado en 2006, por el Museo de Arte Moderno de Nueva York entre los 53 edificios m\u00e1s representativos de Espa\u00f1a de las tres \u00faltimas d\u00e9cadas- la CNSB, el mi\u00e9rcoles 20, ofreci\u00f3 el concierto<em>\u00a0\u201cSacrum Convivium\u201d<\/em>\u00a0que dio inicio a su tour por nueve ciudades de Espa\u00f1a.<\/p>\n\n\n\n<p>En la primera parte interpretaron un repertorio sacro conformado por<em>\u00a0Denn er hat seinen engeln befohlen<\/em>\u00a0de F\u00e9lix Mendelssohn;\u00a0<em>Versa est in luctum\u00a0<\/em>de Alonso Lobo;\u00a0<em>Tu es Petrus<\/em>\u00a0de Robert Pearsall;\u00a0<em>Mar\u00eda Magdalena et altera Mar\u00ed<\/em>a de Francisco Guerrero;\u00a0<em>O Sacrum Convivium\u00a0<\/em>de Antonio de Salazar;\u00a0<em>Pueri hebraeorum<\/em>\u00a0de Tom\u00e1s Luis de Victoria;\u00a0<em>Crucifixus\u00a0<\/em>de Antonio Lotti;\u00a0<em>Ave Mar\u00eda<\/em>\u00a0de Anton Bruckner;\u00a0<em>Nunc dimittis de Gustav Holst<\/em>\u00a0y el\u00a0<em>R\u00e9quiem en Re menor<\/em>\u00a0de Gabriel Faur\u00e9. Despu\u00e9s de la emotiva acogida del p\u00fablico, que dur\u00f3 m\u00e1s de cinco minutos, los criollos agradecieron con la entonaci\u00f3n del\u00a0<em>Cantique de Jean Racine<\/em>, tambi\u00e9n del compositor franc\u00e9s Gabriel Faur\u00e9, de qui\u00e9n se celebra este a\u00f1o el centenario de su muerte.<\/p>\n\n\n\n<p>La ciudad de \u00dabeda, fue la siguiente parada. La CNSB se present\u00f3 el jueves 21 de marzo, ante un entusiasta y maravilloso p\u00fablico, se presentaron en el Auditorio Hospital de \u00dabeda, con el concierto extraordinario \u201cDeo Gratias\u201d dentro del Festival Internacional de M\u00fasica y Danza, uno de los festivales m\u00e1s especiales del panorama nacional e internacional, con una programaci\u00f3n rica en diversidad y basada en la excelencia.<\/p>\n\n\n\n<figure class=\"wp-block-image size-large\"><img decoding=\"async\" width=\"1024\" height=\"576\" src=\"https:\/\/esreviral.com\/wp-content\/uploads\/2024\/03\/AnyConv.com__unnamed-50-1024x576.webp\" alt=\"\" class=\"wp-image-51168\" srcset=\"https:\/\/esreviral.com\/wp-content\/uploads\/2024\/03\/AnyConv.com__unnamed-50-1024x576.webp 1024w, https:\/\/esreviral.com\/wp-content\/uploads\/2024\/03\/AnyConv.com__unnamed-50-300x169.webp 300w, https:\/\/esreviral.com\/wp-content\/uploads\/2024\/03\/AnyConv.com__unnamed-50-768x432.webp 768w, https:\/\/esreviral.com\/wp-content\/uploads\/2024\/03\/AnyConv.com__unnamed-50-1536x864.webp 1536w, https:\/\/esreviral.com\/wp-content\/uploads\/2024\/03\/AnyConv.com__unnamed-50-750x422.webp 750w, https:\/\/esreviral.com\/wp-content\/uploads\/2024\/03\/AnyConv.com__unnamed-50-1140x641.webp 1140w, https:\/\/esreviral.com\/wp-content\/uploads\/2024\/03\/AnyConv.com__unnamed-50.webp 1600w\" sizes=\"(max-width: 1024px) 100vw, 1024px\" \/><\/figure>\n\n\n\n<p>El programa inici\u00f3 con la interpretaci\u00f3n del\u00a0<em>R\u00e9quiem<\/em>\u00a0de Faur\u00e9. En la segunda parte:\u00a0<em>Ave Mar\u00eda<\/em>\u00a0de Anton Bruckner;\u00a0<em>Crucifixus<\/em>\u00a0de Antonio Lotti; Schaffe<em>\u00a0in mir, gott, ein rein herz<\/em>\u00a0de Johannes Brahms;\u00a0<em>Luceat eis. Juan 15: 13<\/em>\u00a0de Timothy C. Takach;\u00a0<em>O sacrum convivium<\/em>\u00a0de Antonio de Salazar;\u00a0<em>Ave Maris Stella<\/em>\u00a0de Eva Ugalde;\u00a0<em>The conversion of Saul<\/em>\u00a0de Randall Stroope; Crux<em>\u00a0fidelis<\/em>\u00a0de C\u00e9sar Alejandro Carrillo y\u00a0<em>Deo gratias<\/em>\u00a0de Urmas Sisask. Con la interpretaci\u00f3n de\u00a0<em>Amor de mi alma<\/em>\u00a0de R. Stroope la coral agradeci\u00f3 las muestras de afecto que les brind\u00f3 el p\u00fablico asistente.<\/p>\n\n\n\n<p>Continuando con su ruta art\u00edstica, La Coral se present\u00f3 el viernes 22, en el Museo de Federico Garc\u00eda Lorca, -antigua casa del artista granadino, uno de los dramaturgos y poetas m\u00e1s influyentes de la literatura espa\u00f1ola- en un formato innovador en el cual proyectaron sus voces en las instalaciones exteriores del museo para sorprender a los presentes.<\/p>\n\n\n\n<p>Un sugestivo repertorio entreteji\u00f3 la poes\u00eda y la m\u00fasica de autores y compositores venezolanos, coronado por la poes\u00eda de Federico Garc\u00eda Lorca:\u00a0<em>Al mar anochecido<\/em>. Poes\u00eda: Juan Ram\u00f3n Jim\u00e9nez. M\u00fasica: Gonzalo Castellanos Yumar;\u00a0<em>Sol que das vida a los trigos<\/em>. Poes\u00eda: Manuel Felipe Rugeles. M\u00fasica: Jos\u00e9 Antonio Abreu; Canci\u00f3n<em>\u00a0de jinete<\/em>. Poes\u00eda: Federico Garc\u00eda Lorca. M\u00fasica: Juan Carlos N\u00fa\u00f1ez y\u00a0<em>Nocturnos de la ventana.\u00a0<\/em>Poes\u00eda: Federico Garc\u00eda Lorca y M\u00fasica de Francesc Vila i Ginferrer.<\/p>\n\n\n\n<figure class=\"wp-block-image size-large\"><img decoding=\"async\" width=\"1024\" height=\"576\" src=\"https:\/\/esreviral.com\/wp-content\/uploads\/2024\/03\/AnyConv.com__unnamed-49-1024x576.webp\" alt=\"\" class=\"wp-image-51169\" srcset=\"https:\/\/esreviral.com\/wp-content\/uploads\/2024\/03\/AnyConv.com__unnamed-49-1024x576.webp 1024w, https:\/\/esreviral.com\/wp-content\/uploads\/2024\/03\/AnyConv.com__unnamed-49-300x169.webp 300w, https:\/\/esreviral.com\/wp-content\/uploads\/2024\/03\/AnyConv.com__unnamed-49-768x432.webp 768w, https:\/\/esreviral.com\/wp-content\/uploads\/2024\/03\/AnyConv.com__unnamed-49-1536x864.webp 1536w, https:\/\/esreviral.com\/wp-content\/uploads\/2024\/03\/AnyConv.com__unnamed-49-750x422.webp 750w, https:\/\/esreviral.com\/wp-content\/uploads\/2024\/03\/AnyConv.com__unnamed-49-1140x641.webp 1140w, https:\/\/esreviral.com\/wp-content\/uploads\/2024\/03\/AnyConv.com__unnamed-49.webp 1600w\" sizes=\"(max-width: 1024px) 100vw, 1024px\" \/><\/figure>\n\n\n\n<p>Posteriormente, en el patio del Palacio Carlos V La Alhambra -complejo monumental sobre una ciudad palatina andaluz situada en Granada, de antiguos palacios, jardines y fortalezas construido entre los siglos XII y XIV- en la plaza circular central, los coralistas realizaron un conmovedor y creativo\u00a0<em>Flashmob<\/em>\u00a0interpretando\u00a0<em>O salutaris hostia<\/em>\u00a0de Vytautas Miskinis;\u00a0<em>Deo gratias<\/em>\u00a0de Urmas Sisask y\u00a0<em>Tshotsholoza<\/em>\u00a0de Jeffery Ames, como regalo para los citadinos y turistas, que emocionados y gratamente, aplaudieron efusivamente.<\/p>\n\n\n\n<p>Los embajadores art\u00edsticos venezolanos ofrecieron una presentaci\u00f3n extraordinaria de Semana Santa, dentro de la programaci\u00f3n en el escenario del hermoso Auditorio del Centro Manuel de Falla, el s\u00e1bado 23 de marzo, con el concierto\u00a0<em>\u201cEt cum spiritu tuo\u201d\u00a0<\/em>que cont\u00f3 con la participaci\u00f3n de los coros Angeli Pueri Cantores de la Catedral de Granada y el Joven Coro de la OCG, ambos dirigidos por H\u00e9ctor Eliel M\u00e1rquez.<\/p>\n\n\n\n<p>La CNSB inici\u00f3 el concierto con la interpretaci\u00f3n de un variado repertorio sacro a capella:\u00a0<em>O sacrum convivium<\/em>\u00a0de Antonio de Salazar;\u00a0<em>Ave Mar\u00eda<\/em>\u00a0de Jos\u00e9 Antonio Abreu;\u00a0<em>Ave Mar\u00eda Stella<\/em>\u00a0de Trond Kverno;\u00a0<em>Crux fidelis<\/em>\u00a0de Alberto Balzanelli;\u00a0<em>o salutaris hostia<\/em>\u00a0de \u0112riks E\u0161envalds;\u00a0<em>Mar\u00eda Magdalena et altera Mar\u00eda<\/em>\u00a0de Francisco Guerrero y\u00a0<em>Pueri hebraeorum<\/em>\u00a0de Tom\u00e1s Luis de Victoria.<\/p>\n\n\n\n<figure class=\"wp-block-image size-large\"><img loading=\"lazy\" decoding=\"async\" width=\"1024\" height=\"576\" src=\"https:\/\/esreviral.com\/wp-content\/uploads\/2024\/03\/AnyConv.com__unnamed-51-1024x576.webp\" alt=\"\" class=\"wp-image-51170\" srcset=\"https:\/\/esreviral.com\/wp-content\/uploads\/2024\/03\/AnyConv.com__unnamed-51-1024x576.webp 1024w, https:\/\/esreviral.com\/wp-content\/uploads\/2024\/03\/AnyConv.com__unnamed-51-300x169.webp 300w, https:\/\/esreviral.com\/wp-content\/uploads\/2024\/03\/AnyConv.com__unnamed-51-768x432.webp 768w, https:\/\/esreviral.com\/wp-content\/uploads\/2024\/03\/AnyConv.com__unnamed-51-1536x864.webp 1536w, https:\/\/esreviral.com\/wp-content\/uploads\/2024\/03\/AnyConv.com__unnamed-51-750x422.webp 750w, https:\/\/esreviral.com\/wp-content\/uploads\/2024\/03\/AnyConv.com__unnamed-51-1140x641.webp 1140w, https:\/\/esreviral.com\/wp-content\/uploads\/2024\/03\/AnyConv.com__unnamed-51.webp 1600w\" sizes=\"(max-width: 1024px) 100vw, 1024px\" \/><\/figure>\n\n\n\n<p>Seguidamente en un canto com\u00fan, los venezolanos compartieron escenario con los dos j\u00f3venes coros locales para juntos entonar\u00a0<em>Se\u00f1or, me cansa la vida<\/em>\u00a0de Juan Alfonso Garc\u00eda; O piisima Stella Mar\u00eda -del tr\u00edptico Stella Coeli- de H\u00e9ctor Eliel M\u00e1rquez, quien adem\u00e1s de ser el compositor de esta obra, los dirigi\u00f3. Luego, la maestra S\u00e1nchez continu\u00f3 el canto com\u00fan con\u00a0<em>Nocturnos de la ventana<\/em>\u00a0de Federico Garc\u00eda Lorca. M\u00fasica: F. Vila y el\u00a0<em>R\u00e9quiem<\/em>\u00a0de Gabriel Faur\u00e9.<\/p>\n\n\n\n<p>La gira cumpli\u00f3 el domingo 24 de marzo en la Catedral de Santiago de Compostela; el lunes 25, en el Teatro Filarm\u00f3nica de Oviedo; el martes 26 en la Iglesia del Seminario Mayor de Comillas en Cantabria, y continuar\u00e1 mi\u00e9rcoles 27, en la Catedral de Burgos y culminar\u00e1 el s\u00e1bado 30 en el Ateneo de Madrid.<\/p>\n\n\n\n<p>Difundir a trav\u00e9s de sus m\u00fasicos y coralistas, la triple dimensi\u00f3n pedag\u00f3gica, social y art\u00edstica es mostrar la cultura de paz que desarrolla El Sistema, cuyo \u00f3rgano rector es la Fundaci\u00f3n Musical Sim\u00f3n Bol\u00edvar, ente adscrito al Ministerio del Poder Popular para el Despacho de la Presidencia y Seguimiento de la Gesti\u00f3n de Gobierno de la Rep\u00fablica Bolivariana de Venezuela.<\/p>\n\n\n\n<p class=\"has-text-align-right\"><em><strong>Prensa El Sistema.-<\/strong><\/em><\/p>\n","protected":false},"excerpt":{"rendered":"<p>Conciertos en Badajoz, \u00dabeda y Granada, actividades acad\u00e9micas y grabaci\u00f3n en Radio Nacional de Espa\u00f1a en Madrid, consolidaron la imagen de la Coral Nacional Sim\u00f3n Bol\u00edvar en las primeras cuatro ciudades que visitaron en Espa\u00f1a<\/p>\n","protected":false},"author":3,"featured_media":51166,"comment_status":"open","ping_status":"open","sticky":false,"template":"","format":"standard","meta":{"jnews-multi-image_gallery":[],"jnews_single_post":{"subtitle":"","format":"standard","video":"","gallery":"","source_name":"","source_url":"","via_name":"","via_url":"","override_template":"0","override":[{"template":"4","single_blog_custom":"","parallax":"1","fullscreen":"1","layout":"right-sidebar","sidebar":"default-sidebar","second_sidebar":"default-sidebar","sticky_sidebar":"1","share_position":"top","share_float_style":"share-monocrhome","show_share_counter":"1","show_view_counter":"1","show_featured":"1","show_post_meta":"1","show_post_author":"1","show_post_author_image":"1","show_post_date":"1","post_date_format":"default","post_date_format_custom":"Y\/m\/d","show_post_category":"1","show_post_reading_time":"1","post_reading_time_wpm":"300","show_zoom_button":"1","zoom_button_out_step":"2","zoom_button_in_step":"3","show_post_tag":"1","show_prev_next_post":"1","show_popup_post":"1","number_popup_post":"1","show_author_box":"1","show_post_related":"1","show_inline_post_related":"0"}],"override_image_size":"0","image_override":[{"single_post_thumbnail_size":"crop-500","single_post_gallery_size":"crop-500"}],"trending_post":"0","trending_post_position":"meta","trending_post_label":"Trending","sponsored_post":"0","sponsored_post_label":"Sponsored by","sponsored_post_name":"","sponsored_post_url":"","sponsored_post_logo_enable":"0","sponsored_post_logo":"","sponsored_post_desc":"","disable_ad":"0"},"jnews_primary_category":{"id":"","hide":""},"jnews_social_meta":{"fb_title":"","fb_description":"","fb_image":"","twitter_title":"","twitter_description":"","twitter_image":""},"jnews_review":[],"enable_review":"0","type":"percentage","name":"","summary":"","brand":"","sku":"","good":[{"good_text":""}],"bad":[{"bad_text":""}],"score_override":"","override_value":"","rating":[{"rating_text":"","rating_number":"10"}],"price":[{"shop":"","price":"","link":"","icon":""}],"jnews_override_counter":{"override_view_counter":"0","view_counter_number":"0","override_share_counter":"0","share_counter_number":"0","override_like_counter":"0","like_counter_number":"0","override_dislike_counter":"0","dislike_counter_number":"0"},"jnews_post_split":{"enable_post_split":"0","post_split":[{"template":"1","tag":"h2","numbering":"asc","mode":"normal","first":"0","enable_toc":"0","toc_type":"normal"}]},"footnotes":""},"categories":[1142],"tags":[14336,12836,148,45,676,56],"class_list":["post-51165","post","type-post","status-publish","format-standard","has-post-thumbnail","hentry","category-musica","tag-cnsb","tag-coral-nacional-simon-bolivar","tag-espana","tag-noticias","tag-semana-santa","tag-venezuela"],"amp_enabled":true,"_links":{"self":[{"href":"https:\/\/esreviral.com\/index.php?rest_route=\/wp\/v2\/posts\/51165"}],"collection":[{"href":"https:\/\/esreviral.com\/index.php?rest_route=\/wp\/v2\/posts"}],"about":[{"href":"https:\/\/esreviral.com\/index.php?rest_route=\/wp\/v2\/types\/post"}],"author":[{"embeddable":true,"href":"https:\/\/esreviral.com\/index.php?rest_route=\/wp\/v2\/users\/3"}],"replies":[{"embeddable":true,"href":"https:\/\/esreviral.com\/index.php?rest_route=%2Fwp%2Fv2%2Fcomments&post=51165"}],"version-history":[{"count":0,"href":"https:\/\/esreviral.com\/index.php?rest_route=\/wp\/v2\/posts\/51165\/revisions"}],"wp:featuredmedia":[{"embeddable":true,"href":"https:\/\/esreviral.com\/index.php?rest_route=\/wp\/v2\/media\/51166"}],"wp:attachment":[{"href":"https:\/\/esreviral.com\/index.php?rest_route=%2Fwp%2Fv2%2Fmedia&parent=51165"}],"wp:term":[{"taxonomy":"category","embeddable":true,"href":"https:\/\/esreviral.com\/index.php?rest_route=%2Fwp%2Fv2%2Fcategories&post=51165"},{"taxonomy":"post_tag","embeddable":true,"href":"https:\/\/esreviral.com\/index.php?rest_route=%2Fwp%2Fv2%2Ftags&post=51165"}],"curies":[{"name":"wp","href":"https:\/\/api.w.org\/{rel}","templated":true}]}}