{"id":51117,"date":"2024-03-26T07:45:23","date_gmt":"2024-03-26T12:45:23","guid":{"rendered":"https:\/\/esreviral.com\/?p=51117"},"modified":"2024-03-26T07:45:24","modified_gmt":"2024-03-26T12:45:24","slug":"rosario-gobierno-confirma-cinco-nuevos-ataques-con-amenazas-a-politicos-periodistas-y-gremios","status":"publish","type":"post","link":"https:\/\/esreviral.com\/?p=51117","title":{"rendered":"Rosario: Gobierno confirma cinco nuevos ataques con amenazas a pol\u00edticos, periodistas y gremios"},"content":{"rendered":"\n<p>En medio de la escalada de violencia narco que azota a Rosario, el Gobierno de Santa Fe confirm\u00f3 este martes que en las \u00faltimas horas hubo&nbsp;<strong>cinco nuevos ataques con amenazas para pol\u00edticos, periodistas y gremios&nbsp;<\/strong>en la Ciudad. Lo inform\u00f3 el ministro de Justicia y Seguridad, Pablo Cococcioni, quien consider\u00f3 que los narcos intentan<strong>&nbsp;\u00abno perder privilegios\u00bb.<\/strong><\/p>\n\n\n\n<p>\u00abHa habido cinco incidentes de relevancia, cuatro relacionados con colectivos entre las 9 y las 11 de la noche. El primero un cartel con amenaza sin ataque, en los otros tres hubo ataque, se est\u00e1 esclareciendo la modalidad del ataque. Luego, un quinto hecho, el cartel encontrado en un supermercado a las 23.40, menciona periodistas, pol\u00edticos, a nosotros, a varios gremios o grupos.<strong>&nbsp;Como nos tienen este tipo de delincuentes acostumbrados<\/strong>\u00ab, sostuvo Coccoccioni en conferencia de prensa.<\/p>\n\n\n\n<p>Seg\u00fan analiz\u00f3 el funcionario, \u00abson reacciones de pol\u00edticas llevadas adelante por el gobierno nacional y provincial y se van a mantener firmes las pol\u00edticas penitenciarias fundamentalmente\u00bb.<\/p>\n\n\n\n<p>En esa misma l\u00ednea, el ministro santafesino ejemplific\u00f3: \u00abEn la primera nota hay una referencia clara a un&nbsp;<strong>intento de recuperar privilegios<\/strong>&nbsp;que han tenido y desde el 11 de diciembre se han empezado a cortar\u00bb.<\/p>\n\n\n\n<p>Los nuevos ataques con amenazas que aumentan la preocupaci\u00f3n en la ciudad se suman a la\u00a0<a href=\"https:\/\/esreviral.com\/amenazaron-a-la-familia-de-angel-di-maria-en-rosario\/\" data-type=\"link\" data-id=\"https:\/\/esreviral.com\/amenazaron-a-la-familia-de-angel-di-maria-en-rosario\/\">intimidaci\u00f3n que fue noticia este lunes<\/a>\u00a0y ten\u00eda como destinatario al futbolista del seleccionado \u00c1ngel Di Mar\u00eda y su familia.<\/p>\n\n\n\n<p>El mensaje intimidatorio apuntaba contra un posible regreso del campe\u00f3n del mundo a su ciudad natal para jugar en Rosario Central. \u201cNi Pullaro te va a salvar\u201d, dice el mensaje que apareci\u00f3 en la puerta del country Funes Hills.<\/p>\n\n\n\n<p>La amenaza fue recibida cerca de las 2.30 del lunes en la zona de Funes, cerca de la ciudad de Rosario. Seg\u00fan un comunicado del propio barrio, el jefe de seguridad asegur\u00f3 adem\u00e1s haber escuchado 4 disparos. El mismo escrito est\u00e1 identificado el veh\u00edculo desde el que se arroj\u00f3 la amenaza, un Renault Megan color gris. De acuerdo a los primeros informes policiales, desde ese auto, \u00abque se detuvo unos 15 segundos\u00bb, arrojaron un cartel en un nylon negro con la leyenda \u00abfamilia Di Mar\u00eda\u00bb.<\/p>\n\n\n\n<p><strong><mark style=\"background-color:rgba(0, 0, 0, 0)\" class=\"has-inline-color has-vivid-red-color\">El paro de transporte en Rosario: \u00abSaldr\u00e1n a trabajar cuando se sientan seguros\u00bb<\/mark><\/strong><\/p>\n\n\n\n<p>Consultado sobre el paro de transporte en la ciudad, Cococcioni destac\u00f3 que el Gobierno no va a presionar para que vuelvan a trabajar \u00abhasta que no se sientan seguros\u00bb.<\/p>\n\n\n\n<figure class=\"wp-block-image size-full\"><img fetchpriority=\"high\" decoding=\"async\" width=\"960\" height=\"640\" src=\"https:\/\/esreviral.com\/wp-content\/uploads\/2023\/02\/AnyConv.com__701134-colectivos-20dota.webp\" alt=\"\" class=\"wp-image-31960\" srcset=\"https:\/\/esreviral.com\/wp-content\/uploads\/2023\/02\/AnyConv.com__701134-colectivos-20dota.webp 960w, https:\/\/esreviral.com\/wp-content\/uploads\/2023\/02\/AnyConv.com__701134-colectivos-20dota-300x200.webp 300w, https:\/\/esreviral.com\/wp-content\/uploads\/2023\/02\/AnyConv.com__701134-colectivos-20dota-768x512.webp 768w, https:\/\/esreviral.com\/wp-content\/uploads\/2023\/02\/AnyConv.com__701134-colectivos-20dota-750x500.webp 750w\" sizes=\"(max-width: 960px) 100vw, 960px\" \/><\/figure>\n\n\n\n<p>\u00abNo vamos a convencer a nadie, vamos a poner a disposici\u00f3n todos nuestros recursos y ellos saldr\u00e1n cuando se sientan seguros. Nosotros vamos a poner todo de nuestra parte pero no vamos a ejercer ninguna presi\u00f3n para que vuelvan a trabajar si no se sienten seguros\u00bb, precis\u00f3.<\/p>\n\n\n\n<p>El paro de transporte hab\u00eda sido confirmado en las \u00faltimas horas por la seccional rosario de la Uni\u00f3n Tranviarios Automotor (UTA), despu\u00e9s de un nuevo ataque contra una unidad, en el barrio Las Delicias, en la zona sur de la ciudad.<\/p>\n\n\n\n<p>El paro comenz\u00f3 a las 22.30 de este lunes que afecta al servicio urbano e interurbano de Rosario y por tiempo indeterminado.<\/p>\n\n\n\n<p>\u00abSon hechos muy dif\u00edciles de anticipar o prever, pero igualmente en el transcurso del d\u00eda los vamos a estar escuchando y vamos a ofrecerles todos los recursos que tenemos a nuestro alcance\u00bb, dijo Cococcioni antes de un nueva reuni\u00f3n con los representante del transporte.<\/p>\n\n\n\n<p class=\"has-text-align-right\"><strong><em>Clarin.<\/em><\/strong><\/p>\n","protected":false},"excerpt":{"rendered":"<p>Lo revel\u00f3 el ministro de Justicia y Seguridad de la provincia, Pablo Cococcioni, en conferencia de prensa.<br \/>\nConsider\u00f3 que los narcos intentan \u00abno perder privilegios\u00bb.<\/p>\n","protected":false},"author":3,"featured_media":51118,"comment_status":"open","ping_status":"open","sticky":false,"template":"","format":"standard","meta":{"jnews-multi-image_gallery":[],"jnews_single_post":{"subtitle":"","format":"standard","video":"","gallery":"","source_name":"","source_url":"","via_name":"","via_url":"","override_template":"0","override":[{"template":"4","single_blog_custom":"","parallax":"1","fullscreen":"1","layout":"right-sidebar","sidebar":"default-sidebar","second_sidebar":"default-sidebar","sticky_sidebar":"1","share_position":"top","share_float_style":"share-monocrhome","show_share_counter":"1","show_view_counter":"1","show_featured":"1","show_post_meta":"1","show_post_author":"1","show_post_author_image":"1","show_post_date":"1","post_date_format":"default","post_date_format_custom":"Y\/m\/d","show_post_category":"1","show_post_reading_time":"1","post_reading_time_wpm":"300","show_zoom_button":"1","zoom_button_out_step":"2","zoom_button_in_step":"3","show_post_tag":"1","show_prev_next_post":"1","show_popup_post":"1","number_popup_post":"1","show_author_box":"1","show_post_related":"1","show_inline_post_related":"0"}],"override_image_size":"0","image_override":[{"single_post_thumbnail_size":"crop-500","single_post_gallery_size":"crop-500"}],"trending_post":"0","trending_post_position":"meta","trending_post_label":"Trending","sponsored_post":"0","sponsored_post_label":"Sponsored by","sponsored_post_name":"","sponsored_post_url":"","sponsored_post_logo_enable":"0","sponsored_post_logo":"","sponsored_post_desc":"","disable_ad":"0"},"jnews_primary_category":{"id":"","hide":""},"jnews_social_meta":{"fb_title":"","fb_description":"","fb_image":"","twitter_title":"","twitter_description":"","twitter_image":""},"jnews_review":[],"enable_review":"0","type":"percentage","name":"","summary":"","brand":"","sku":"","good":[{"good_text":""}],"bad":[{"bad_text":""}],"score_override":"","override_value":"","rating":[{"rating_text":"","rating_number":"10"}],"price":[{"shop":"","price":"","link":"","icon":""}],"jnews_override_counter":{"override_view_counter":"0","view_counter_number":"0","override_share_counter":"0","share_counter_number":"0","override_like_counter":"0","like_counter_number":"0","override_dislike_counter":"0","dislike_counter_number":"0"},"jnews_post_split":{"enable_post_split":"0","post_split":[{"template":"1","tag":"h2","numbering":"asc","mode":"normal","first":"0","enable_toc":"0","toc_type":"normal"}]},"footnotes":""},"categories":[58,64],"tags":[7585,44,14065,1255,45,14315,217],"class_list":["post-51117","post","type-post","status-publish","format-standard","has-post-thumbnail","hentry","category-argentina","category-sucesos","tag-amenazas","tag-argentina","tag-gobierno-de-santa-fe","tag-narcotrafico","tag-noticias","tag-nuevos-ataques","tag-rosario"],"amp_enabled":true,"_links":{"self":[{"href":"https:\/\/esreviral.com\/index.php?rest_route=\/wp\/v2\/posts\/51117"}],"collection":[{"href":"https:\/\/esreviral.com\/index.php?rest_route=\/wp\/v2\/posts"}],"about":[{"href":"https:\/\/esreviral.com\/index.php?rest_route=\/wp\/v2\/types\/post"}],"author":[{"embeddable":true,"href":"https:\/\/esreviral.com\/index.php?rest_route=\/wp\/v2\/users\/3"}],"replies":[{"embeddable":true,"href":"https:\/\/esreviral.com\/index.php?rest_route=%2Fwp%2Fv2%2Fcomments&post=51117"}],"version-history":[{"count":0,"href":"https:\/\/esreviral.com\/index.php?rest_route=\/wp\/v2\/posts\/51117\/revisions"}],"wp:featuredmedia":[{"embeddable":true,"href":"https:\/\/esreviral.com\/index.php?rest_route=\/wp\/v2\/media\/51118"}],"wp:attachment":[{"href":"https:\/\/esreviral.com\/index.php?rest_route=%2Fwp%2Fv2%2Fmedia&parent=51117"}],"wp:term":[{"taxonomy":"category","embeddable":true,"href":"https:\/\/esreviral.com\/index.php?rest_route=%2Fwp%2Fv2%2Fcategories&post=51117"},{"taxonomy":"post_tag","embeddable":true,"href":"https:\/\/esreviral.com\/index.php?rest_route=%2Fwp%2Fv2%2Ftags&post=51117"}],"curies":[{"name":"wp","href":"https:\/\/api.w.org\/{rel}","templated":true}]}}