{"id":50994,"date":"2024-03-22T09:44:49","date_gmt":"2024-03-22T14:44:49","guid":{"rendered":"https:\/\/esreviral.com\/?p=50994"},"modified":"2024-03-22T09:44:50","modified_gmt":"2024-03-22T14:44:50","slug":"revelan-la-inquietante-confesion-del-peluquero-asesino-en-recoleta","status":"publish","type":"post","link":"https:\/\/esreviral.com\/?p=50994","title":{"rendered":"Revelan la inquietante confesi\u00f3n del peluquero asesino en recoleta"},"content":{"rendered":"\n<p>Horas antes de asesinar a\u00a0<strong>Gabriel Medina<\/strong>, el colorista asesinado de\u00a0<a href=\"https:\/\/esreviral.com\/video-un-empleado-de-una-peluqueria-mato-a-otro-de-un-tiro-en-la-cabeza\/\" data-type=\"link\" data-id=\"https:\/\/esreviral.com\/video-un-empleado-de-una-peluqueria-mato-a-otro-de-un-tiro-en-la-cabeza\/\">un balazo en la cabeza en una peluquer\u00eda de Recoleta<\/a>, el estilista que recibi\u00f3 un disparo en la cabeza en la peluquer\u00eda Verdini de Recoleta,\u00a0<strong>Abel Guzm\u00e1n mantuvo un breve di\u00e1logo con la cajera de un supermercado<\/strong>, a quien le entreg\u00f3<strong>\u00a0una frase estremecedora.<\/strong><\/p>\n\n\n\n<p>Cuando la joven le pregunt\u00f3 las razones de su nuevo corte de pelo (Guzm\u00e1n se rap\u00f3 la cabeza esa ma\u00f1ana), \u00e9l respondi\u00f3:\u00a0<strong>\u201cPorque voy a matar a alguien\u201d.<\/strong><\/p>\n\n\n\n<p>La empleada del comercio realiz\u00f3 esta confesi\u00f3n en di\u00e1logo con&nbsp;<em>Clar\u00edn<\/em>. All\u00ed agreg\u00f3: \u201cPens\u00e9 que lo dec\u00eda en chiste.&nbsp;<strong>\u00bfQui\u00e9n podr\u00eda pensar que lo dec\u00eda en serio?<\/strong>\u201d.<\/p>\n\n\n\n<p><strong><mark style=\"background-color:rgba(0, 0, 0, 0)\" class=\"has-inline-color has-vivid-red-color\">Qui\u00e9n es Abel Guzm\u00e1n, el empleado que asesin\u00f3 a su compa\u00f1ero de un disparo en una peluquer\u00eda de Recoleta<\/mark><\/strong><\/p>\n\n\n\n<p>Guzm\u00e1n es un hombre de trayectoria en el mundo de las peluquer\u00edas,&nbsp;<strong>conocido por su trabajo con tratamientos de keratina<\/strong>, una habilidad que perfeccion\u00f3 durante m\u00e1s de 7 a\u00f1os en el sal\u00f3n de Facundo Verdini, ubicado en Beruti al 3000, en Recoleta.<\/p>\n\n\n\n<p>Aunque ten\u00eda su clientela,\u00a0<strong>era percibido como un solitario y retra\u00eddo<\/strong>, a diferencia de la v\u00edctima, que se caracterizaba por ser muy sociable. Los colegas suyos describ\u00edan\u00a0<strong>una tensi\u00f3n creciente entre \u00e9l y Medina<\/strong>, alimentada por problemas de ego y disputas sobre la clientela.<\/p>\n\n\n\n<figure class=\"wp-block-image size-full\"><img fetchpriority=\"high\" decoding=\"async\" width=\"767\" height=\"431\" src=\"https:\/\/esreviral.com\/wp-content\/uploads\/2024\/03\/D4AOMTCKORAQPKZD3QFG2THVLM.webp\" alt=\"\" class=\"wp-image-50996\" srcset=\"https:\/\/esreviral.com\/wp-content\/uploads\/2024\/03\/D4AOMTCKORAQPKZD3QFG2THVLM.webp 767w, https:\/\/esreviral.com\/wp-content\/uploads\/2024\/03\/D4AOMTCKORAQPKZD3QFG2THVLM-300x169.webp 300w, https:\/\/esreviral.com\/wp-content\/uploads\/2024\/03\/D4AOMTCKORAQPKZD3QFG2THVLM-750x421.webp 750w\" sizes=\"(max-width: 767px) 100vw, 767px\" \/><\/figure>\n\n\n\n<p>\u201cEra medio raro.&nbsp;<strong>No te ibas a imaginar que pod\u00eda matar a los compa\u00f1eros<\/strong>, pero s\u00ed not\u00e9 que era muy observador de todo lo que pasaba en el local. A veces se tildaba mirando las situaciones que pasaban a su alrededor\u201d, expres\u00f3 una clienta sobre Guzm\u00e1n en charla con&nbsp;<em>Clar\u00edn<\/em>.<\/p>\n\n\n\n<p>Guzm\u00e1n ten\u00eda a personas conocidas en la esfera p\u00fablica dentro de su clientela, como el caso de la vedette Valeria Degenaro, quien le coment\u00f3 en una publicaci\u00f3n de Instagram en 2021: \u201cAyyy tengo que volver a ir\u201d. Un dato que sorprendi\u00f3 es que, poco antes de cometer el crimen, se rap\u00f3 la cabeza, algo que jam\u00e1s hab\u00eda hecho.<\/p>\n\n\n\n<p><strong><mark style=\"background-color:rgba(0, 0, 0, 0)\" class=\"has-inline-color has-vivid-red-color\">Qu\u00e9 dijo el abogado del due\u00f1o de la peluquer\u00eda de Recoleta<\/mark><\/strong><\/p>\n\n\n\n<p>Cristian Ben\u00edtez, el abogado del due\u00f1o de la peluquer\u00eda Verdini de Recoleta, manifest\u00f3 que no hubo<strong>&nbsp;\u201cinconvenientes, peleas ni discusiones\u201d&nbsp;<\/strong>que anticiparan la tragedia. \u201cPudo ser un tema de egos\u201d, arriesg\u00f3.<\/p>\n\n\n\n<p>\u201cHab\u00edan terminado el d\u00eda de trabajo y eran las \u00fanicas cinco personas que estaban.\u00a0<strong>Se juntaron para distenderse y despu\u00e9s cerrar el local\u201d<\/strong>, relat\u00f3 el letrado.<\/p>\n\n\n\n<figure class=\"wp-block-image size-large\"><img decoding=\"async\" width=\"1024\" height=\"574\" src=\"https:\/\/esreviral.com\/wp-content\/uploads\/2024\/03\/asesinato-peluqueriajpg-1024x574.webp\" alt=\"\" class=\"wp-image-50894\" srcset=\"https:\/\/esreviral.com\/wp-content\/uploads\/2024\/03\/asesinato-peluqueriajpg-1024x574.webp 1024w, https:\/\/esreviral.com\/wp-content\/uploads\/2024\/03\/asesinato-peluqueriajpg-300x168.webp 300w, https:\/\/esreviral.com\/wp-content\/uploads\/2024\/03\/asesinato-peluqueriajpg-768x430.webp 768w, https:\/\/esreviral.com\/wp-content\/uploads\/2024\/03\/asesinato-peluqueriajpg-750x420.webp 750w, https:\/\/esreviral.com\/wp-content\/uploads\/2024\/03\/asesinato-peluqueriajpg.webp 1140w\" sizes=\"(max-width: 1024px) 100vw, 1024px\" \/><\/figure>\n\n\n\n<p>Consternado por lo ocurrido y sin demasiadas certezas, agreg\u00f3: \u201cPor lo que se ve en las im\u00e1genes, entiendo que hab\u00eda alg\u00fan tipo de encono entre ellos y utiliz\u00f3 ese momento para&nbsp;<strong>descargar la ira.<\/strong>&nbsp;Otra explicaci\u00f3n no le encontramos\u201d.<\/p>\n\n\n\n<p>\u201cNo era una reuni\u00f3n de trabajo, sino una situaci\u00f3n de tratar de pasar el tiempo hasta poder retirarse\u201d, reconstruy\u00f3 Ben\u00edtez. De acuerdo a su testimonio, Medina estaba contando sobre una fiesta a la que hab\u00eda concurrido y, de un momento a otro, Abel Guzm\u00e1n sac\u00f3 un arma,&nbsp;<strong>le dispar\u00f3 a sangre fr\u00eda y escap\u00f3 por una ventana.<\/strong><\/p>\n\n\n\n<p>Tambi\u00e9n confirm\u00f3 que ambos, tanto \u00e9l como la v\u00edctima, eran coloristas y especul\u00f3 con la posibilidad de que esto hubiera sido el detonante del conflicto. \u201cPuede ser un\u00a0<strong>tema de egos\u00a0<\/strong>o cuestiones personales por cumplir la misma funci\u00f3n\u201d, complet\u00f3.<\/p>\n\n\n\n<p><strong><em><mark style=\"background-color:rgba(0, 0, 0, 0)\" class=\"has-inline-color has-vivid-red-color\"><a href=\"https:\/\/esreviral.com\/hermana-del-peluquero-asesinado-en-recoleta-podria-cambiar-el-rumbo-de-la-investigacion\/\" data-type=\"link\" data-id=\"https:\/\/esreviral.com\/hermana-del-peluquero-asesinado-en-recoleta-podria-cambiar-el-rumbo-de-la-investigacion\/\">Lea Tambi\u00e9n: Hermana del Peluquero Asesinado en Recoleta Podr\u00eda Cambiar el Rumbo de la Investigaci\u00f3n<\/a><\/mark><\/em><\/strong><\/p>\n\n\n\n<p class=\"has-text-align-right\"><strong><em>TN.-<\/em><\/strong><\/p>\n","protected":false},"excerpt":{"rendered":"<p>Horas antes de matar a Gabriel Medina, el colorista Abel Guzm\u00e1n habl\u00f3 con la empleada de un comercio cercano a la peluquer\u00eda. \u201c\u00bfQui\u00e9n podr\u00eda pensar que lo dec\u00eda en serio?\u201d, expres\u00f3 la joven.<\/p>\n","protected":false},"author":3,"featured_media":50995,"comment_status":"open","ping_status":"open","sticky":false,"template":"","format":"standard","meta":{"jnews-multi-image_gallery":[],"jnews_single_post":{"subtitle":"","format":"standard","video":"","gallery":"","source_name":"","source_url":"","via_name":"","via_url":"","override_template":"0","override":[{"template":"4","single_blog_custom":"","parallax":"1","fullscreen":"1","layout":"right-sidebar","sidebar":"default-sidebar","second_sidebar":"default-sidebar","sticky_sidebar":"1","share_position":"top","share_float_style":"share-monocrhome","show_share_counter":"1","show_view_counter":"1","show_featured":"1","show_post_meta":"1","show_post_author":"1","show_post_author_image":"1","show_post_date":"1","post_date_format":"default","post_date_format_custom":"Y\/m\/d","show_post_category":"1","show_post_reading_time":"1","post_reading_time_wpm":"300","show_zoom_button":"1","zoom_button_out_step":"2","zoom_button_in_step":"3","show_post_tag":"1","show_prev_next_post":"1","show_popup_post":"1","number_popup_post":"1","show_author_box":"1","show_post_related":"1","show_inline_post_related":"0"}],"override_image_size":"0","image_override":[{"single_post_thumbnail_size":"crop-500","single_post_gallery_size":"crop-500"}],"trending_post":"0","trending_post_position":"meta","trending_post_label":"Trending","sponsored_post":"0","sponsored_post_label":"Sponsored by","sponsored_post_name":"","sponsored_post_url":"","sponsored_post_logo_enable":"0","sponsored_post_logo":"","sponsored_post_desc":"","disable_ad":"0"},"jnews_primary_category":{"id":"","hide":""},"jnews_social_meta":{"fb_title":"","fb_description":"","fb_image":"","twitter_title":"","twitter_description":"","twitter_image":""},"jnews_review":[],"enable_review":"0","type":"percentage","name":"","summary":"","brand":"","sku":"","good":[{"good_text":""}],"bad":[{"bad_text":""}],"score_override":"","override_value":"","rating":[{"rating_text":"","rating_number":"10"}],"price":[{"shop":"","price":"","link":"","icon":""}],"jnews_override_counter":{"override_view_counter":"0","view_counter_number":"0","override_share_counter":"0","share_counter_number":"0","override_like_counter":"0","like_counter_number":"0","override_dislike_counter":"0","dislike_counter_number":"0"},"jnews_post_split":{"enable_post_split":"0","post_split":[{"template":"1","tag":"h2","numbering":"asc","mode":"normal","first":"0","enable_toc":"0","toc_type":"normal"}]},"footnotes":""},"categories":[58,64],"tags":[44,281,2517,282,45,14267,12796,2480],"class_list":["post-50994","post","type-post","status-publish","format-standard","has-post-thumbnail","hentry","category-argentina","category-sucesos","tag-argentina","tag-asesinato","tag-crimen-2","tag-homicidio","tag-noticias","tag-peluqueria-de-recoleta","tag-peluquero-asesinado","tag-recoleta"],"amp_enabled":true,"_links":{"self":[{"href":"https:\/\/esreviral.com\/index.php?rest_route=\/wp\/v2\/posts\/50994"}],"collection":[{"href":"https:\/\/esreviral.com\/index.php?rest_route=\/wp\/v2\/posts"}],"about":[{"href":"https:\/\/esreviral.com\/index.php?rest_route=\/wp\/v2\/types\/post"}],"author":[{"embeddable":true,"href":"https:\/\/esreviral.com\/index.php?rest_route=\/wp\/v2\/users\/3"}],"replies":[{"embeddable":true,"href":"https:\/\/esreviral.com\/index.php?rest_route=%2Fwp%2Fv2%2Fcomments&post=50994"}],"version-history":[{"count":0,"href":"https:\/\/esreviral.com\/index.php?rest_route=\/wp\/v2\/posts\/50994\/revisions"}],"wp:featuredmedia":[{"embeddable":true,"href":"https:\/\/esreviral.com\/index.php?rest_route=\/wp\/v2\/media\/50995"}],"wp:attachment":[{"href":"https:\/\/esreviral.com\/index.php?rest_route=%2Fwp%2Fv2%2Fmedia&parent=50994"}],"wp:term":[{"taxonomy":"category","embeddable":true,"href":"https:\/\/esreviral.com\/index.php?rest_route=%2Fwp%2Fv2%2Fcategories&post=50994"},{"taxonomy":"post_tag","embeddable":true,"href":"https:\/\/esreviral.com\/index.php?rest_route=%2Fwp%2Fv2%2Ftags&post=50994"}],"curies":[{"name":"wp","href":"https:\/\/api.w.org\/{rel}","templated":true}]}}