{"id":50991,"date":"2024-03-22T09:29:56","date_gmt":"2024-03-22T14:29:56","guid":{"rendered":"https:\/\/esreviral.com\/?p=50991"},"modified":"2024-03-22T09:29:57","modified_gmt":"2024-03-22T14:29:57","slug":"incendio-en-un-departamento-de-recoleta-murio-una-persona","status":"publish","type":"post","link":"https:\/\/esreviral.com\/?p=50991","title":{"rendered":"Incendio en un departamento de Recoleta: muri\u00f3 una persona"},"content":{"rendered":"\n<p><strong>Un departamento ubicado en el cuarto piso se incendi\u00f3 en pleno barrio porte\u00f1o de Recoleta<\/strong>&nbsp;y por el fuego muri\u00f3 una persona. El hecho tuvo lugar este viernes por la ma\u00f1ana en la calle&nbsp;<strong>Juncal&nbsp;<\/strong>al 1900. La Polic\u00eda de la Ciudad, el&nbsp;<strong>Sistema de Atenci\u00f3n M\u00e9dica de Emergencias (SAME)&nbsp;<\/strong>y personal de Bomberos&nbsp;<strong>trabajan en el lugar.<\/strong><\/p>\n\n\n\n<p>Fuentes oficiales confirmaron al medio informativo de <em>La Naci\u00f3n<\/em> que \u201cel fuego se origin\u00f3 sobre prendas de vestir y mobiliario\u201d y que las llamas ya fueron apagadas por los oficiales en el lugar con una l\u00ednea de 38 mil\u00edmetros. Asimismo indicaron que<strong>\u00a0la v\u00edctima es un hombre mayor de edad.<\/strong><\/p>\n\n\n\n<p>El edificio afectado tiene cuatro pisos y ocho departamentos. Al enterarse del siniestro, personal de la Comisar\u00eda Vecinal 2A de la Polic\u00eda de la Ciudad colabor\u00f3 para liberar el paso de los Bomberos. Fue entonces que\u00a0<strong>el SAME sac\u00f3 del lugar a un hombre sin signos vitales y corrobor\u00f3 su fallecimiento.<\/strong><\/p>\n\n\n\n<p>Las autoridades realizan una inspecci\u00f3n en la zona a la vez que remueven objetos y ventilan el ambiente. Las causas del incendio a\u00fan est\u00e1n sujetas a investigaci\u00f3n.<\/p>\n\n\n\n<p><strong><em><mark style=\"background-color:rgba(0, 0, 0, 0)\" class=\"has-inline-color has-vivid-red-color\"><a href=\"https:\/\/esreviral.com\/mujer-murio-en-medio-del-temporal-en-caba\/\" data-type=\"link\" data-id=\"https:\/\/esreviral.com\/mujer-murio-en-medio-del-temporal-en-caba\/\">Lea Tambi\u00e9n: Mujer muri\u00f3 en medio del temporal en CABA<\/a><\/mark><\/em><\/strong><\/p>\n\n\n\n<p class=\"has-text-align-right\"><strong><em>LN.-<\/em><\/strong><\/p>\n","protected":false},"excerpt":{"rendered":"<p>Ocurri\u00f3 este viernes por la ma\u00f1ana en Juncal al 1900; a\u00fan se desconocen los motivos por los que se origin\u00f3 el fuego<\/p>\n","protected":false},"author":3,"featured_media":50992,"comment_status":"open","ping_status":"open","sticky":false,"template":"","format":"standard","meta":{"jnews-multi-image_gallery":[],"jnews_single_post":{"subtitle":"","format":"standard","video":"","gallery":"","source_name":"","source_url":"","via_name":"","via_url":"","override_template":"0","override":[{"template":"4","single_blog_custom":"","parallax":"1","fullscreen":"1","layout":"right-sidebar","sidebar":"default-sidebar","second_sidebar":"default-sidebar","sticky_sidebar":"1","share_position":"top","share_float_style":"share-monocrhome","show_share_counter":"1","show_view_counter":"1","show_featured":"1","show_post_meta":"1","show_post_author":"1","show_post_author_image":"1","show_post_date":"1","post_date_format":"default","post_date_format_custom":"Y\/m\/d","show_post_category":"1","show_post_reading_time":"1","post_reading_time_wpm":"300","show_zoom_button":"1","zoom_button_out_step":"2","zoom_button_in_step":"3","show_post_tag":"1","show_prev_next_post":"1","show_popup_post":"1","number_popup_post":"1","show_author_box":"1","show_post_related":"1","show_inline_post_related":"0"}],"override_image_size":"0","image_override":[{"single_post_thumbnail_size":"crop-500","single_post_gallery_size":"crop-500"}],"trending_post":"0","trending_post_position":"meta","trending_post_label":"Trending","sponsored_post":"0","sponsored_post_label":"Sponsored by","sponsored_post_name":"","sponsored_post_url":"","sponsored_post_logo_enable":"0","sponsored_post_logo":"","sponsored_post_desc":"","disable_ad":"0"},"jnews_primary_category":{"id":"","hide":""},"jnews_social_meta":{"fb_title":"","fb_description":"","fb_image":"","twitter_title":"","twitter_description":"","twitter_image":""},"jnews_review":[],"enable_review":"0","type":"percentage","name":"","summary":"","brand":"","sku":"","good":[{"good_text":""}],"bad":[{"bad_text":""}],"score_override":"","override_value":"","rating":[{"rating_text":"","rating_number":"10"}],"price":[{"shop":"","price":"","link":"","icon":""}],"jnews_override_counter":{"override_view_counter":"0","view_counter_number":"0","override_share_counter":"0","share_counter_number":"0","override_like_counter":"0","like_counter_number":"0","override_dislike_counter":"0","dislike_counter_number":"0"},"jnews_post_split":{"enable_post_split":"0","post_split":[{"template":"1","tag":"h2","numbering":"asc","mode":"normal","first":"0","enable_toc":"0","toc_type":"normal"}]},"footnotes":""},"categories":[58,64],"tags":[44,7764,9636,933,2480],"class_list":["post-50991","post","type-post","status-publish","format-standard","has-post-thumbnail","hentry","category-argentina","category-sucesos","tag-argentina","tag-barrio-porteno","tag-departamento","tag-incendio","tag-recoleta"],"amp_enabled":true,"_links":{"self":[{"href":"https:\/\/esreviral.com\/index.php?rest_route=\/wp\/v2\/posts\/50991"}],"collection":[{"href":"https:\/\/esreviral.com\/index.php?rest_route=\/wp\/v2\/posts"}],"about":[{"href":"https:\/\/esreviral.com\/index.php?rest_route=\/wp\/v2\/types\/post"}],"author":[{"embeddable":true,"href":"https:\/\/esreviral.com\/index.php?rest_route=\/wp\/v2\/users\/3"}],"replies":[{"embeddable":true,"href":"https:\/\/esreviral.com\/index.php?rest_route=%2Fwp%2Fv2%2Fcomments&post=50991"}],"version-history":[{"count":0,"href":"https:\/\/esreviral.com\/index.php?rest_route=\/wp\/v2\/posts\/50991\/revisions"}],"wp:featuredmedia":[{"embeddable":true,"href":"https:\/\/esreviral.com\/index.php?rest_route=\/wp\/v2\/media\/50992"}],"wp:attachment":[{"href":"https:\/\/esreviral.com\/index.php?rest_route=%2Fwp%2Fv2%2Fmedia&parent=50991"}],"wp:term":[{"taxonomy":"category","embeddable":true,"href":"https:\/\/esreviral.com\/index.php?rest_route=%2Fwp%2Fv2%2Fcategories&post=50991"},{"taxonomy":"post_tag","embeddable":true,"href":"https:\/\/esreviral.com\/index.php?rest_route=%2Fwp%2Fv2%2Ftags&post=50991"}],"curies":[{"name":"wp","href":"https:\/\/api.w.org\/{rel}","templated":true}]}}