{"id":50842,"date":"2024-03-20T08:58:19","date_gmt":"2024-03-20T13:58:19","guid":{"rendered":"https:\/\/esreviral.com\/?p=50842"},"modified":"2024-03-20T08:58:20","modified_gmt":"2024-03-20T13:58:20","slug":"expulsan-de-argentina-a-tres-hombres-de-nacionalidad-colombiana-por-robo","status":"publish","type":"post","link":"https:\/\/esreviral.com\/?p=50842","title":{"rendered":"Expulsan de Argentina a tres hombres de nacionalidad Colombiana por robo"},"content":{"rendered":"\n<p>La\u00a0<strong>Direcci\u00f3n Nacional de Migraciones<\/strong>\u00a0(DNM), organismo dependiente del Ministerio del Interior,\u00a0<strong>expuls\u00f3 ayer a tres personas de nacionalidad colombiana<\/strong>\u00a0quienes a fines de enero fueron arrestados por la Polic\u00eda de la Ciudad tras\u00a0<strong>haber cometido un robo, bajo la modalidad escruche, en un edificio\u00a0<\/strong>del barrio de<strong>\u00a0Caballito<\/strong>.<\/p>\n\n\n\n<p>En el operativo de expulsi\u00f3n, realizado en conjunto con el Gobierno de la Ciudad de Buenos Aires, se dispuso la prohibici\u00f3n de ingreso a la Argentina de forma permanente de los condenados, quienes fueron trasladados por la\u00a0<strong>Divisi\u00f3n de Asuntos Migratorios de la Polic\u00eda Federal Argentina al Aeroparque Internacional Jorge Newbery<\/strong>\u00a0con el fin de abandonar el territorio nacional.<\/p>\n\n\n\n<figure class=\"wp-block-image size-full\"><img fetchpriority=\"high\" decoding=\"async\" width=\"768\" height=\"432\" src=\"https:\/\/esreviral.com\/wp-content\/uploads\/2024\/03\/V55STAIQDFF6TLEH3T46NKMJBQ.webp\" alt=\"\" class=\"wp-image-50844\" srcset=\"https:\/\/esreviral.com\/wp-content\/uploads\/2024\/03\/V55STAIQDFF6TLEH3T46NKMJBQ.webp 768w, https:\/\/esreviral.com\/wp-content\/uploads\/2024\/03\/V55STAIQDFF6TLEH3T46NKMJBQ-300x169.webp 300w, https:\/\/esreviral.com\/wp-content\/uploads\/2024\/03\/V55STAIQDFF6TLEH3T46NKMJBQ-750x422.webp 750w\" sizes=\"(max-width: 768px) 100vw, 768px\" \/><\/figure>\n\n\n\n<p>Los delincuentes hab\u00edan sido condenados a<strong>\u00a0tres a\u00f1os de prisi\u00f3n en suspenso<\/strong>\u00a0por el delito de<strong>\u00a0robo agravado<\/strong>\u00a0por haber sido cometido \u201cen poblado y en banda, con efracci\u00f3n y escalamiento\u201d, seg\u00fan detalla el fallo del\u00a0<strong>Tribunal Oral en lo Criminal y Correccional n\u00b010\u00a0<\/strong>de la Capital Federal.<\/p>\n\n\n\n<p>Por entonces, personal de la Comisar\u00eda Vecinal 6B de la Capital Federal acudi\u00f3 a un llamado del 911 que alert\u00f3 que en la calle Thompson al 500 hab\u00eda ocurrido un robo en un edificio al que<strong>&nbsp;los ladrones ingresaron trepando el balc\u00f3n de un segundo piso.<\/strong><\/p>\n\n\n\n<p>Vecinos de la zona le informaron a los efectivos que hab\u00edan escuchado ruidos y luego vieron una soga colgando de un balc\u00f3n. Adem\u00e1s indicaron que\u00a0<strong>un sospechoso se hab\u00eda fugado por la avenida Pedro Goyena en un monopat\u00edn<\/strong>.<\/p>\n\n\n\n<figure class=\"wp-block-image size-full\"><img decoding=\"async\" width=\"768\" height=\"432\" src=\"https:\/\/esreviral.com\/wp-content\/uploads\/2024\/03\/7GMVR3NNN5DKPMOPXTRQJ4K53Y.webp\" alt=\"\" class=\"wp-image-50845\" srcset=\"https:\/\/esreviral.com\/wp-content\/uploads\/2024\/03\/7GMVR3NNN5DKPMOPXTRQJ4K53Y.webp 768w, https:\/\/esreviral.com\/wp-content\/uploads\/2024\/03\/7GMVR3NNN5DKPMOPXTRQJ4K53Y-300x169.webp 300w, https:\/\/esreviral.com\/wp-content\/uploads\/2024\/03\/7GMVR3NNN5DKPMOPXTRQJ4K53Y-750x422.webp 750w\" sizes=\"(max-width: 768px) 100vw, 768px\" \/><\/figure>\n\n\n\n<p>\u201cEstos delincuentes hab\u00edan ingresado al pa\u00eds<strong>&nbsp;hac\u00eda menos de un mes<\/strong>, y uno de ellos&nbsp;<strong>lo hizo de forma irregular<\/strong>. Pediremos a la Naci\u00f3n su expulsi\u00f3n de forma inmediata. En la Ciudad,&nbsp;<strong>1 de cada 4 detenidos por entraderas tiene nacionalidad extranjera<\/strong>. Vamos a trabajar para que los extranjeros que delinquen sean expulsados\u201d, afirm\u00f3 el ministro de Seguridad porte\u00f1o,&nbsp;<strong>Waldo Wolff.<\/strong><\/p>\n\n\n\n<p>En este marco, personal de la fuerza de seguridad porte\u00f1a dispuso un<strong>&nbsp;operativo \u201ccerrojo\u201d&nbsp;<\/strong>en la zona y un m\u00f3vil policial logr\u00f3 dar con el buscado en Goyena al 700. Seg\u00fan indic\u00f3 la Polic\u00eda de la Ciudad al sospechoso lo esperaban otros dos hombres a bordo de un veh\u00edculo Ford Focus de color gris.<\/p>\n\n\n\n<p>En presencia de testigos fueron identificados como tres ciudadanos colombianos que\u00a0<strong>ten\u00edan en su poder $75.520, 22 d\u00f3lares\u00a0<\/strong>y seis celulares que hab\u00edan sustra\u00eddo del departamento, al igual que el monopat\u00edn con el que intent\u00f3 escapar uno de los involucrados. Luego se verific\u00f3 que el auto en el que se mov\u00edan estaba a nombre de una persona fallecida, con lo cual carec\u00edan de la documentaci\u00f3n para circular.<\/p>\n\n\n\n<figure class=\"wp-block-image size-full\"><img decoding=\"async\" width=\"768\" height=\"432\" src=\"https:\/\/esreviral.com\/wp-content\/uploads\/2024\/03\/YY3GIF2XO5DSPICNVZ7HQNIPGM.webp\" alt=\"\" class=\"wp-image-50846\" srcset=\"https:\/\/esreviral.com\/wp-content\/uploads\/2024\/03\/YY3GIF2XO5DSPICNVZ7HQNIPGM.webp 768w, https:\/\/esreviral.com\/wp-content\/uploads\/2024\/03\/YY3GIF2XO5DSPICNVZ7HQNIPGM-300x169.webp 300w, https:\/\/esreviral.com\/wp-content\/uploads\/2024\/03\/YY3GIF2XO5DSPICNVZ7HQNIPGM-750x422.webp 750w\" sizes=\"(max-width: 768px) 100vw, 768px\" \/><\/figure>\n\n\n\n<p>Adem\u00e1s seg\u00fan los registros el auto en que se mov\u00edan estos delincuentes estaba a nombre de una persona fallecida con lo cual carec\u00edan de los papeles para tripularlo. Los detenidos ha\u00edan sido trasladados a la comisar\u00eda y puestos a disposici\u00f3n del&nbsp;<strong>Juzgado Nacional en lo Criminal y Correccional 2<\/strong>, a cargo del Dr. Gorostiaga.<\/p>\n\n\n\n<p>Vale recordar que el 18 de enero, la ministra de Seguridad de la Naci\u00f3n,&nbsp;<strong>Patricia Bullrich<\/strong>, anticip\u00f3 en que se iban a expulsar del pa\u00eds a extranjeros sin residencia que delinquen. \u201cAhora vamos a cambiar las leyes, despu\u00e9s que se voten estas,<strong>&nbsp;para que extranjeros que delinquen en Argentina y son irregulares, se vayan del pa\u00eds<\/strong>. Por supuesto que hay extranjeros que delinquen y generan un da\u00f1o muy fuerte, tienen que cumplir una pena. Porque si no, irse del pa\u00eds ser\u00eda como una salvaci\u00f3n\u201d, dijo en di\u00e1logo con radio<em>&nbsp;El Observador<\/em>.<\/p>\n\n\n\n<p>Y a comienzo de este a\u00f1o, luego del arresto de tres ladrones -dos chilenos y uno colombiano- que hab\u00edan robado un local de electrodom\u00e9sticos, el jefe de Gobierno de la Ciudad,\u00a0<strong>Jorge Macri<\/strong>, reclam\u00f3 que se restituya el decreto que en 2017 hab\u00eda firmado el entonces presidente<strong>\u00a0Mauricio Macri<\/strong>\u00a0que impon\u00eda mayores restricciones al ingreso de extranjeros al pa\u00eds y que, adem\u00e1s, preve\u00eda un mecanismo r\u00e1pido de extradici\u00f3n de delincuentes.<\/p>\n\n\n\n<p class=\"has-text-align-right\"><strong><em>Infobae.-<\/em><\/strong><\/p>\n","protected":false},"excerpt":{"rendered":"<p>La Direcci\u00f3n Nacional de Migraciones extradit\u00f3 ayer a los ladrones extranjeros que hab\u00edan sido capturados por la Polic\u00eda de la Ciudad a fines de enero. Hab\u00edan delinquido bajo la modalidad de escruche<\/p>\n","protected":false},"author":3,"featured_media":50843,"comment_status":"open","ping_status":"open","sticky":false,"template":"","format":"standard","meta":{"jnews-multi-image_gallery":[],"jnews_single_post":{"subtitle":"","format":"standard","video":"","gallery":"","source_name":"","source_url":"","via_name":"","via_url":"","override_template":"0","override":[{"template":"4","single_blog_custom":"","parallax":"1","fullscreen":"1","layout":"right-sidebar","sidebar":"default-sidebar","second_sidebar":"default-sidebar","sticky_sidebar":"1","share_position":"top","share_float_style":"share-monocrhome","show_share_counter":"1","show_view_counter":"1","show_featured":"1","show_post_meta":"1","show_post_author":"1","show_post_author_image":"1","show_post_date":"1","post_date_format":"default","post_date_format_custom":"Y\/m\/d","show_post_category":"1","show_post_reading_time":"1","post_reading_time_wpm":"300","show_zoom_button":"1","zoom_button_out_step":"2","zoom_button_in_step":"3","show_post_tag":"1","show_prev_next_post":"1","show_popup_post":"1","number_popup_post":"1","show_author_box":"1","show_post_related":"1","show_inline_post_related":"0"}],"override_image_size":"0","image_override":[{"single_post_thumbnail_size":"crop-500","single_post_gallery_size":"crop-500"}],"trending_post":"0","trending_post_position":"meta","trending_post_label":"Trending","sponsored_post":"0","sponsored_post_label":"Sponsored by","sponsored_post_name":"","sponsored_post_url":"","sponsored_post_logo_enable":"0","sponsored_post_logo":"","sponsored_post_desc":"","disable_ad":"0"},"jnews_primary_category":{"id":"","hide":""},"jnews_social_meta":{"fb_title":"","fb_description":"","fb_image":"","twitter_title":"","twitter_description":"","twitter_image":""},"jnews_review":[],"enable_review":"0","type":"percentage","name":"","summary":"","brand":"","sku":"","good":[{"good_text":""}],"bad":[{"bad_text":""}],"score_override":"","override_value":"","rating":[{"rating_text":"","rating_number":"10"}],"price":[{"shop":"","price":"","link":"","icon":""}],"jnews_override_counter":{"override_view_counter":"0","view_counter_number":"0","override_share_counter":"0","share_counter_number":"0","override_like_counter":"0","like_counter_number":"0","override_dislike_counter":"0","dislike_counter_number":"0"},"jnews_post_split":{"enable_post_split":"0","post_split":[{"template":"1","tag":"h2","numbering":"asc","mode":"normal","first":"0","enable_toc":"0","toc_type":"normal"}]},"footnotes":""},"categories":[54,64],"tags":[4807,44,1516,12091,9636,7362,14205,14204,6845,1843,45,1469,130,14203],"class_list":["post-50842","post","type-post","status-publish","format-standard","has-post-thumbnail","hentry","category-inmigracion","category-sucesos","tag-aeroparque-jorge-newbery","tag-argentina","tag-caballito","tag-colombianos","tag-departamento","tag-deportacion","tag-direccion-nacional-de-migraciones","tag-escruche","tag-expulsion","tag-migraciones","tag-noticias","tag-policia-de-la-ciudad","tag-robo","tag-tres-ladrones"],"_links":{"self":[{"href":"https:\/\/esreviral.com\/index.php?rest_route=\/wp\/v2\/posts\/50842","targetHints":{"allow":["GET"]}}],"collection":[{"href":"https:\/\/esreviral.com\/index.php?rest_route=\/wp\/v2\/posts"}],"about":[{"href":"https:\/\/esreviral.com\/index.php?rest_route=\/wp\/v2\/types\/post"}],"author":[{"embeddable":true,"href":"https:\/\/esreviral.com\/index.php?rest_route=\/wp\/v2\/users\/3"}],"replies":[{"embeddable":true,"href":"https:\/\/esreviral.com\/index.php?rest_route=%2Fwp%2Fv2%2Fcomments&post=50842"}],"version-history":[{"count":0,"href":"https:\/\/esreviral.com\/index.php?rest_route=\/wp\/v2\/posts\/50842\/revisions"}],"wp:featuredmedia":[{"embeddable":true,"href":"https:\/\/esreviral.com\/index.php?rest_route=\/wp\/v2\/media\/50843"}],"wp:attachment":[{"href":"https:\/\/esreviral.com\/index.php?rest_route=%2Fwp%2Fv2%2Fmedia&parent=50842"}],"wp:term":[{"taxonomy":"category","embeddable":true,"href":"https:\/\/esreviral.com\/index.php?rest_route=%2Fwp%2Fv2%2Fcategories&post=50842"},{"taxonomy":"post_tag","embeddable":true,"href":"https:\/\/esreviral.com\/index.php?rest_route=%2Fwp%2Fv2%2Ftags&post=50842"}],"curies":[{"name":"wp","href":"https:\/\/api.w.org\/{rel}","templated":true}]}}