{"id":50836,"date":"2024-03-20T08:17:45","date_gmt":"2024-03-20T13:17:45","guid":{"rendered":"https:\/\/esreviral.com\/?p=50836"},"modified":"2024-03-20T08:22:33","modified_gmt":"2024-03-20T13:22:33","slug":"mujer-murio-en-medio-del-temporal-en-caba","status":"publish","type":"post","link":"https:\/\/esreviral.com\/?p=50836","title":{"rendered":"Mujer muri\u00f3 en medio del temporal en CABA"},"content":{"rendered":"\n<p>En medio del&nbsp;intenso temporal que se registr\u00f3 durante este martes, una mujer muri\u00f3 tras ser golpeada por un elemento contundente. El hecho ocurri\u00f3 en el barrio porte\u00f1o de&nbsp;<strong>Recoleta&nbsp;<\/strong>y la v\u00edctima a\u00fan no fue identificada.<\/p>\n\n\n\n<p>Efectivos policiales informaron que durante la noche del martes ingresaron varios llamaron al&nbsp;<strong>911&nbsp;<\/strong>afirmando que una mujer fue lesionada en la v\u00eda p\u00fablica. Adem\u00e1s, testigos del tr\u00e1gico hecho,&nbsp;<strong>ocurrido en la calle Arenales al 2800<\/strong>, informaron que a la v\u00edctima se le hab\u00eda ca\u00eddo una estructura met\u00e1lica.<\/p>\n\n\n\n<p>A poco del alerta, personal policial conjuntamente con el&nbsp;<strong>SAME&nbsp;<\/strong>llegaron al lugar y fue all\u00ed, donde el m\u00e9dico constat\u00f3 la muerte de la mujer, qui\u00e9n ten\u00eda 74 a\u00f1os de edad y por el momento no fue identificada.<\/p>\n\n\n\n<p>A partir de los dichos de los testigos, la mujer baj\u00f3 de un veh\u00edculo particular marca Ford Focus y al descender del rodado cay\u00f3 sobre su cuerpo la estructura del balc\u00f3n ubicado en el 9 piso del edificio.<\/p>\n\n\n\n<p>Tras la confirmaci\u00f3n de la muerte, personal policial esper\u00f3 la orden judicial para ingresar al departamento y poder hacer las pericias correspondientes.<\/p>\n\n\n<div class=\"wp-block-image\">\n<figure class=\"aligncenter size-full\"><img fetchpriority=\"high\" decoding=\"async\" width=\"768\" height=\"432\" src=\"https:\/\/esreviral.com\/wp-content\/uploads\/2024\/03\/YYKQWXC2KNFQ7OBA4GBXWD7EJ4.webp\" alt=\"\" class=\"wp-image-50838\" srcset=\"https:\/\/esreviral.com\/wp-content\/uploads\/2024\/03\/YYKQWXC2KNFQ7OBA4GBXWD7EJ4.webp 768w, https:\/\/esreviral.com\/wp-content\/uploads\/2024\/03\/YYKQWXC2KNFQ7OBA4GBXWD7EJ4-300x169.webp 300w, https:\/\/esreviral.com\/wp-content\/uploads\/2024\/03\/YYKQWXC2KNFQ7OBA4GBXWD7EJ4-750x422.webp 750w\" sizes=\"(max-width: 768px) 100vw, 768px\" \/><\/figure>\n<\/div>\n\n\n<p>El titular del SAME,&nbsp;<strong>Alberto Crescenti<\/strong>&nbsp;inform\u00f3 que aproximadamente a las 20.49 ingres\u00f3 un llamado al 107 donde se alert\u00f3 sobre el accidente. En di\u00e1logo con<em>&nbsp;Todo Noticias<\/em>, indic\u00f3 que al arribar el personal m\u00e9dico, \u201cse constat\u00f3 lamentablemente el fallecimiento\u201d.<\/p>\n\n\n\n<p>Respecto a la causa de muerte, el m\u00e9dico remarc\u00f3 que se trat\u00f3 de&nbsp;<strong>\u201cun<\/strong>&nbsp;<strong>traumatismo de cr\u00e1neo producto de una estructura que cay\u00f3 de un balc\u00f3n\u201d<\/strong>. Debido a que el impacto se produjo de manera directo sobre el cr\u00e1neo de la v\u00edctima, se confirm\u00f3 que&nbsp;<strong>\u201cmuri\u00f3 en el acto\u201d<\/strong>.<\/p>\n\n\n\n<p>Por tal motivo, Crescenti plante\u00f3 que se deber\u00e1n realizar las pericias correspondientes pero la muerte fue en el mismo lugar del hecho debido a que se trat\u00f3 de \u201cun impacto violento de una estructura que se desplaza a gran velocidad\u201d desde un noveno piso.<\/p>\n\n\n\n<p>Dado que el temporal continuar\u00e1 durante las pr\u00f3ximas horas, el m\u00e9dico brind\u00f3 una serie de recomendaciones para los ciudadanos con el fin de evitar accidentes en medio de las fuertes lluvias.<\/p>\n\n\n\n<p>\u201cAl ciudadano le recomendamos que si no hay nada que hacer en la calle cuando llegue la tormenta, evitar caminar o salir. M\u00e1s cuando hay alertas de vientos fuertes porque cualquier cosa se puede desprender\u201d, aconsej\u00f3 el m\u00e9dico, quien consider\u00f3 que incluso las macetas pueden ser peligrosas por el riesgo de caerse a causa del viento, no realizar tareas al aire libre que implique manejo de cables y evitar caminar en zonas donde no se pueda ver d\u00f3nde pisa \u201cporque puede haber un cable suelto y se pueden electrocutar\u201d, sostuvo.<\/p>\n\n\n\n<p>Pasadas las 20 horas comenz\u00f3 a diluviar en la Ciudad de Buenos Aires y se espera que el temporal contin\u00fae durante este mi\u00e9rcoles. De acuerdo al Servicio Meteorol\u00f3gico Nacional, habr\u00e1 tormentas durante todo el d\u00eda con una temperatura m\u00e1xima que rondar\u00e1 los 27 grados.<\/p>\n\n\n\n<p>Tanto CABA como el&nbsp;<strong>AMBA&nbsp;<\/strong>continuar\u00e1n bajo alerta naranja por tormentas, de manera que se esperan fen\u00f3menos meteorol\u00f3gicos peligrosos para la sociedad, la vida, los bienes y el medio ambiente.<\/p>\n\n\n\n<p>Ante dicha situaci\u00f3n, el SMN recomend\u00f3 permanecer en construcciones cerradas como casas, escuelas o edificios, mantenerse alejado de artefactos el\u00e9ctricos y evitar el uso de tel\u00e9fonos con cable. En caso de estar viajando, se recomend\u00f3 quedarse en el interior del veh\u00edculo, evitar circular por calles inundadas o afectadas; y si hay riesgo de que el agua ingrese en una vivienda, cortar el suministro el\u00e9ctrico.<\/p>\n\n\n\n<p>En el&nbsp;<a href=\"https:\/\/esreviral.com\/una-impresionante-tormenta-avanza-en-la-provincia-de-buenos-aires\/\" data-type=\"link\" data-id=\"https:\/\/esreviral.com\/una-impresionante-tormenta-avanza-en-la-provincia-de-buenos-aires\/\">AMBA la situaci\u00f3n se torn\u00f3 m\u00e1s grave dado que adem\u00e1s de las tormentas, tambi\u00e9n hubo granizo m\u00e1s grande de lo normal y fuerte r\u00e1fagas de viento.<\/a> En dichas localidades se produjo la denominada \u201ctormenta supercelular\u201do \u201csupercelda\u201d.<\/p>\n\n\n\n<p>Seg\u00fan el meteor\u00f3logo del SMN, Lucas Berengua este fen\u00f3meno consiste en nubes de tormenta que son capaces de provocar granizo m\u00e1s grande de lo normal y r\u00e1fagas de viento violentas, que est\u00e1n asociadas al desplome de aire fr\u00edo, a las corrientes de aire ascendentes y descendentes, y a mucha cantidad de lluvia en poco tiempo\u201d, explic\u00f3 a Infobae.<\/p>\n\n\n\n<p>E inform\u00f3 que a diferencia de una nube de tormenta com\u00fan, que tiene un ciclo de vida de entre 20 y 40 minutos, esta puede tener un ciclo de vida de muchas horas y ocasionar destrozos en una gran cantidad de kil\u00f3metros.<\/p>\n\n\n\n<p><strong><em><mark style=\"background-color:rgba(0, 0, 0, 0)\" class=\"has-inline-color has-vivid-red-color\"><a href=\"https:\/\/esreviral.com\/rige-alerta-naranja-en-el-amba-por-fuertes-tormentas-y-posible-caida-de-granizo\/\" data-type=\"link\" data-id=\"https:\/\/esreviral.com\/rige-alerta-naranja-en-el-amba-por-fuertes-tormentas-y-posible-caida-de-granizo\/\">Lea Tambi\u00e9n: Rige alerta naranja en el AMBA por fuertes tormentas y posible ca\u00edda de granizo<\/a><\/mark><\/em><\/strong><\/p>\n\n\n\n<p class=\"has-text-align-right\"><strong><em>Infobae.-<\/em><\/strong><\/p>\n","protected":false},"excerpt":{"rendered":"<p>La v\u00edctima descendi\u00f3 de un veh\u00edculo y sufri\u00f3 el golpe del elemento met\u00e1lico, lo que provoc\u00f3 su fallecimiento inmediato<\/p>\n","protected":false},"author":3,"featured_media":50837,"comment_status":"open","ping_status":"open","sticky":false,"template":"","format":"standard","meta":{"jnews-multi-image_gallery":[],"jnews_single_post":{"subtitle":"","format":"standard","video":"","gallery":"","source_name":"","source_url":"","via_name":"","via_url":"","override_template":"0","override":[{"template":"4","single_blog_custom":"","parallax":"1","fullscreen":"1","layout":"right-sidebar","sidebar":"default-sidebar","second_sidebar":"default-sidebar","sticky_sidebar":"1","share_position":"top","share_float_style":"share-monocrhome","show_share_counter":"1","show_view_counter":"1","show_featured":"1","show_post_meta":"1","show_post_author":"1","show_post_author_image":"1","show_post_date":"1","post_date_format":"default","post_date_format_custom":"Y\/m\/d","show_post_category":"1","show_post_reading_time":"1","post_reading_time_wpm":"300","show_zoom_button":"1","zoom_button_out_step":"2","zoom_button_in_step":"3","show_post_tag":"1","show_prev_next_post":"1","show_popup_post":"1","number_popup_post":"1","show_author_box":"1","show_post_related":"1","show_inline_post_related":"0"}],"override_image_size":"0","image_override":[{"single_post_thumbnail_size":"crop-500","single_post_gallery_size":"crop-500"}],"trending_post":"0","trending_post_position":"meta","trending_post_label":"Trending","sponsored_post":"0","sponsored_post_label":"Sponsored by","sponsored_post_name":"","sponsored_post_url":"","sponsored_post_logo_enable":"0","sponsored_post_logo":"","sponsored_post_desc":"","disable_ad":"0"},"jnews_primary_category":{"id":"","hide":""},"jnews_social_meta":{"fb_title":"","fb_description":"","fb_image":"","twitter_title":"","twitter_description":"","twitter_image":""},"jnews_review":[],"enable_review":"0","type":"percentage","name":"","summary":"","brand":"","sku":"","good":[{"good_text":""}],"bad":[{"bad_text":""}],"score_override":"","override_value":"","rating":[{"rating_text":"","rating_number":"10"}],"price":[{"shop":"","price":"","link":"","icon":""}],"jnews_override_counter":{"override_view_counter":"0","view_counter_number":"0","override_share_counter":"0","share_counter_number":"0","override_like_counter":"0","like_counter_number":"0","override_dislike_counter":"0","dislike_counter_number":"0"},"jnews_post_split":{"enable_post_split":"0","post_split":[{"template":"1","tag":"h2","numbering":"asc","mode":"normal","first":"0","enable_toc":"0","toc_type":"normal"}]},"footnotes":""},"categories":[58,64],"tags":[44,468,45,2480,14201,14202],"class_list":["post-50836","post","type-post","status-publish","format-standard","has-post-thumbnail","hentry","category-argentina","category-sucesos","tag-argentina","tag-caba","tag-noticias","tag-recoleta","tag-temporal-caba","tag-temporal-en-buenos-aires"],"_links":{"self":[{"href":"https:\/\/esreviral.com\/index.php?rest_route=\/wp\/v2\/posts\/50836","targetHints":{"allow":["GET"]}}],"collection":[{"href":"https:\/\/esreviral.com\/index.php?rest_route=\/wp\/v2\/posts"}],"about":[{"href":"https:\/\/esreviral.com\/index.php?rest_route=\/wp\/v2\/types\/post"}],"author":[{"embeddable":true,"href":"https:\/\/esreviral.com\/index.php?rest_route=\/wp\/v2\/users\/3"}],"replies":[{"embeddable":true,"href":"https:\/\/esreviral.com\/index.php?rest_route=%2Fwp%2Fv2%2Fcomments&post=50836"}],"version-history":[{"count":0,"href":"https:\/\/esreviral.com\/index.php?rest_route=\/wp\/v2\/posts\/50836\/revisions"}],"wp:featuredmedia":[{"embeddable":true,"href":"https:\/\/esreviral.com\/index.php?rest_route=\/wp\/v2\/media\/50837"}],"wp:attachment":[{"href":"https:\/\/esreviral.com\/index.php?rest_route=%2Fwp%2Fv2%2Fmedia&parent=50836"}],"wp:term":[{"taxonomy":"category","embeddable":true,"href":"https:\/\/esreviral.com\/index.php?rest_route=%2Fwp%2Fv2%2Fcategories&post=50836"},{"taxonomy":"post_tag","embeddable":true,"href":"https:\/\/esreviral.com\/index.php?rest_route=%2Fwp%2Fv2%2Ftags&post=50836"}],"curies":[{"name":"wp","href":"https:\/\/api.w.org\/{rel}","templated":true}]}}