{"id":50653,"date":"2024-03-16T10:11:49","date_gmt":"2024-03-16T15:11:49","guid":{"rendered":"https:\/\/esreviral.com\/?p=50653"},"modified":"2024-03-16T10:11:50","modified_gmt":"2024-03-16T15:11:50","slug":"argentina-y-venezuela-unidas-en-la-lucha-por-la-libertad","status":"publish","type":"post","link":"https:\/\/esreviral.com\/?p=50653","title":{"rendered":"Argentina y Venezuela unidas en la lucha por la libertad"},"content":{"rendered":"\n<p>El d\u00eda de hoy, la candidata de la Gran Alianza Nacional, <strong>Mar\u00eda Corina Machado<\/strong>, expuso ante la Comisi\u00f3n de Relaciones Exteriores y Culto de la Honorable C\u00e1mara de Diputados de la Naci\u00f3n. La comisi\u00f3n, presidida por el Diputado Fernando Iglesias, se reuni\u00f3 para escuchar a la l\u00edder venezolana en su exposici\u00f3n sobre la situaci\u00f3n del pa\u00eds de cara a las<strong> pr\u00f3ximas elecciones presidenciales<\/strong>.<\/p>\n\n\n\n<p>En palabras del Diputado Iglesias: \u00ab<strong><em>Todo el arco democr\u00e1tico argentino est\u00e1 presente<\/em><\/strong>\u00ab, haciendo referencia a la participaci\u00f3n de diputados de Propuesta Republicana (PRO), Uni\u00f3n C\u00edvica Radical (UCR), Republicanos Unidos (RU) y La Libertad Avanza (LLA).<\/p>\n\n\n\n<p>Durante su intervenci\u00f3n, Mar\u00eda Corina hizo hincapi\u00e9 en el papel crucial de Argentina en el escenario internacional y su nueva posici\u00f3n como aliado en la lucha por la libertad en Venezuela. Explic\u00f3 que el r\u00e9gimen de Maduro est\u00e1 perdiendo cada vez m\u00e1s aliados, ya que es considerado un \u00ab<strong>aliado t\u00f3xico<\/strong>\u00bb y el chavismo carece de posibilidades de defensa. Adem\u00e1s, destac\u00f3 la importancia regional de detener al r\u00e9gimen de Maduro, advirtiendo que, seg\u00fan sus palabras: \u00ab<strong>Si Maduro permanece en el poder, podr\u00edamos presenciar la mayor ola migratoria que hayamos visto hasta ahora<\/strong>.\u00bb Tambi\u00e9n inst\u00f3 a las autoridades locales a presionar a la embajada en Buenos Aires para que no obstaculice el derecho de los venezolanos en Argentina de inscribirse en el registro consular y electoral para poder ejercer su derecho al voto. Para concluir, comparti\u00f3 su experiencia recorriendo el pa\u00eds en los \u00faltimos d\u00edas, visitando bastiones hist\u00f3ricamente chavistas como Mariara, en el estado Carabobo,<br>donde fue recibida con entusiasmo por sus habitantes, quienes la aclamaban como \u00abMar\u00eda Corina Presidente\u00bb.<\/p>\n\n\n\n<figure class=\"wp-block-image size-large\"><img fetchpriority=\"high\" decoding=\"async\" width=\"1024\" height=\"684\" src=\"https:\/\/esreviral.com\/wp-content\/uploads\/2024\/03\/AnyConv.com__WhatsApp-Image-2024-03-15-at-2.48.43-PM-2-1024x684.webp\" alt=\"\" class=\"wp-image-50659\" srcset=\"https:\/\/esreviral.com\/wp-content\/uploads\/2024\/03\/AnyConv.com__WhatsApp-Image-2024-03-15-at-2.48.43-PM-2-1024x684.webp 1024w, https:\/\/esreviral.com\/wp-content\/uploads\/2024\/03\/AnyConv.com__WhatsApp-Image-2024-03-15-at-2.48.43-PM-2-300x200.webp 300w, https:\/\/esreviral.com\/wp-content\/uploads\/2024\/03\/AnyConv.com__WhatsApp-Image-2024-03-15-at-2.48.43-PM-2-768x513.webp 768w, https:\/\/esreviral.com\/wp-content\/uploads\/2024\/03\/AnyConv.com__WhatsApp-Image-2024-03-15-at-2.48.43-PM-2-1536x1025.webp 1536w, https:\/\/esreviral.com\/wp-content\/uploads\/2024\/03\/AnyConv.com__WhatsApp-Image-2024-03-15-at-2.48.43-PM-2-750x501.webp 750w, https:\/\/esreviral.com\/wp-content\/uploads\/2024\/03\/AnyConv.com__WhatsApp-Image-2024-03-15-at-2.48.43-PM-2-1140x761.webp 1140w, https:\/\/esreviral.com\/wp-content\/uploads\/2024\/03\/AnyConv.com__WhatsApp-Image-2024-03-15-at-2.48.43-PM-2.webp 1600w\" sizes=\"(max-width: 1024px) 100vw, 1024px\" \/><\/figure>\n\n\n\n<p>Al concluir su presentaci\u00f3n, el diputado Richard Blanco de la Asamblea Nacional de Venezuela expres\u00f3 su admiraci\u00f3n y respeto por Machado, subrayando la importancia de la participaci\u00f3n del voto en el exterior y la necesidad de que la embajada cumpla con su deber en este proceso electoral. Seguidamente, el Vicecanciller de la Naci\u00f3n, Leopoldo Sahores, reafirm\u00f3 el apoyo del gobierno nacional a la causa venezolana y explic\u00f3 el nuevo papel diplom\u00e1tico del pa\u00eds en relaci\u00f3n con el tema: \u00ab<strong>Argentina acompa\u00f1\u00f3 y continuar\u00e1 acompa\u00f1ando en cada organismo internacional el reclamo por una Venezuela libre<\/strong>\u00ab.<\/p>\n\n\n\n<p>Tras finalizar sus palabras, la Diputada de La Libertad Avanza y vicepresidente de la Comisi\u00f3n, Juliana Santill\u00e1n, dedic\u00f3 unas palabras de aliento a Mar\u00eda Corina, reafirmando el apoyo del oficialismo a su persona y al propio presidente: \u00ab<strong>El Presidente Milei es un admirador de su figura\u00bb. Ante esto, Machado respondi\u00f3 sin dudar que \u00abla libertad tambi\u00e9n avanza en Venezuela<\/strong>\u00ab.<\/p>\n\n\n\n<p>Luego tom\u00f3 la palabra la Diputada Karina Banfi de la Uni\u00f3n C\u00edvica Radical, quien destac\u00f3 la valent\u00eda de Machado en su lucha en Venezuela y ratific\u00f3 el apoyo de todo el radicalismo a la causa venezolana, afirmando: \u00abTodos los radicales estamos contigo, Mar\u00eda Corina\u00bb. Tras su intervenci\u00f3n, habl\u00f3 la Diputada del PRO, Silvana Guidici, quien comenz\u00f3 expresando solidaridad con Mar\u00eda Corina y todos los l\u00edderes<br>de campa\u00f1a que han sido arrestados en las \u00faltimas semanas por la \u201cnarcodictadura de Maduro\u201d . Hizo un llamado a sus colegas a no abandonar la causa y utiliz\u00f3 como ejemplo el caso del Diputado Richard Blanco, quien fue preso pol\u00edtico durante el gobierno de Hugo Ch\u00e1vez, y el reciente asesinato del Teniente Ojeda en Chile, se\u00f1alando que \u00abel asesinato del Teniente es una muestra de que los tent\u00e1culos del r\u00e9gimen contin\u00faan extendi\u00e9ndose en Am\u00e9rica Latina y pueden llegar a Argentina\u00bb.<\/p>\n\n\n\n<figure class=\"wp-block-image size-large\"><img decoding=\"async\" width=\"1024\" height=\"684\" src=\"https:\/\/esreviral.com\/wp-content\/uploads\/2024\/03\/WhatsApp-Image-2024-03-15-at-2.48.43-PM-3-1024x684.jpeg\" alt=\"\" class=\"wp-image-50660\" srcset=\"https:\/\/esreviral.com\/wp-content\/uploads\/2024\/03\/WhatsApp-Image-2024-03-15-at-2.48.43-PM-3-1024x684.jpeg 1024w, https:\/\/esreviral.com\/wp-content\/uploads\/2024\/03\/WhatsApp-Image-2024-03-15-at-2.48.43-PM-3-300x200.jpeg 300w, https:\/\/esreviral.com\/wp-content\/uploads\/2024\/03\/WhatsApp-Image-2024-03-15-at-2.48.43-PM-3-768x513.jpeg 768w, https:\/\/esreviral.com\/wp-content\/uploads\/2024\/03\/WhatsApp-Image-2024-03-15-at-2.48.43-PM-3-1536x1025.jpeg 1536w, https:\/\/esreviral.com\/wp-content\/uploads\/2024\/03\/WhatsApp-Image-2024-03-15-at-2.48.43-PM-3-750x501.jpeg 750w, https:\/\/esreviral.com\/wp-content\/uploads\/2024\/03\/WhatsApp-Image-2024-03-15-at-2.48.43-PM-3-1140x761.jpeg 1140w, https:\/\/esreviral.com\/wp-content\/uploads\/2024\/03\/WhatsApp-Image-2024-03-15-at-2.48.43-PM-3.jpeg 1600w\" sizes=\"(max-width: 1024px) 100vw, 1024px\" \/><\/figure>\n\n\n\n<p>Al finalizar las intervenciones de las diputadas, Mar\u00eda Corina agradeci\u00f3 sus palabras y pidi\u00f3 a la Diputada Santill\u00e1n que le transmitiera al Presidente Milei que estaba dispuesta a \u00abir hasta el final\u00bb y asegur\u00f3 a todos los presentes que tengan confianza: \u00abConf\u00eden en los venezolanos, nos levantaremos m\u00e1s fuertes que nunca. No subestimamos ni minimizamos la lucha que tenemos por delante, pero sabemos que Venezuela necesita a sus hijos defendi\u00e9ndola, y cada venezolano como individuo est\u00e1 luchando por liberarla\u00bb<\/p>\n\n\n\n<p>Al concluir, el diputado Iglesias cedi\u00f3 la palabra al referente cultural y representante del Parlasur, Luis Brandoni, quien envi\u00f3 un mensaje a la di\u00e1spora, asegurando que los venezolanos siempre ser\u00e1n bienvenidos en Argentina.<\/p>\n\n\n\n<p>Finalizadas las declaraciones de los diputados y de Machado, la jefa del comando de campa\u00f1a, Adriana Flores, afirm\u00f3: \u00abEn estos momentos cruciales, donde tenemos una candidata elegida por el pueblo, los venezolanos organizados dentro y fuera del pa\u00eds, el papel de los actores pol\u00edticos es crucial para la transici\u00f3n democr\u00e1tica en el pa\u00eds a trav\u00e9s de las elecciones\u00bb. Tambi\u00e9n aclar\u00f3 que no hay sustituci\u00f3n posible para el liderazgo de Mar\u00eda Corina, dada la mandato otorgado el 22 de Octubre.<\/p>\n\n\n\n<p><br>Para concluir la actividad, todos los diputados, junto con representantes diplom\u00e1ticos y del gobierno de la ciudad de Buenos Aires, se comprometieron a seguir respaldando la lucha y apoyar los esfuerzos liderados por Mar\u00eda Corina Machado, representados en el pa\u00eds por el Comando Con Vzla Argentina.<\/p>\n\n\n\n<figure class=\"wp-block-image size-large\"><img decoding=\"async\" width=\"1024\" height=\"684\" src=\"https:\/\/esreviral.com\/wp-content\/uploads\/2024\/03\/AnyConv.com__WhatsApp-Image-2024-03-15-at-2.48.43-PM-1-1024x684.webp\" alt=\"\" class=\"wp-image-50661\" srcset=\"https:\/\/esreviral.com\/wp-content\/uploads\/2024\/03\/AnyConv.com__WhatsApp-Image-2024-03-15-at-2.48.43-PM-1-1024x684.webp 1024w, https:\/\/esreviral.com\/wp-content\/uploads\/2024\/03\/AnyConv.com__WhatsApp-Image-2024-03-15-at-2.48.43-PM-1-300x200.webp 300w, https:\/\/esreviral.com\/wp-content\/uploads\/2024\/03\/AnyConv.com__WhatsApp-Image-2024-03-15-at-2.48.43-PM-1-768x513.webp 768w, https:\/\/esreviral.com\/wp-content\/uploads\/2024\/03\/AnyConv.com__WhatsApp-Image-2024-03-15-at-2.48.43-PM-1-1536x1025.webp 1536w, https:\/\/esreviral.com\/wp-content\/uploads\/2024\/03\/AnyConv.com__WhatsApp-Image-2024-03-15-at-2.48.43-PM-1-750x501.webp 750w, https:\/\/esreviral.com\/wp-content\/uploads\/2024\/03\/AnyConv.com__WhatsApp-Image-2024-03-15-at-2.48.43-PM-1-1140x761.webp 1140w, https:\/\/esreviral.com\/wp-content\/uploads\/2024\/03\/AnyConv.com__WhatsApp-Image-2024-03-15-at-2.48.43-PM-1.webp 1600w\" sizes=\"(max-width: 1024px) 100vw, 1024px\" \/><\/figure>\n\n\n\n<p class=\"has-text-align-right\"><strong><em>Prensa Comando con Venezuela Argentina.-<\/em><\/strong><\/p>\n","protected":false},"excerpt":{"rendered":"<p>El d\u00eda de hoy, la candidata de la Gran Alianza Nacional, Mar\u00eda Corina Machado, expuso ante la Comisi\u00f3n de Relaciones Exteriores y Culto de la Honorable C\u00e1mara de Diputados de la Naci\u00f3n. La comisi\u00f3n, presidida por el Diputado Fernando Iglesias, se reuni\u00f3 para escuchar a la l\u00edder venezolana en su exposici\u00f3n sobre la situaci\u00f3n del [&hellip;]<\/p>\n","protected":false},"author":3,"featured_media":50658,"comment_status":"open","ping_status":"open","sticky":false,"template":"","format":"standard","meta":{"jnews-multi-image_gallery":[],"jnews_single_post":{"subtitle":"","format":"standard","video":"","gallery":"","source_name":"","source_url":"","via_name":"","via_url":"","override_template":"0","override":[{"template":"4","single_blog_custom":"","parallax":"1","fullscreen":"1","layout":"right-sidebar","sidebar":"default-sidebar","second_sidebar":"default-sidebar","sticky_sidebar":"1","share_position":"top","share_float_style":"share-monocrhome","show_share_counter":"1","show_view_counter":"1","show_featured":"1","show_post_meta":"1","show_post_author":"1","show_post_author_image":"1","show_post_date":"1","post_date_format":"default","post_date_format_custom":"Y\/m\/d","show_post_category":"1","show_post_reading_time":"1","post_reading_time_wpm":"300","show_zoom_button":"1","zoom_button_out_step":"2","zoom_button_in_step":"3","show_post_tag":"1","show_prev_next_post":"1","show_popup_post":"1","number_popup_post":"1","show_author_box":"1","show_post_related":"1","show_inline_post_related":"0"}],"override_image_size":"0","image_override":[{"single_post_thumbnail_size":"crop-500","single_post_gallery_size":"crop-500"}],"trending_post":"0","trending_post_position":"meta","trending_post_label":"Trending","sponsored_post":"0","sponsored_post_label":"Sponsored by","sponsored_post_name":"","sponsored_post_url":"","sponsored_post_logo_enable":"0","sponsored_post_logo":"","sponsored_post_desc":"","disable_ad":"0"},"jnews_primary_category":{"id":"","hide":""},"jnews_social_meta":{"fb_title":"","fb_description":"","fb_image":"","twitter_title":"","twitter_description":"","twitter_image":""},"jnews_review":[],"enable_review":"0","type":"percentage","name":"","summary":"","brand":"","sku":"","good":[{"good_text":""}],"bad":[{"bad_text":""}],"score_override":"","override_value":"","rating":[{"rating_text":"","rating_number":"10"}],"price":[{"shop":"","price":"","link":"","icon":""}],"jnews_override_counter":{"override_view_counter":"0","view_counter_number":"0","override_share_counter":"0","share_counter_number":"0","override_like_counter":"0","like_counter_number":"0","override_dislike_counter":"0","dislike_counter_number":"0"},"jnews_post_split":{"enable_post_split":"0","post_split":[{"template":"1","tag":"h2","numbering":"asc","mode":"normal","first":"0","enable_toc":"0","toc_type":"normal"}]},"footnotes":""},"categories":[59],"tags":[44,14140,2333,14138,3265,45,56],"class_list":["post-50653","post","type-post","status-publish","format-standard","has-post-thumbnail","hentry","category-politica","tag-argentina","tag-el-dia-de-hoy","tag-elecciones-presidenciales","tag-expuso-ante-la-comision-de-relaciones-exteriores-y-culto-de-la-honorable-camara-de-diputados-de-la-nacion-la-comision","tag-maria-corina-machado-2","tag-noticias","tag-venezuela"],"amp_enabled":true,"_links":{"self":[{"href":"https:\/\/esreviral.com\/index.php?rest_route=\/wp\/v2\/posts\/50653"}],"collection":[{"href":"https:\/\/esreviral.com\/index.php?rest_route=\/wp\/v2\/posts"}],"about":[{"href":"https:\/\/esreviral.com\/index.php?rest_route=\/wp\/v2\/types\/post"}],"author":[{"embeddable":true,"href":"https:\/\/esreviral.com\/index.php?rest_route=\/wp\/v2\/users\/3"}],"replies":[{"embeddable":true,"href":"https:\/\/esreviral.com\/index.php?rest_route=%2Fwp%2Fv2%2Fcomments&post=50653"}],"version-history":[{"count":0,"href":"https:\/\/esreviral.com\/index.php?rest_route=\/wp\/v2\/posts\/50653\/revisions"}],"wp:featuredmedia":[{"embeddable":true,"href":"https:\/\/esreviral.com\/index.php?rest_route=\/wp\/v2\/media\/50658"}],"wp:attachment":[{"href":"https:\/\/esreviral.com\/index.php?rest_route=%2Fwp%2Fv2%2Fmedia&parent=50653"}],"wp:term":[{"taxonomy":"category","embeddable":true,"href":"https:\/\/esreviral.com\/index.php?rest_route=%2Fwp%2Fv2%2Fcategories&post=50653"},{"taxonomy":"post_tag","embeddable":true,"href":"https:\/\/esreviral.com\/index.php?rest_route=%2Fwp%2Fv2%2Ftags&post=50653"}],"curies":[{"name":"wp","href":"https:\/\/api.w.org\/{rel}","templated":true}]}}