{"id":50578,"date":"2024-03-14T08:38:40","date_gmt":"2024-03-14T13:38:40","guid":{"rendered":"https:\/\/esreviral.com\/?p=50578"},"modified":"2024-03-14T08:38:41","modified_gmt":"2024-03-14T13:38:41","slug":"un-menor-esta-en-terapia-intensiva-luego-de-que-sus-padres-lo-dejaran-en-un-auto-por-seis-horas","status":"publish","type":"post","link":"https:\/\/esreviral.com\/?p=50578","title":{"rendered":"Un menor est\u00e1 en terapia intensiva luego de que sus padres lo dejaran en un auto por seis horas"},"content":{"rendered":"\n<p>Un menor de tres a\u00f1os de edad qued\u00f3 internado luego de que sus padres lo dejaran encerrado en el auto por seis horas en la provincia Neuqu\u00e9n.\u00a0<strong>El ni\u00f1o se encuentra en \u00abgrave estado de salud\u00bb desde el lunes seg\u00fan el parte m\u00e9dico\u00a0<\/strong>y, por el momento, permanece en terapia intensiva.<\/p>\n\n\n\n<p>De acuerdo a fuentes policiales, durante su testimonio la madre relat\u00f3 que, al regresar al veh\u00edculo, el chico se hab\u00eda desvanecido y que de forma inmediata&nbsp;dio aviso a emergencias explicando que, junto con su marido,&nbsp;<strong>se hab\u00edan \u00abolvidado de llevarlo hasta la guarder\u00eda\u00bb.<\/strong><\/p>\n\n\n\n<p>El ni\u00f1o habr\u00eda estado encerrado desde las 9 hasta las 15 horas, el horario de jornada laboral de los padres (ambos trabajan en un organismo p\u00fablico sobre la calle Elordi al 900). El auto en el que hab\u00eda quedado el menor estaba estacionado a la vuelta del establecimiento, en la calle Chrestia al 550.\u00a0<\/p>\n\n\n\n<p>En el lugar, los m\u00e9dicos intentaron reanimarlo sin \u00e9xito y seguidamente lo trasladaron a la cl\u00ednica San Agust\u00edn para luego llevarlo hasta el centro de salud San Lucas, donde permanece internado en terapia intensiva con asistencia respiratoria, seg\u00fan lo report\u00f3 el coordinador de la Direcci\u00f3n de Seguridad, el comisario Alejando Cares.<\/p>\n\n\n\n<p>De acuerdo con lo que revelaron fuentes judiciales, el estado de salud del ni\u00f1o es \u00ab<strong>grave, con pron\u00f3stico reservado<\/strong>\u00ab. Desde la cl\u00ednica donde est\u00e1 siendo atendido, explicaron que por el momento se reservar\u00e1 la informaci\u00f3n.<\/p>\n\n\n\n<p>Si bien las c\u00e1maras de seguridad comprueban los dichos de ambos padres,\u00a0<strong>los investigadores encontraron moretones en el cuerpo del menor, por lo que se intenta determinar si era v\u00edcitma de violencia familiar.\u00a0<\/strong>No obstante, al haber ocurrido en la v\u00eda p\u00fablica, a\u00fan no se considera la posibilidad de que el caso sea caratulado como \u00ab<strong>abandono de persona<\/strong>\u00ab.<\/p>\n\n\n\n<p>La causa est\u00e1 a cargo de la fiscal Valeria Panozzo y de la Defensor\u00eda de los Derechos del Ni\u00f1o, Ni\u00f1a y Adolescente que solicitaron un informe m\u00e9dico completo de la salud de la v\u00edctima y una evaluaci\u00f3n pericial.<\/p>\n\n\n\n<p><strong><mark style=\"background-color:rgba(0, 0, 0, 0)\" class=\"has-inline-color has-vivid-red-color\">Otros casos resonantes<\/mark><\/strong><\/p>\n\n\n\n<p>El suceso recuerda a otros ocurridos durante este verano en distintas partes del pa\u00eds. En primer lugar, el caso de un ni\u00f1o que hab\u00eda quedado atrapado en el interior de un veh\u00edculo en el garaje de una vivienda en la localidad juje\u00f1a de San Pedro el 17 de enero.<\/p>\n\n\n\n<p>Esa ma\u00f1ana, los vecinos alertaron el hecho a la polic\u00eda provincial pero termin\u00f3 acudiendo al lugar el personal de bomberos.&nbsp;A trav\u00e9s de distintas maniobras, los efectivos lograron abrir la puerta del auto y rescatar al ni\u00f1o, haciendo posteriormente entrega del menor a sus padres.<\/p>\n\n\n\n<p>Por otro lado, resuena el caso de un padre que dej\u00f3 a su hijo dentro del auto y este accidentalmente sac\u00f3 el freno de mano lo que hizo que el auto se deslizara y cayera a un barranco.<\/p>\n\n\n\n<p>El evento tuvo lugar el&nbsp;13 de febrero en la Ruta Nacional 40 a la altura del Villicum, en la provincia de San Juan. El padre, en compa\u00f1\u00eda de otro hombre, dijo a la polic\u00eda que estaban juntando cartones y por eso dejaron a la criatura de dos a\u00f1os en el interior del rodado. Cuando vio que el auto comenz\u00f3 a moverse, el padre se meti\u00f3 por la ventanilla para rescatarlo, pero ambos quedaron atrapados adentro y el auto cay\u00f3 desde 15 metros de altura.&nbsp;<\/p>\n\n\n\n<p class=\"has-text-align-right\"><strong><em>pagina12.com.ar.-<\/em><\/strong><\/p>\n","protected":false},"excerpt":{"rendered":"<p>Los investigadores encontraron moretones en el cuerpo del menor, por lo que se intenta determinar si era v\u00edcitma de violencia familiar.<\/p>\n","protected":false},"author":3,"featured_media":50579,"comment_status":"open","ping_status":"open","sticky":false,"template":"","format":"standard","meta":{"jnews-multi-image_gallery":[],"jnews_single_post":{"subtitle":"","format":"standard","video":"","gallery":"","source_name":"","source_url":"","via_name":"","via_url":"","override_template":"0","override":[{"template":"4","single_blog_custom":"","parallax":"1","fullscreen":"1","layout":"right-sidebar","sidebar":"default-sidebar","second_sidebar":"default-sidebar","sticky_sidebar":"1","share_position":"top","share_float_style":"share-monocrhome","show_share_counter":"1","show_view_counter":"1","show_featured":"1","show_post_meta":"1","show_post_author":"1","show_post_author_image":"1","show_post_date":"1","post_date_format":"default","post_date_format_custom":"Y\/m\/d","show_post_category":"1","show_post_reading_time":"1","post_reading_time_wpm":"300","show_zoom_button":"1","zoom_button_out_step":"2","zoom_button_in_step":"3","show_post_tag":"1","show_prev_next_post":"1","show_popup_post":"1","number_popup_post":"1","show_author_box":"1","show_post_related":"1","show_inline_post_related":"0"}],"override_image_size":"0","image_override":[{"single_post_thumbnail_size":"crop-500","single_post_gallery_size":"crop-500"}],"trending_post":"0","trending_post_position":"meta","trending_post_label":"Trending","sponsored_post":"0","sponsored_post_label":"Sponsored by","sponsored_post_name":"","sponsored_post_url":"","sponsored_post_logo_enable":"0","sponsored_post_logo":"","sponsored_post_desc":"","disable_ad":"0"},"jnews_primary_category":{"id":"","hide":""},"jnews_social_meta":{"fb_title":"","fb_description":"","fb_image":"","twitter_title":"","twitter_description":"","twitter_image":""},"jnews_review":[],"enable_review":"0","type":"percentage","name":"","summary":"","brand":"","sku":"","good":[{"good_text":""}],"bad":[{"bad_text":""}],"score_override":"","override_value":"","rating":[{"rating_text":"","rating_number":"10"}],"price":[{"shop":"","price":"","link":"","icon":""}],"jnews_override_counter":{"override_view_counter":"0","view_counter_number":"0","override_share_counter":"0","share_counter_number":"0","override_like_counter":"0","like_counter_number":"0","override_dislike_counter":"0","dislike_counter_number":"0"},"jnews_post_split":{"enable_post_split":"0","post_split":[{"template":"1","tag":"h2","numbering":"asc","mode":"normal","first":"0","enable_toc":"0","toc_type":"normal"}]},"footnotes":""},"categories":[58],"tags":[44,3361,8913,45,701,14118,14117],"class_list":["post-50578","post","type-post","status-publish","format-standard","has-post-thumbnail","hentry","category-argentina","tag-argentina","tag-auto","tag-neuquen-2","tag-noticias","tag-terapia-intensiva","tag-violencia-contra-ninos-y-ninas","tag-violencia-familiar"],"amp_enabled":true,"_links":{"self":[{"href":"https:\/\/esreviral.com\/index.php?rest_route=\/wp\/v2\/posts\/50578"}],"collection":[{"href":"https:\/\/esreviral.com\/index.php?rest_route=\/wp\/v2\/posts"}],"about":[{"href":"https:\/\/esreviral.com\/index.php?rest_route=\/wp\/v2\/types\/post"}],"author":[{"embeddable":true,"href":"https:\/\/esreviral.com\/index.php?rest_route=\/wp\/v2\/users\/3"}],"replies":[{"embeddable":true,"href":"https:\/\/esreviral.com\/index.php?rest_route=%2Fwp%2Fv2%2Fcomments&post=50578"}],"version-history":[{"count":0,"href":"https:\/\/esreviral.com\/index.php?rest_route=\/wp\/v2\/posts\/50578\/revisions"}],"wp:featuredmedia":[{"embeddable":true,"href":"https:\/\/esreviral.com\/index.php?rest_route=\/wp\/v2\/media\/50579"}],"wp:attachment":[{"href":"https:\/\/esreviral.com\/index.php?rest_route=%2Fwp%2Fv2%2Fmedia&parent=50578"}],"wp:term":[{"taxonomy":"category","embeddable":true,"href":"https:\/\/esreviral.com\/index.php?rest_route=%2Fwp%2Fv2%2Fcategories&post=50578"},{"taxonomy":"post_tag","embeddable":true,"href":"https:\/\/esreviral.com\/index.php?rest_route=%2Fwp%2Fv2%2Ftags&post=50578"}],"curies":[{"name":"wp","href":"https:\/\/api.w.org\/{rel}","templated":true}]}}