{"id":50365,"date":"2024-03-11T07:13:29","date_gmt":"2024-03-11T12:13:29","guid":{"rendered":"https:\/\/esreviral.com\/?p=50365"},"modified":"2024-03-11T07:13:29","modified_gmt":"2024-03-11T12:13:29","slug":"maluma-es-papa-compartio-su-primera-foto-con-su-hija-paris","status":"publish","type":"post","link":"https:\/\/esreviral.com\/?p=50365","title":{"rendered":"\u00a1Maluma es Pap\u00e1! Comparti\u00f3 su Primera Foto con su Hija Paris"},"content":{"rendered":"\n<p>El pasado viernes, 8 de marzo,\u00a0<strong>Maluma dio a conocer que ya todo estaba listo para la llegada de su hija Par\u00eds<\/strong>, por medio de sus redes sociales comparti\u00f3 im\u00e1genes de la habitaci\u00f3n de su beb\u00e9 y agreg\u00f3 que est\u00e1 a pocos d\u00edas de conocer a uno de sus m\u00e1s grandes amores.<\/p>\n\n\n\n<p>Hace pocos minutos, el programa de entretenimiento mexicano El gordo y la flaca de Univisi\u00f3n comparti\u00f3 que la primog\u00e9nita de Maluma y Susana G\u00f3mez naci\u00f3 este 9 de marzo en Medell\u00edn.<\/p>\n\n\n\n<p>Hasta el momento, ni el cantante, ni su pareja, tampoco ninguno de sus familiares ha confirmado la noticia. De igual forma, la periodista de entretenimiento, Tanya Charry, confirm\u00f3 la noticia por medio de sus redes sociales.<\/p>\n\n\n\n<p>En los \u00faltimos minutos, la \u2018Revista Poder\u2019 comparti\u00f3 en exclusiva por medio de sus redes sociales la primera fotograf\u00eda de Par\u00eds, junto a su padre.\u00a0<strong>\u201c\u00a1Maluma ya es pap\u00e1! Este s\u00e1bado, en horas de la tarde, naci\u00f3 Par\u00eds<\/strong>, la hija del cantante paisa y su pareja, Susana G\u00f3mez\u201d, dijo el medio de comunicaci\u00f3n.<\/p>\n\n\n\n<blockquote class=\"twitter-tweet\"><p lang=\"es\" dir=\"ltr\"><a href=\"https:\/\/twitter.com\/hashtag\/ExclusivaPoder?src=hash&amp;ref_src=twsrc%5Etfw\">#ExclusivaPoder<\/a><br><br>\u00a1Maluma ya es pap\u00e1! <br><br>Este s\u00e1bado, en horas de la tarde naci\u00f3 Par\u00eds, la hija del cantante paisa y su pareja, Susana G\u00f3mez.<br><br>\u00a1Mucho \u00e9xito a Juan Luis en esta nueva etapa! \u2764\ufe0f <a href=\"https:\/\/t.co\/W9vykHYoPs\">pic.twitter.com\/W9vykHYoPs<\/a><\/p>&mdash; Revista PODER (@RevistaPODERcol) <a href=\"https:\/\/twitter.com\/RevistaPODERcol\/status\/1766629259735441570?ref_src=twsrc%5Etfw\">March 10, 2024<\/a><\/blockquote> <script async src=\"https:\/\/platform.twitter.com\/widgets.js\" charset=\"utf-8\"><\/script>\n\n\n\n<p>Semanas atr\u00e1s, en di\u00e1logo con Desconectados TV revel\u00f3 algunos detalles in\u00e9ditos del embarazo de su primera hija, asegurando que&nbsp;<strong>le gustar\u00eda que su hija naciera en Medell\u00edn<\/strong>, su ciudad natal y la de su pareja.<\/p>\n\n\n\n<p>Maluma dio detalles sobre el tiempo de embarazo y c\u00f3mo ha vivido esos momentos, reflexion\u00f3 sobre lo que significa esta nueva etapa para \u00e9l: \u00abCuando uno empieza a ver la barriguita uno no lo asimila tanto.\u00a0Cuando uno ve que la barriga crece, que se empieza a mover, se hace una realidad. Es una ch*mba de experiencia, lo m\u00e1s ch*mba que he vivido en la vida\u00bb.<\/p>\n\n\n\n<figure class=\"wp-block-image size-full\"><img fetchpriority=\"high\" decoding=\"async\" width=\"935\" height=\"541\" src=\"https:\/\/esreviral.com\/wp-content\/uploads\/2024\/03\/AnyConv.com__imagen_2024-03-10_124441518.webp\" alt=\"\" class=\"wp-image-50366\" srcset=\"https:\/\/esreviral.com\/wp-content\/uploads\/2024\/03\/AnyConv.com__imagen_2024-03-10_124441518.webp 935w, https:\/\/esreviral.com\/wp-content\/uploads\/2024\/03\/AnyConv.com__imagen_2024-03-10_124441518-300x174.webp 300w, https:\/\/esreviral.com\/wp-content\/uploads\/2024\/03\/AnyConv.com__imagen_2024-03-10_124441518-768x444.webp 768w, https:\/\/esreviral.com\/wp-content\/uploads\/2024\/03\/AnyConv.com__imagen_2024-03-10_124441518-750x434.webp 750w\" sizes=\"(max-width: 935px) 100vw, 935px\" \/><\/figure>\n\n\n\n<p class=\"has-text-align-right\"><strong><em>ElNacional.-<\/em><\/strong><\/p>\n","protected":false},"excerpt":{"rendered":"<p>El programa de entretenimiento mexicano \u2018El gordo y la flaca\u2019 de Univisi\u00f3n comparti\u00f3 que la primog\u00e9nita de Maluma y Susana G\u00f3mez naci\u00f3 este 9 de marzo en Medell\u00edn<\/p>\n","protected":false},"author":3,"featured_media":50367,"comment_status":"open","ping_status":"open","sticky":false,"template":"","format":"standard","meta":{"jnews-multi-image_gallery":[],"jnews_single_post":{"subtitle":"","format":"standard","video":"","gallery":"","source_name":"","source_url":"","via_name":"","via_url":"","override_template":"0","override":[{"template":"4","single_blog_custom":"","parallax":"1","fullscreen":"1","layout":"right-sidebar","sidebar":"default-sidebar","second_sidebar":"default-sidebar","sticky_sidebar":"1","share_position":"top","share_float_style":"share-monocrhome","show_share_counter":"1","show_view_counter":"1","show_featured":"1","show_post_meta":"1","show_post_author":"1","show_post_author_image":"1","show_post_date":"1","post_date_format":"default","post_date_format_custom":"Y\/m\/d","show_post_category":"1","show_post_reading_time":"1","post_reading_time_wpm":"300","show_zoom_button":"1","zoom_button_out_step":"2","zoom_button_in_step":"3","show_post_tag":"1","show_prev_next_post":"1","show_popup_post":"1","number_popup_post":"1","show_author_box":"1","show_post_related":"1","show_inline_post_related":"0"}],"override_image_size":"0","image_override":[{"single_post_thumbnail_size":"crop-500","single_post_gallery_size":"crop-500"}],"trending_post":"0","trending_post_position":"meta","trending_post_label":"Trending","sponsored_post":"0","sponsored_post_label":"Sponsored by","sponsored_post_name":"","sponsored_post_url":"","sponsored_post_logo_enable":"0","sponsored_post_logo":"","sponsored_post_desc":"","disable_ad":"0"},"jnews_primary_category":{"id":"","hide":""},"jnews_social_meta":{"fb_title":"","fb_description":"","fb_image":"","twitter_title":"","twitter_description":"","twitter_image":""},"jnews_review":[],"enable_review":"0","type":"percentage","name":"","summary":"","brand":"","sku":"","good":[{"good_text":""}],"bad":[{"bad_text":""}],"score_override":"","override_value":"","rating":[{"rating_text":"","rating_number":"10"}],"price":[{"shop":"","price":"","link":"","icon":""}],"jnews_override_counter":{"override_view_counter":"0","view_counter_number":"0","override_share_counter":"0","share_counter_number":"0","override_like_counter":"0","like_counter_number":"0","override_dislike_counter":"0","dislike_counter_number":"0"},"jnews_post_split":{"enable_post_split":"0","post_split":[{"template":"1","tag":"h2","numbering":"asc","mode":"normal","first":"0","enable_toc":"0","toc_type":"normal"}]},"footnotes":""},"categories":[50],"tags":[14053,5733,7538,45,6262,14052],"class_list":["post-50365","post","type-post","status-publish","format-standard","has-post-thumbnail","hentry","category-entretenimiento","tag-hija-de-maluma","tag-maluma","tag-medellin","tag-noticias","tag-paris-2","tag-susana-gomez"],"_links":{"self":[{"href":"https:\/\/esreviral.com\/index.php?rest_route=\/wp\/v2\/posts\/50365","targetHints":{"allow":["GET"]}}],"collection":[{"href":"https:\/\/esreviral.com\/index.php?rest_route=\/wp\/v2\/posts"}],"about":[{"href":"https:\/\/esreviral.com\/index.php?rest_route=\/wp\/v2\/types\/post"}],"author":[{"embeddable":true,"href":"https:\/\/esreviral.com\/index.php?rest_route=\/wp\/v2\/users\/3"}],"replies":[{"embeddable":true,"href":"https:\/\/esreviral.com\/index.php?rest_route=%2Fwp%2Fv2%2Fcomments&post=50365"}],"version-history":[{"count":0,"href":"https:\/\/esreviral.com\/index.php?rest_route=\/wp\/v2\/posts\/50365\/revisions"}],"wp:featuredmedia":[{"embeddable":true,"href":"https:\/\/esreviral.com\/index.php?rest_route=\/wp\/v2\/media\/50367"}],"wp:attachment":[{"href":"https:\/\/esreviral.com\/index.php?rest_route=%2Fwp%2Fv2%2Fmedia&parent=50365"}],"wp:term":[{"taxonomy":"category","embeddable":true,"href":"https:\/\/esreviral.com\/index.php?rest_route=%2Fwp%2Fv2%2Fcategories&post=50365"},{"taxonomy":"post_tag","embeddable":true,"href":"https:\/\/esreviral.com\/index.php?rest_route=%2Fwp%2Fv2%2Ftags&post=50365"}],"curies":[{"name":"wp","href":"https:\/\/api.w.org\/{rel}","templated":true}]}}