{"id":50289,"date":"2024-03-08T11:59:25","date_gmt":"2024-03-08T16:59:25","guid":{"rendered":"https:\/\/esreviral.com\/?p=50289"},"modified":"2024-03-09T09:13:08","modified_gmt":"2024-03-09T14:13:08","slug":"el-kun-aguero-confirmo-que-espera-su-primera-hija-junto-a-su-esposa","status":"publish","type":"post","link":"https:\/\/esreviral.com\/?p=50289","title":{"rendered":"El Kun Ag\u00fcero confirm\u00f3 que espera su primera hija junto a su pareja"},"content":{"rendered":"\n<p>uego de\u00a0varios rumores en las \u00faltimas semanas,\u00a0<strong>Sergio \u201cKun\u201d Ag\u00fcero<\/strong>\u00a0y su novia,\u00a0<strong>Sof\u00eda Calzetti<\/strong>,<strong>\u00a0<\/strong>confirmaron que ser\u00e1n pap\u00e1s: esperan una nena. La feliz noticia la dieron a conocer ambos mediante un posteo compartido en Instagram.<\/p>\n\n\n\n<p><strong>\u201cEmoci\u00f3n inmensa. Te estamos esperando hijita\u201d<\/strong>, escribieron en la publicaci\u00f3n y acompa\u00f1aron el texto con una foto de la ecograf\u00eda, un ramo de flores blancas y de sus manos aferradas.<\/p>\n\n\n\n<figure class=\"wp-block-image size-large\"><img fetchpriority=\"high\" decoding=\"async\" width=\"627\" height=\"1024\" src=\"https:\/\/esreviral.com\/wp-content\/uploads\/2024\/03\/BYPWZKR7IZGQ3GMG64HKPS2NPE-627x1024.webp\" alt=\"\" class=\"wp-image-50291\" srcset=\"https:\/\/esreviral.com\/wp-content\/uploads\/2024\/03\/BYPWZKR7IZGQ3GMG64HKPS2NPE-627x1024.webp 627w, https:\/\/esreviral.com\/wp-content\/uploads\/2024\/03\/BYPWZKR7IZGQ3GMG64HKPS2NPE-184x300.webp 184w, https:\/\/esreviral.com\/wp-content\/uploads\/2024\/03\/BYPWZKR7IZGQ3GMG64HKPS2NPE-768x1254.webp 768w, https:\/\/esreviral.com\/wp-content\/uploads\/2024\/03\/BYPWZKR7IZGQ3GMG64HKPS2NPE-941x1536.webp 941w, https:\/\/esreviral.com\/wp-content\/uploads\/2024\/03\/BYPWZKR7IZGQ3GMG64HKPS2NPE-1254x2048.webp 1254w, https:\/\/esreviral.com\/wp-content\/uploads\/2024\/03\/BYPWZKR7IZGQ3GMG64HKPS2NPE-750x1224.webp 750w, https:\/\/esreviral.com\/wp-content\/uploads\/2024\/03\/BYPWZKR7IZGQ3GMG64HKPS2NPE-1140x1861.webp 1140w, https:\/\/esreviral.com\/wp-content\/uploads\/2024\/03\/BYPWZKR7IZGQ3GMG64HKPS2NPE.webp 1440w\" sizes=\"(max-width: 627px) 100vw, 627px\" \/><\/figure>\n\n\n\n<p>La pareja ya lleva m\u00e1s de cuatro a\u00f1os de noviazgo y si bien en 2023 atravesaron una fuerte crisis de pareja y estuvieron separados un tiempo,<strong>&nbsp;lograron sortear sus diferencias y ahora disfrutan a pleno de su relaci\u00f3n y de la beb\u00e9 en camino.<\/strong><\/p>\n\n\n\n<p><strong><mark style=\"background-color:rgba(0, 0, 0, 0)\" class=\"has-inline-color has-vivid-red-color\">Las reacciones de los usuarios ante la noticia del embarazo<\/mark><\/strong><\/p>\n\n\n\n<p>La noticia no pas\u00f3 desapercibida en Instagram, donde acumul\u00f3 m\u00e1s de 270 mil \u201cMe gusta\u201d y cientos de comentarios por parte de sus seguidores y sus seres queridos,\u00a0<strong>quienes aprovecharon para dejarle mensajes de cari\u00f1o<\/strong>. \u201cFelicidades para los dos\u201d, escribi\u00f3 Caro Calvagni, esposa de Nicol\u00e1s Tagliafico, mientras Camila Homs sum\u00f3:<strong>\u00a0\u201cLa foto m\u00e1s linda que vi el \u00faltimo tiempo. \u00a1Qu\u00e9 alegr\u00eda! Felicidades a los dos\u201d<\/strong>.<\/p>\n\n\n\n<p><strong>\u201cLos amo\u201d, \u201cEnhorabuena, gran pareja\u201d, \u201cFelicitaciones a los flamantes pap\u00e1s\u201d, \u201c\u00a1Explosi\u00f3n de felicidad! Los quiero\u201d<\/strong>, fueron otros de los mensajes que m\u00e1s se repitieron.<\/p>\n\n\n\n<p><strong><mark style=\"background-color:rgba(0, 0, 0, 0)\" class=\"has-inline-color has-vivid-red-color\">Qu\u00e9 dijo Sergio \u201cel Kun\u201d Ag\u00fcero de los rumores de embarazo<\/mark><\/strong><\/p>\n\n\n\n<p>D\u00edas atr\u00e1s, cuando comenzaron a sonar con fuerza los rumores de embarazo, el exdeportista, quien\u00a0ya es padre de<strong>\u00a0Benjam\u00edn, fruto de su relaci\u00f3n con Gianinna Maradona<\/strong>,\u00a0habl\u00f3 en LAM (<em>Am\u00e9rica TV<\/em>) del tema. \u201cCon Sof\u00eda estamos muy contentos y bueno en alg\u00fan momento, obviamente que s\u00ed,<strong>\u00a0tenemos muchas ganas, pero ser\u00e1 en el momento que tenga que ser<\/strong>\u201d, sostuvo.<\/p>\n\n\n\n<p>Las especulaciones comenzaron en el momento en el que exfutbolista lleg\u00f3 a la Argentina junto a su novia y en las redes sociales\u00a0<strong>aseguraban que se le notaba la panza de embarazada en las fotos que compartieron<\/strong>.<\/p>\n\n\n\n<p>En su caso, Sof\u00eda ser\u00e1 mam\u00e1 por primera vez, mientras que&nbsp;<strong>Sergio ya es padre de Benjam\u00edn, fruto de su relaci\u00f3n con Gianinna Maradona<\/strong>. Por lo que cont\u00f3 la modelo recientemente, mantiene un gran v\u00ednculo con el adolescente:<strong>&nbsp;\u201c<\/strong>Me llevo espectacular, yo lo adoro. Y con la mam\u00e1 tambi\u00e9n, la mejor siempre.<strong>&nbsp;Yo los considero familia, son casi cinco a\u00f1os que venimos compartiendo. El otro d\u00eda miraba fotos y lo ve\u00eda tan chico<\/strong>. Y s\u00ed, me sorprende el paso del tiempo, verlo crecer y jugar al f\u00fatbol\u201d.<\/p>\n\n\n\n<p class=\"has-text-align-right\"><strong><em>LA NACION.-<\/em><\/strong><\/p>\n","protected":false},"excerpt":{"rendered":"<p>El exfutbolista de la Selecci\u00f3n argentina y su novia comunicaron que esperan a su primera hija juntos.<\/p>\n","protected":false},"author":3,"featured_media":50290,"comment_status":"open","ping_status":"open","sticky":false,"template":"","format":"standard","meta":{"jnews-multi-image_gallery":[],"jnews_single_post":{"subtitle":"","format":"standard","video":"","gallery":"","source_name":"","source_url":"","via_name":"","via_url":"","override_template":"0","override":[{"template":"4","single_blog_custom":"","parallax":"1","fullscreen":"1","layout":"right-sidebar","sidebar":"default-sidebar","second_sidebar":"default-sidebar","sticky_sidebar":"1","share_position":"top","share_float_style":"share-monocrhome","show_share_counter":"1","show_view_counter":"1","show_featured":"1","show_post_meta":"1","show_post_author":"1","show_post_author_image":"1","show_post_date":"1","post_date_format":"default","post_date_format_custom":"Y\/m\/d","show_post_category":"1","show_post_reading_time":"1","post_reading_time_wpm":"300","show_zoom_button":"1","zoom_button_out_step":"2","zoom_button_in_step":"3","show_post_tag":"1","show_prev_next_post":"1","show_popup_post":"1","number_popup_post":"1","show_author_box":"1","show_post_related":"1","show_inline_post_related":"0"}],"override_image_size":"0","image_override":[{"single_post_thumbnail_size":"crop-500","single_post_gallery_size":"crop-500"}],"trending_post":"0","trending_post_position":"meta","trending_post_label":"Trending","sponsored_post":"0","sponsored_post_label":"Sponsored by","sponsored_post_name":"","sponsored_post_url":"","sponsored_post_logo_enable":"0","sponsored_post_logo":"","sponsored_post_desc":"","disable_ad":"0"},"jnews_primary_category":{"id":"","hide":""},"jnews_social_meta":{"fb_title":"","fb_description":"","fb_image":"","twitter_title":"","twitter_description":"","twitter_image":""},"jnews_review":[],"enable_review":"0","type":"percentage","name":"","summary":"","brand":"","sku":"","good":[{"good_text":""}],"bad":[{"bad_text":""}],"score_override":"","override_value":"","rating":[{"rating_text":"","rating_number":"10"}],"price":[{"shop":"","price":"","link":"","icon":""}],"jnews_override_counter":{"override_view_counter":"0","view_counter_number":"0","override_share_counter":"0","share_counter_number":"0","override_like_counter":"0","like_counter_number":"0","override_dislike_counter":"0","dislike_counter_number":"0"},"jnews_post_split":{"enable_post_split":"0","post_split":[{"template":"1","tag":"h2","numbering":"asc","mode":"normal","first":"0","enable_toc":"0","toc_type":"normal"}]},"footnotes":""},"categories":[48],"tags":[44,4002,45,14033,14034],"class_list":["post-50289","post","type-post","status-publish","format-standard","has-post-thumbnail","hentry","category-deportes","tag-argentina","tag-kun-aguero-2","tag-noticias","tag-sergio-aguero-2","tag-sofia-calzetti"],"amp_enabled":true,"_links":{"self":[{"href":"https:\/\/esreviral.com\/index.php?rest_route=\/wp\/v2\/posts\/50289"}],"collection":[{"href":"https:\/\/esreviral.com\/index.php?rest_route=\/wp\/v2\/posts"}],"about":[{"href":"https:\/\/esreviral.com\/index.php?rest_route=\/wp\/v2\/types\/post"}],"author":[{"embeddable":true,"href":"https:\/\/esreviral.com\/index.php?rest_route=\/wp\/v2\/users\/3"}],"replies":[{"embeddable":true,"href":"https:\/\/esreviral.com\/index.php?rest_route=%2Fwp%2Fv2%2Fcomments&post=50289"}],"version-history":[{"count":0,"href":"https:\/\/esreviral.com\/index.php?rest_route=\/wp\/v2\/posts\/50289\/revisions"}],"wp:featuredmedia":[{"embeddable":true,"href":"https:\/\/esreviral.com\/index.php?rest_route=\/wp\/v2\/media\/50290"}],"wp:attachment":[{"href":"https:\/\/esreviral.com\/index.php?rest_route=%2Fwp%2Fv2%2Fmedia&parent=50289"}],"wp:term":[{"taxonomy":"category","embeddable":true,"href":"https:\/\/esreviral.com\/index.php?rest_route=%2Fwp%2Fv2%2Fcategories&post=50289"},{"taxonomy":"post_tag","embeddable":true,"href":"https:\/\/esreviral.com\/index.php?rest_route=%2Fwp%2Fv2%2Ftags&post=50289"}],"curies":[{"name":"wp","href":"https:\/\/api.w.org\/{rel}","templated":true}]}}