{"id":50246,"date":"2024-03-07T18:37:26","date_gmt":"2024-03-07T23:37:26","guid":{"rendered":"https:\/\/esreviral.com\/?p=50246"},"modified":"2024-03-07T18:38:20","modified_gmt":"2024-03-07T23:38:20","slug":"detuvieron-a-un-psiquiatra-acusado-de-haber-mantenido-cautiva-a-su-exesposa-durante-un-ano","status":"publish","type":"post","link":"https:\/\/esreviral.com\/?p=50246","title":{"rendered":"Detuvieron a un psiquiatra acusado de haber mantenido cautiva a su exesposa durante un a\u00f1o"},"content":{"rendered":"\n<p>Un psiquiatra fue detenido en las \u00faltimas horas acusado de haber mantenido, durante un a\u00f1o,&nbsp;<strong>privada de su libertad a su esposa de 65 a\u00f1os<\/strong>. Este mi\u00e9rcoles a la noche la v\u00edctima&nbsp;<strong>fue rescatada<\/strong>&nbsp;y el hombre qued\u00f3 apresado.<\/p>\n\n\n\n<p>Seg\u00fan inform\u00f3 el Ministerio P\u00fablico Fiscal de la Ciudad de Buenos Aires, la se\u00f1ora estuvo<strong>&nbsp;postrada y en estado de abandono<\/strong>&nbsp;durante un a\u00f1o en una habitaci\u00f3n de una terraza. Estaba en muy<strong>&nbsp;malas condiciones de salud e higiene<\/strong>. Pudo ser rescatada gracias a que logr\u00f3 hacer una denuncia telef\u00f3nica.<\/p>\n\n\n\n<p>El impactante hecho se dio a conocer gracias a que la mujer logr\u00f3 llamar por tel\u00e9fono a la polic\u00eda, en un momento de descuido de su expareja, y cont\u00f3 que el hombre la maltrataba, aunque no dio detalles de su situaci\u00f3n.<\/p>\n\n\n\n<p>De esta manera, personal policial realiz\u00f3 un allanamiento en la vivienda de la calle Virrey Loreto, y constat\u00f3 que el hombre viv\u00eda en un sexto piso, mientras que<strong>&nbsp;la mujer estaba postrada en una habitaci\u00f3n anexa en la terraza, en p\u00e9simas condiciones ambientales e higi\u00e9nicas<\/strong>.<\/p>\n\n\n\n<p>Una de las agentes que particip\u00f3 del operativo cont\u00f3 al aire al medio informativo de<em> TN<\/em> que al llegar \u201c<strong>se encontraron con una persona en vulnerabilidad absoluta<\/strong>\u201d. \u201cEstaba en un lugar que no era propicio para vivir, no pod\u00eda levantarse al ba\u00f1o, estaba encerrada\u201d, indic\u00f3.<\/p>\n\n\n\n<p>Y detall\u00f3: \u201cEstaba ubicada en una especie de quincho que estaba en la terraza, es un lugar al que no ten\u00edan acceso los dem\u00e1s vecinos. El psiquiatra ten\u00eda el permiso para hacerle arreglos a ese quincho. Al \u00fanico que ve\u00eda era a su expareja\u201d.<\/p>\n\n\n\n<figure class=\"wp-block-image size-large\"><img fetchpriority=\"high\" decoding=\"async\" width=\"623\" height=\"1024\" src=\"https:\/\/esreviral.com\/wp-content\/uploads\/2024\/03\/HPM7BFXV7BBQXP6BTWQK6TNFKI-623x1024.webp\" alt=\"\" class=\"wp-image-50248\" srcset=\"https:\/\/esreviral.com\/wp-content\/uploads\/2024\/03\/HPM7BFXV7BBQXP6BTWQK6TNFKI-623x1024.webp 623w, https:\/\/esreviral.com\/wp-content\/uploads\/2024\/03\/HPM7BFXV7BBQXP6BTWQK6TNFKI-183x300.webp 183w, https:\/\/esreviral.com\/wp-content\/uploads\/2024\/03\/HPM7BFXV7BBQXP6BTWQK6TNFKI-768x1261.webp 768w, https:\/\/esreviral.com\/wp-content\/uploads\/2024\/03\/HPM7BFXV7BBQXP6BTWQK6TNFKI-935x1536.webp 935w, https:\/\/esreviral.com\/wp-content\/uploads\/2024\/03\/HPM7BFXV7BBQXP6BTWQK6TNFKI-1247x2048.webp 1247w, https:\/\/esreviral.com\/wp-content\/uploads\/2024\/03\/HPM7BFXV7BBQXP6BTWQK6TNFKI-750x1232.webp 750w, https:\/\/esreviral.com\/wp-content\/uploads\/2024\/03\/HPM7BFXV7BBQXP6BTWQK6TNFKI-1140x1872.webp 1140w, https:\/\/esreviral.com\/wp-content\/uploads\/2024\/03\/HPM7BFXV7BBQXP6BTWQK6TNFKI.webp 1440w\" sizes=\"(max-width: 623px) 100vw, 623px\" \/><\/figure>\n\n\n\n<p>En medio del operativo, el hombre les brind\u00f3 a los agentes la llave para abrir el cuarto en donde se encontraba la mujer y as\u00ed pudieron rescatarla. Inmediatamente, una trabajadora social la entrevist\u00f3 para enviar un informe sobre su estado psicol\u00f3gico al SAME Psiqui\u00e1trico. Luego, junto a los Bomberos de la Ciudad, trabajaron para trasladarla al Hospital Pirovano, donde&nbsp;<strong>qued\u00f3 internada transitoriamente, a la espera de una definici\u00f3n sobre su derivaci\u00f3n a una instituci\u00f3n de salud mental<\/strong>.<\/p>\n\n\n\n<p>En cuanto al psiquiatra, seg\u00fan informaron fuentes policiales, fue&nbsp;<strong>detenido con arresto domiciliario por abandono de persona<\/strong>, adem\u00e1s del delito de tenencia ileg\u00edtima de armas de fuego, ya que durante el allanamiento pudieron secuestrar tres armas y varios medicamentos, los cuales le suministraba a su esposa.<\/p>\n\n\n\n<p>En este marco, los vecinos confirmaron que el hombre, aparentemente, segu\u00eda atendiendo normalmente a sus pacientes en el departamento, ya que \u201cse ve\u00eda entrar y salir gente a menudo\u201d.<\/p>\n\n\n\n<figure class=\"wp-block-image size-large\"><img decoding=\"async\" width=\"768\" height=\"1024\" src=\"https:\/\/esreviral.com\/wp-content\/uploads\/2024\/03\/ME2YLGCZZNGYHC4XJVRL7EYB3Y-768x1024.webp\" alt=\"\" class=\"wp-image-50249\" srcset=\"https:\/\/esreviral.com\/wp-content\/uploads\/2024\/03\/ME2YLGCZZNGYHC4XJVRL7EYB3Y-768x1024.webp 768w, https:\/\/esreviral.com\/wp-content\/uploads\/2024\/03\/ME2YLGCZZNGYHC4XJVRL7EYB3Y-225x300.webp 225w, https:\/\/esreviral.com\/wp-content\/uploads\/2024\/03\/ME2YLGCZZNGYHC4XJVRL7EYB3Y-1152x1536.webp 1152w, https:\/\/esreviral.com\/wp-content\/uploads\/2024\/03\/ME2YLGCZZNGYHC4XJVRL7EYB3Y-750x1000.webp 750w, https:\/\/esreviral.com\/wp-content\/uploads\/2024\/03\/ME2YLGCZZNGYHC4XJVRL7EYB3Y-1140x1520.webp 1140w, https:\/\/esreviral.com\/wp-content\/uploads\/2024\/03\/ME2YLGCZZNGYHC4XJVRL7EYB3Y.webp 1440w\" sizes=\"(max-width: 768px) 100vw, 768px\" \/><\/figure>\n\n\n\n<p>El caso, a cargo del el fiscal Juan Cruz Artico,<strong>&nbsp;contin\u00faa en investigaci\u00f3n&nbsp;<\/strong>y se espera una mejora en el estado de salud de la mujer para que pueda prestar declaraci\u00f3n.<\/p>\n\n\n\n<p class=\"has-text-align-right\"><strong><em>TN.-<\/em><\/strong><\/p>\n","protected":false},"excerpt":{"rendered":"<p>Seg\u00fan indicaron desde el Ministerio P\u00fablico Fiscal de la Ciudad de Buenos Aires, la mujer se encontraba en p\u00e9simas condiciones de salud e higiene. Pudo hacer la denuncia por tel\u00e9fono y gracias a eso fue rescatada.<\/p>\n","protected":false},"author":3,"featured_media":50247,"comment_status":"open","ping_status":"open","sticky":false,"template":"","format":"standard","meta":{"jnews-multi-image_gallery":[],"jnews_single_post":{"subtitle":"","format":"standard","video":"","gallery":"","source_name":"","source_url":"","via_name":"","via_url":"","override_template":"0","override":[{"template":"4","single_blog_custom":"","parallax":"1","fullscreen":"1","layout":"right-sidebar","sidebar":"default-sidebar","second_sidebar":"default-sidebar","sticky_sidebar":"1","share_position":"top","share_float_style":"share-monocrhome","show_share_counter":"1","show_view_counter":"1","show_featured":"1","show_post_meta":"1","show_post_author":"1","show_post_author_image":"1","show_post_date":"1","post_date_format":"default","post_date_format_custom":"Y\/m\/d","show_post_category":"1","show_post_reading_time":"1","post_reading_time_wpm":"300","show_zoom_button":"1","zoom_button_out_step":"2","zoom_button_in_step":"3","show_post_tag":"1","show_prev_next_post":"1","show_popup_post":"1","number_popup_post":"1","show_author_box":"1","show_post_related":"1","show_inline_post_related":"0"}],"override_image_size":"0","image_override":[{"single_post_thumbnail_size":"crop-500","single_post_gallery_size":"crop-500"}],"trending_post":"0","trending_post_position":"meta","trending_post_label":"Trending","sponsored_post":"0","sponsored_post_label":"Sponsored by","sponsored_post_name":"","sponsored_post_url":"","sponsored_post_logo_enable":"0","sponsored_post_logo":"","sponsored_post_desc":"","disable_ad":"0"},"jnews_primary_category":{"id":"","hide":""},"jnews_social_meta":{"fb_title":"","fb_description":"","fb_image":"","twitter_title":"","twitter_description":"","twitter_image":""},"jnews_review":[],"enable_review":"0","type":"percentage","name":"","summary":"","brand":"","sku":"","good":[{"good_text":""}],"bad":[{"bad_text":""}],"score_override":"","override_value":"","rating":[{"rating_text":"","rating_number":"10"}],"price":[{"shop":"","price":"","link":"","icon":""}],"jnews_override_counter":{"override_view_counter":"0","view_counter_number":"0","override_share_counter":"0","share_counter_number":"0","override_like_counter":"0","like_counter_number":"0","override_dislike_counter":"0","dislike_counter_number":"0"},"jnews_post_split":{"enable_post_split":"0","post_split":[{"template":"1","tag":"h2","numbering":"asc","mode":"normal","first":"0","enable_toc":"0","toc_type":"normal"}]},"footnotes":""},"categories":[58,64],"tags":[44,278,894,45,596],"class_list":["post-50246","post","type-post","status-publish","format-standard","has-post-thumbnail","hentry","category-argentina","category-sucesos","tag-argentina","tag-belgrano","tag-ciudad-de-buenos-aires","tag-noticias","tag-secuestro"],"_links":{"self":[{"href":"https:\/\/esreviral.com\/index.php?rest_route=\/wp\/v2\/posts\/50246","targetHints":{"allow":["GET"]}}],"collection":[{"href":"https:\/\/esreviral.com\/index.php?rest_route=\/wp\/v2\/posts"}],"about":[{"href":"https:\/\/esreviral.com\/index.php?rest_route=\/wp\/v2\/types\/post"}],"author":[{"embeddable":true,"href":"https:\/\/esreviral.com\/index.php?rest_route=\/wp\/v2\/users\/3"}],"replies":[{"embeddable":true,"href":"https:\/\/esreviral.com\/index.php?rest_route=%2Fwp%2Fv2%2Fcomments&post=50246"}],"version-history":[{"count":0,"href":"https:\/\/esreviral.com\/index.php?rest_route=\/wp\/v2\/posts\/50246\/revisions"}],"wp:featuredmedia":[{"embeddable":true,"href":"https:\/\/esreviral.com\/index.php?rest_route=\/wp\/v2\/media\/50247"}],"wp:attachment":[{"href":"https:\/\/esreviral.com\/index.php?rest_route=%2Fwp%2Fv2%2Fmedia&parent=50246"}],"wp:term":[{"taxonomy":"category","embeddable":true,"href":"https:\/\/esreviral.com\/index.php?rest_route=%2Fwp%2Fv2%2Fcategories&post=50246"},{"taxonomy":"post_tag","embeddable":true,"href":"https:\/\/esreviral.com\/index.php?rest_route=%2Fwp%2Fv2%2Ftags&post=50246"}],"curies":[{"name":"wp","href":"https:\/\/api.w.org\/{rel}","templated":true}]}}